{"id":24365,"date":"2025-11-07T23:37:38","date_gmt":"2025-11-07T22:37:38","guid":{"rendered":"https:\/\/wncri.org\/fr\/?p=24365"},"modified":"2025-11-07T23:37:39","modified_gmt":"2025-11-07T22:37:39","slug":"prison-de-qarchak-mort-de-prisonnieres","status":"publish","type":"post","link":"https:\/\/wncri.org\/fr\/2025\/11\/07\/prison-de-qarchak-mort-de-prisonnieres\/","title":{"rendered":"Prison de Qarchak : mort de prisonni\u00e8res et crise humanitaire sous l\u2019ombre de la corruption"},"content":{"rendered":"\n<h4 class=\"wp-block-heading\">Des rapports de terrain et des t\u00e9moignages provenant de l\u2019int\u00e9rieur de la prison de Qarchak, \u00e0 <a href=\"https:\/\/fr.wikipedia.org\/wiki\/Varamin\" target=\"_blank\" rel=\"noreferrer noopener\">Varamin<\/a>, dressent un tableau accablant des morts de d\u00e9tenues, survenues dans un contexte de n\u00e9gligence m\u00e9dicale, de corruption syst\u00e9mique et d\u2019absence totale de contr\u00f4le.<\/h4>\n\n\n\n<p>Depuis longtemps consid\u00e9r\u00e9e comme un symbole de d\u00e9sastre humanitaire au sein du syst\u00e8me carc\u00e9ral du r\u00e9gime des mollahs, la <a href=\"https:\/\/wncri.org\/fr\/2025\/07\/14\/crise-humanitaire-a-la-prison-de-qarchak\/\" target=\"_blank\" rel=\"noreferrer noopener\">prison de Qarchak<\/a> est devenue un lieu o\u00f9 la vie et la dignit\u00e9 de centaines de femmes sont lentement d\u00e9truites.<\/p>\n\n\n\n<p>Selon des informations cr\u00e9dibles, Qarchak ne respecte aucune norme m\u00e9dicale ou sanitaire \u00e9l\u00e9mentaire. Sa gestion est profond\u00e9ment marqu\u00e9e par la corruption, le favoritisme familial et la discrimination.<\/p>\n\n\n\n<p>Il n\u2019existe aucun dossier m\u00e9dical officiel pour les d\u00e9tenues malades, et l\u2019infirmerie manque de m\u00e9dicaments essentiels comme de soins ad\u00e9quats, un facteur qui a acc\u00e9l\u00e9r\u00e9 les d\u00e9c\u00e8s de prisonni\u00e8res.<\/p>\n\n\n\n<h3 class=\"wp-block-heading\"><strong>La mort de Somayeh Rashidi : symbole de l\u2019effondrement institutionnel et moral<\/strong><\/h3>\n\n\n\n<p>Parmi les cas les plus tragiques figure celui de <a href=\"https:\/\/wncri.org\/fr\/2025\/09\/25\/prisonniere-politique-somayeh-rashidi\/\" target=\"_blank\" rel=\"noreferrer noopener\">Somayeh Rashidi<\/a>, prisonni\u00e8re politique d\u00e9c\u00e9d\u00e9e \u00e0 la suite d\u2019une gr\u00e8ve de la faim pour protester contre les conditions inhumaines de d\u00e9tention.<\/p>\n\n\n\n<p>Malgr\u00e9 ses demandes r\u00e9p\u00e9t\u00e9es de soins m\u00e9dicaux, elle a \u00e9t\u00e9 priv\u00e9e de transfert \u00e0 l\u2019h\u00f4pital et n\u2019a re\u00e7u aucun traitement de base.<\/p>\n\n\n\n<p>Son corps a \u00e9t\u00e9 rendu \u00e0 sa famille sans explication officielle ni enqu\u00eate transparente, incarnant la cruaut\u00e9 et la d\u00e9ch\u00e9ance morale de l\u2019administration carc\u00e9rale.<\/p>\n\n\n<div class=\"wp-block-image\">\n<figure class=\"aligncenter size-full\"><img decoding=\"async\" src=\"data:image\/gif;base64,R0lGODlhAQABAIAAAAAAAP\/\/\/yH5BAEAAAAALAAAAAABAAEAAAIBRAA7\" data-src=\"https:\/\/wncri.org\/fr\/wp-content\/uploads\/2025\/09\/Monthly-September-2025-Somayeh-min.jpg\" alt=\"Tous les 5 jours, une femme est ex\u00e9cut\u00e9e en Iran\" class=\"wp-image-23949 lazyload\"\/><noscript><img decoding=\"async\" width=\"750\" height=\"350\" src=\"https:\/\/wncri.org\/fr\/wp-content\/uploads\/2025\/09\/Monthly-September-2025-Somayeh-min.jpg\" alt=\"Tous les 5 jours, une femme est ex\u00e9cut\u00e9e en Iran\" class=\"wp-image-23949 lazyload\" srcset=\"https:\/\/wncri.org\/fr\/wp-content\/uploads\/2025\/09\/Monthly-September-2025-Somayeh-min.jpg 750w, https:\/\/wncri.org\/fr\/wp-content\/uploads\/2025\/09\/Monthly-September-2025-Somayeh-min-300x140.jpg 300w\" sizes=\"(max-width: 750px) 100vw, 750px\" \/><\/noscript><\/figure>\n<\/div>\n\n\n<h3 class=\"wp-block-heading\"><strong>Au moins 23 d\u00e9c\u00e8s en un an : secret total, impunit\u00e9 absolue<\/strong><\/h3>\n\n\n\n<p>Des sources internes rapportent qu\u2019au moins 23 <a href=\"https:\/\/wncri.org\/fr\/2025\/09\/26\/soudabeh-asadi-meurt-soins-medicaux\/\" target=\"_blank\" rel=\"noreferrer noopener\">femmes sont mortes<\/a> \u00e0 Qarchak depuis mi-mars 2025, sans qu\u2019aucun nom ni cause de d\u00e9c\u00e8s ne figure dans les rapports officiels.<\/p>\n\n\n\n<p>La plupart de ces morts \u00e9taient \u00e9vitables, dues \u00e0 des maladies facilement traitables.<\/p>\n\n\n\n<p>M\u00eame la convocation symbolique du chef du service m\u00e9dical, un certain Habibian, n\u2019a entra\u00een\u00e9 aucun changement dans la situation catastrophique de la prison.<\/p>\n\n\n\n<h3 class=\"wp-block-heading\"><strong>Le droit \u00e0 la vie instrumentalis\u00e9 : abus judiciaire et privation de soins<\/strong><\/h3>\n\n\n\n<p>Plusieurs d\u00e9tenues souffrent de maladies graves, comme un cancer ovarien bilat\u00e9ral ou une endom\u00e9triose, n\u00e9cessitant un traitement hospitalier urgent.<\/p>\n\n\n\n<p>Pourtant, le juge Shouli, magistrat superviseur de la prison, bloque d\u00e9lib\u00e9r\u00e9ment les autorisations m\u00e9dicales, exigeant des cautions jusqu\u2019\u00e0 dix fois sup\u00e9rieures au montant l\u00e9gal.<\/p>\n\n\n\n<p>Cette pratique illustre un abus de pouvoir judiciaire, transformant le droit \u00e0 la vie en un instrument d\u2019extorsion financi\u00e8re et de torture psychologique.<\/p>\n\n\n\n<p>Une d\u00e9tenue a t\u00e9moign\u00e9 :<\/p>\n\n\n\n<p>\u00ab \u00c0 Qarchak, la vie a un prix. Si tu paies, tu vis. Sinon, ce n\u2019est qu\u2019une question de temps avant que tu meures. \u00bb<\/p>\n\n\n\n<h3 class=\"wp-block-heading\"><strong>Corruption structurelle et r\u00e9seaux familiaux de pouvoir<\/strong><\/h3>\n\n\n\n<p>Les enqu\u00eates montrent que la corruption administrative \u00e0 Qarchak repose sur un syst\u00e8me de client\u00e9lisme familial.<\/p>\n\n\n\n<p>Ainsi, Akrami (Allahqoli), adjointe \u00e0 la sant\u00e9, est la s\u0153ur d\u2019un ancien chef de quartier, tandis que les commissariats internes sont g\u00e9r\u00e9s par des proches de responsables sup\u00e9rieurs.<\/p>\n\n\n\n<p>Ces commerces vendent des produits de mauvaise qualit\u00e9 \u00e0 des prix exorbitants aux d\u00e9tenues.<\/p>\n\n\n\n<p>L\u2019\u00e9pouse de Tehrani, chef de la s\u00e9curit\u00e9 de la prison fait, elle aussi partie de ces r\u00e9seaux \u00e9conomiques internes, rendant toute transparence et responsabilit\u00e9 impossibles.<\/p>\n\n\n\n<h3 class=\"wp-block-heading\"><strong>R\u00e9pression de la contestation et d\u00e9sastre sanitaire<\/strong><\/h3>\n\n\n\n<p>Toute protestation contre les conditions carc\u00e9rales est r\u00e9prim\u00e9e par des menaces, insultes ou violences physiques. Les prisonni\u00e8res affirment que la gr\u00e8ve de la faim est le seul moyen de protestation qui leur reste.<\/p>\n\n\n\n<p>Les conditions sanitaires sont catastrophiques :<\/p>\n\n\n\n<p>Eau potable contamin\u00e9e<\/p>\n\n\n\n<p>\u00c9gouts des blocs 4 \u00e0 10 reli\u00e9s \u00e0 un seul puits, d\u00e9bordant dans la cour de promenade<\/p>\n\n\n\n<p>Air irrespirable, provoquant maux de t\u00eate, naus\u00e9es, troubles respiratoires et maladies chroniques<\/p>\n\n\n\n<h3 class=\"wp-block-heading\"><strong>Violations juridiques : femmes d\u00e9tenues ill\u00e9galement malgr\u00e9 leur \u00e9ligibilit\u00e9 \u00e0 la lib\u00e9ration<\/strong><\/h3>\n\n\n\n<p>Des centaines de femmes \u00e9ligibles \u00e0 la lib\u00e9ration conditionnelle ou au bracelet \u00e9lectronique restent ill\u00e9galement d\u00e9tenues.<\/p>\n\n\n\n<p>Le colonel Kolivand, adjoint judiciaire de la prison, bloque syst\u00e9matiquement ces proc\u00e9dures.<\/p>\n\n\n\n<h3 class=\"wp-block-heading\"><strong>Appel urgent \u00e0 une action internationale<\/strong><\/h3>\n\n\n\n<p>Aujourd\u2019hui, la prison de Qarchak incarne le g\u00e9nocide silencieux des prisonni\u00e8res en Iran.<\/p>\n\n\n\n<p>Les morts dissimul\u00e9es, la corruption administrative, la n\u00e9gligence m\u00e9dicale et la r\u00e9pression syst\u00e9matique t\u00e9moignent d\u2019une crise humanitaire majeure.<\/p>\n\n\n\n<p>La Commission des Femmes du CNRI appelle \u00e0 une intervention internationale imm\u00e9diate, incluant l\u2019envoi de d\u00e9l\u00e9gations ind\u00e9pendantes de d\u00e9fense des droits humains et la poursuite des responsables de ces crimes.<\/p>\n","protected":false},"excerpt":{"rendered":"<p>Des rapports de terrain et des t\u00e9moignages provenant de l\u2019int\u00e9rieur de la prison de Qarchak, \u00e0 Varamin, dressent un tableau accablant des morts de d\u00e9tenues, survenues dans un contexte de n\u00e9gligence m\u00e9dicale, de corruption syst\u00e9mique et d\u2019absence totale de contr\u00f4le. Depuis longtemps consid\u00e9r\u00e9e comme un symbole de d\u00e9sastre humanitaire au sein du syst\u00e8me carc\u00e9ral du [&hellip;]<\/p>\n","protected":false},"author":4,"featured_media":23932,"comment_status":"closed","ping_status":"closed","sticky":false,"template":"","format":"standard","meta":{"jnews-multi-image_gallery":[],"jnews_single_post":{"format":"standard"},"jnews_primary_category":[],"jnews_social_meta":[],"jnews_override_counter":[],"footnotes":""},"categories":[3],"tags":[370],"class_list":["post-24365","post","type-post","status-publish","format-standard","has-post-thumbnail","hentry","category-infos-des-femmes","tag-prisonnieres"],"_links":{"self":[{"href":"https:\/\/wncri.org\/fr\/wp-json\/wp\/v2\/posts\/24365","targetHints":{"allow":["GET"]}}],"collection":[{"href":"https:\/\/wncri.org\/fr\/wp-json\/wp\/v2\/posts"}],"about":[{"href":"https:\/\/wncri.org\/fr\/wp-json\/wp\/v2\/types\/post"}],"author":[{"embeddable":true,"href":"https:\/\/wncri.org\/fr\/wp-json\/wp\/v2\/users\/4"}],"replies":[{"embeddable":true,"href":"https:\/\/wncri.org\/fr\/wp-json\/wp\/v2\/comments?post=24365"}],"version-history":[{"count":1,"href":"https:\/\/wncri.org\/fr\/wp-json\/wp\/v2\/posts\/24365\/revisions"}],"predecessor-version":[{"id":24366,"href":"https:\/\/wncri.org\/fr\/wp-json\/wp\/v2\/posts\/24365\/revisions\/24366"}],"wp:featuredmedia":[{"embeddable":true,"href":"https:\/\/wncri.org\/fr\/wp-json\/wp\/v2\/media\/23932"}],"wp:attachment":[{"href":"https:\/\/wncri.org\/fr\/wp-json\/wp\/v2\/media?parent=24365"}],"wp:term":[{"taxonomy":"category","embeddable":true,"href":"https:\/\/wncri.org\/fr\/wp-json\/wp\/v2\/categories?post=24365"},{"taxonomy":"post_tag","embeddable":true,"href":"https:\/\/wncri.org\/fr\/wp-json\/wp\/v2\/tags?post=24365"}],"curies":[{"name":"wp","href":"https:\/\/api.w.org\/{rel}","templated":true}]}}