{"id":24328,"date":"2025-11-05T21:13:25","date_gmt":"2025-11-05T20:13:25","guid":{"rendered":"https:\/\/wncri.org\/fr\/?p=24328"},"modified":"2025-11-05T21:13:26","modified_gmt":"2025-11-05T20:13:26","slug":"ayda-najaflou-convertie-au-christianisme-2","status":"publish","type":"post","link":"https:\/\/wncri.org\/fr\/2025\/11\/05\/ayda-najaflou-convertie-au-christianisme-2\/","title":{"rendered":"Ayda Najaflou : convertie au christianisme priv\u00e9 de soins \u00e0 la prison d\u2019Evin"},"content":{"rendered":"\n<h4 class=\"wp-block-heading\">Ayda Najaflou, <a href=\"https:\/\/wncri.org\/fr\/2025\/05\/22\/ayda-najaflou-convertie-chretienne\/\" target=\"_blank\" rel=\"noreferrer noopener\">prisonni\u00e8re d\u2019opinion et convertie au christianisme<\/a> d\u00e9tenue \u00e0 la prison d\u2019Evin \u00e0 T\u00e9h\u00e9ran, se voit refuser tout traitement m\u00e9dical essentiel apr\u00e8s avoir subi une fracture vert\u00e9brale \u00e0 la suite d\u2019une chute de son lit superpos\u00e9.<\/h4>\n\n\n\n<p>Les autorit\u00e9s p\u00e9nitentiaires l\u2019ont renvoy\u00e9e dans la section des femmes sans soins m\u00e9dicaux appropri\u00e9s, violant ainsi de mani\u00e8re flagrante les obligations internationales du r\u00e9gime iranien concernant le traitement humain des d\u00e9tenus.<\/p>\n\n\n\n<p>Le dimanche 2 novembre 2025, Ayda Najaflou a fait une chute depuis le lit sup\u00e9rieur, entra\u00eenant une fracture de la vert\u00e8bre T12. Elle a \u00e9t\u00e9 transf\u00e9r\u00e9e \u00e0 l\u2019h\u00f4pital Taleghani, o\u00f9 la fracture a \u00e9t\u00e9 confirm\u00e9e, puis renvoy\u00e9e en prison sans traitement et incapable de se d\u00e9placer.<\/p>\n\n\n\n<p>\u00c0 la suite des protestations des cod\u00e9tenues, les autorit\u00e9s ont \u00e9t\u00e9 contraintes de la transf\u00e9rer \u00e0 l\u2019h\u00f4pital des Martyrs de Tajrish. Cependant, le traitement n\u00e9cessaire reste retard\u00e9.<\/p>\n\n\n\n<p>Apr\u00e8s examen de l\u2019IRM, les m\u00e9decins de l\u2019h\u00f4pital de Tajrish ont estim\u00e9 qu\u2019une intervention chirurgicale urgente et une physioth\u00e9rapie continue \u00e9taient indispensables pour \u00e9viter une paralysie. Malgr\u00e9 ces avertissements m\u00e9dicaux, les responsables de la prison d\u2019Evin ont refus\u00e9 son hospitalisation et l\u2019ont de nouveau renvoy\u00e9e dans la section des femmes.<\/p>\n\n\n\n<p>Ayda Najaflou avait d\u00e9j\u00e0 demand\u00e9 \u00e0 occuper le lit inf\u00e9rieur en raison de rhumatismes et de douleurs chroniques au dos, mais sa requ\u00eate a \u00e9t\u00e9 ignor\u00e9e, ce qui a conduit \u00e0 sa chute et \u00e0 sa grave blessure.<\/p>\n\n\n\n<p>Son \u00e9tat de sant\u00e9 est aujourd\u2019hui critique. Priv\u00e9e des soins n\u00e9cessaires, elle survit uniquement gr\u00e2ce \u00e0 l\u2019aide de ses cod\u00e9tenues et \u00e0 des antalgiques. Sa famille a alert\u00e9 \u00e0 plusieurs reprises sur la n\u00e9gligence d\u00e9lib\u00e9r\u00e9e des autorit\u00e9s.<\/p>\n\n\n\n<p>Renvoyer en cellule une prisonni\u00e8re souffrant d\u2019une fracture vert\u00e9brale malgr\u00e9 la n\u00e9cessit\u00e9 urgente d\u2019une chirurgie constitue un acte de torture et un traitement inhumain, r\u00e9v\u00e9lant une fois de plus les conditions effroyables de <a href=\"https:\/\/wncri.org\/fr\/2021\/12\/10\/les-conditions-des-femmes-prisons\/\" target=\"_blank\" rel=\"noreferrer noopener\">la prison d\u2019Evin<\/a> et la privation syst\u00e9matique de soins m\u00e9dicaux inflig\u00e9e aux prisonni\u00e8res d\u2019opinion, en particulier aux femmes.<\/p>\n\n\n\n<h3 class=\"wp-block-heading\"><strong>Contexte<\/strong><\/h3>\n\n\n\n<p>Arr\u00eat\u00e9e par les agents du minist\u00e8re des Renseignements en f\u00e9vrier 2025, Ayda Najaflou a \u00e9t\u00e9 interrog\u00e9e dans la section 209 de la prison d\u2019Evin et est d\u00e9tenue depuis avril 2025 dans la section des femmes.<\/p>\n\n\n\n<p>Elle est accus\u00e9e de \u00ab propagande contre le r\u00e9gime \u00bb, \u00ab rassemblement et collusion contre la s\u00e9curit\u00e9 nationale \u00bb, et \u00ab cr\u00e9ation d\u2019une \u00e9glise domestique \u00bb. Elle est toujours priv\u00e9e du droit \u00e0 un avocat et d\u2019un contact r\u00e9gulier avec sa famille.<\/p>\n\n\n\n<p>Bien que le <a href=\"https:\/\/wncri.org\/fr\/2025\/02\/19\/somayeh-rajabi-chretienne\/\" target=\"_blank\" rel=\"noreferrer noopener\">christianisme<\/a> soit officiellement reconnu comme religion minoritaire dans la Constitution du r\u00e9gime iranien, les agences de s\u00e9curit\u00e9 iraniennes consid\u00e8rent <a href=\"https:\/\/wncri.org\/fr\/2025\/03\/14\/narges-nasri-chretienne-convertie-condamnee-a-16-ans-de-prison\/\" target=\"_blank\" rel=\"noreferrer noopener\">la conversion de musulmans au christianisme<\/a> comme une menace et y r\u00e9pondent par des <a href=\"https:\/\/wncri.org\/fr\/2022\/06\/08\/quatre-femmes-chretiennes\/\" target=\"_blank\" rel=\"noreferrer noopener\">mesures r\u00e9pressives et punitives<\/a>.<\/p>\n\n\n\n<p>Ce traitement viole ouvertement l\u2019article 18 de <a href=\"https:\/\/www.un.org\/en\/about-us\/universal-declaration-of-human-rights\" target=\"_blank\" rel=\"noreferrer noopener\">la D\u00e9claration universelle des droits de l\u2019homme<\/a> et l\u2019article 18 du Pacte international relatif aux droits civils et politiques, qui garantissent \u00e0 chaque individu la libert\u00e9 de pens\u00e9e, de conscience et de religion, y compris le droit de changer de religion et de la manifester seul ou en communaut\u00e9, en public ou en priv\u00e9.<\/p>\n","protected":false},"excerpt":{"rendered":"<p>Ayda Najaflou, prisonni\u00e8re d\u2019opinion et convertie au christianisme d\u00e9tenue \u00e0 la prison d\u2019Evin \u00e0 T\u00e9h\u00e9ran, se voit refuser tout traitement m\u00e9dical essentiel apr\u00e8s avoir subi une fracture vert\u00e9brale \u00e0 la suite d\u2019une chute de son lit superpos\u00e9. Les autorit\u00e9s p\u00e9nitentiaires l\u2019ont renvoy\u00e9e dans la section des femmes sans soins m\u00e9dicaux appropri\u00e9s, violant ainsi de mani\u00e8re [&hellip;]<\/p>\n","protected":false},"author":4,"featured_media":24329,"comment_status":"closed","ping_status":"closed","sticky":false,"template":"","format":"standard","meta":{"jnews-multi-image_gallery":[],"jnews_single_post":{"format":"standard"},"jnews_primary_category":[],"jnews_social_meta":[],"jnews_override_counter":[],"footnotes":""},"categories":[3],"tags":[370],"class_list":["post-24328","post","type-post","status-publish","format-standard","has-post-thumbnail","hentry","category-infos-des-femmes","tag-prisonnieres"],"_links":{"self":[{"href":"https:\/\/wncri.org\/fr\/wp-json\/wp\/v2\/posts\/24328","targetHints":{"allow":["GET"]}}],"collection":[{"href":"https:\/\/wncri.org\/fr\/wp-json\/wp\/v2\/posts"}],"about":[{"href":"https:\/\/wncri.org\/fr\/wp-json\/wp\/v2\/types\/post"}],"author":[{"embeddable":true,"href":"https:\/\/wncri.org\/fr\/wp-json\/wp\/v2\/users\/4"}],"replies":[{"embeddable":true,"href":"https:\/\/wncri.org\/fr\/wp-json\/wp\/v2\/comments?post=24328"}],"version-history":[{"count":1,"href":"https:\/\/wncri.org\/fr\/wp-json\/wp\/v2\/posts\/24328\/revisions"}],"predecessor-version":[{"id":24330,"href":"https:\/\/wncri.org\/fr\/wp-json\/wp\/v2\/posts\/24328\/revisions\/24330"}],"wp:featuredmedia":[{"embeddable":true,"href":"https:\/\/wncri.org\/fr\/wp-json\/wp\/v2\/media\/24329"}],"wp:attachment":[{"href":"https:\/\/wncri.org\/fr\/wp-json\/wp\/v2\/media?parent=24328"}],"wp:term":[{"taxonomy":"category","embeddable":true,"href":"https:\/\/wncri.org\/fr\/wp-json\/wp\/v2\/categories?post=24328"},{"taxonomy":"post_tag","embeddable":true,"href":"https:\/\/wncri.org\/fr\/wp-json\/wp\/v2\/tags?post=24328"}],"curies":[{"name":"wp","href":"https:\/\/api.w.org\/{rel}","templated":true}]}}