{"id":24318,"date":"2025-11-05T21:05:09","date_gmt":"2025-11-05T20:05:09","guid":{"rendered":"https:\/\/wncri.org\/fr\/?p=24318"},"modified":"2025-11-05T21:05:10","modified_gmt":"2025-11-05T20:05:10","slug":"non-aux-executions-du-mardi-familles","status":"publish","type":"post","link":"https:\/\/wncri.org\/fr\/2025\/11\/05\/non-aux-executions-du-mardi-familles\/","title":{"rendered":"93e semaine de \u00ab Non aux ex\u00e9cutions du mardi \u00bb : les familles iraniennes en premi\u00e8re ligne"},"content":{"rendered":"\n<h4 class=\"wp-block-heading\">La <a href=\"https:\/\/wncri.org\/fr\/2025\/10\/29\/non-aux-executions-du-mardi-2\/\" target=\"_blank\" rel=\"noreferrer noopener\">campagne nationale \u00ab Non aux ex\u00e9cutions du mardi \u00bb<\/a> est entr\u00e9e dans sa 93e semaine. Des centaines de prisonniers, r\u00e9partis dans 54 prisons \u00e0 travers l\u2019Iran, ont entam\u00e9 une gr\u00e8ve de la faim pour protester contre la vague croissante d\u2019ex\u00e9cutions.<\/h4>\n\n\n\n<p>Dans une d\u00e9claration commune, les prisonniers ont affirm\u00e9 qu\u2019ils ne resteraient pas silencieux face \u00e0 cette \u00ab d\u00e9ferlante d\u2019ex\u00e9cutions effr\u00e9n\u00e9es \u00bb, appelant la population et les familles des condamn\u00e9s \u00e0 mort \u00e0 faire entendre leur voix dans les rues et sur les r\u00e9seaux sociaux, en scandant :<\/p>\n\n\n\n<p>\u00ab Non aux ex\u00e9cutions ! \u00bb<br>afin d\u2019arr\u00eater ce qu\u2019ils ont d\u00e9crit comme la machine de mise \u00e0 mort syst\u00e9matique du r\u00e9gime.<\/p>\n\n\n\n<h3 class=\"wp-block-heading\"><strong>Des m\u00e8res et des familles contre la peine de mort<\/strong><\/h3>\n\n\n\n<p>L\u2019un des aspects humains les plus puissants de ce mouvement est la pr\u00e9sence courageuse des m\u00e8res et des familles des prisonniers condamn\u00e9s \u00e0 mort.<\/p>\n\n\n\n<p>Lors du rassemblement le plus r\u00e9cent, des m\u00e8res ont brandi les portraits de leurs enfants et scand\u00e9 :<\/p>\n\n\n\n<p>\u00ab Nous soutenons le mouvement Non aux ex\u00e9cutions du mardi \u00bb,<br>un slogan devenu symbole de r\u00e9sistance et d\u2019endurance.<\/p>\n\n\n\n<p>La m\u00e8re du prisonnier politique Shahrokh Daneshvarkar, condamn\u00e9 \u00e0 mort, tenait une pancarte montrant les visages d\u2019autres d\u00e9tenus politiques, criant :<\/p>\n\n\n\n<p>\u00ab Non aux ex\u00e9cutions ! \u00bb<\/p>\n\n\n\n<p>Non loin d\u2019elle, la m\u00e8re de Vahid Bani-Amerian portait une pancarte manuscrite sur laquelle on pouvait lire :<\/p>\n\n\n\n<p>\u00ab Non, non, non aux ex\u00e9cutions. \u00bb<\/p>\n\n\n\n<p>Ces visages sont aujourd\u2019hui la voix de milliers de familles \u00e0 travers le pays.<\/p>\n\n\n<div class=\"wp-block-image\">\n<figure class=\"aligncenter size-full\"><img decoding=\"async\" src=\"data:image\/gif;base64,R0lGODlhAQABAIAAAAAAAP\/\/\/yH5BAEAAAAALAAAAAABAAEAAAIBRAA7\" data-src=\"https:\/\/wncri.org\/fr\/wp-content\/uploads\/2025\/11\/NCRI-Women-No-to-Execution-Tuesdays-1-min.jpg\" alt=\"93e semaine de \u00ab Non aux ex\u00e9cutions du mardi \u00bb : les familles iraniennes en premi\u00e8re ligne\" class=\"wp-image-24319 lazyload\"\/><noscript><img decoding=\"async\" width=\"750\" height=\"375\" src=\"https:\/\/wncri.org\/fr\/wp-content\/uploads\/2025\/11\/NCRI-Women-No-to-Execution-Tuesdays-1-min.jpg\" alt=\"93e semaine de \u00ab Non aux ex\u00e9cutions du mardi \u00bb : les familles iraniennes en premi\u00e8re ligne\" class=\"wp-image-24319 lazyload\" srcset=\"https:\/\/wncri.org\/fr\/wp-content\/uploads\/2025\/11\/NCRI-Women-No-to-Execution-Tuesdays-1-min.jpg 750w, https:\/\/wncri.org\/fr\/wp-content\/uploads\/2025\/11\/NCRI-Women-No-to-Execution-Tuesdays-1-min-300x150.jpg 300w, https:\/\/wncri.org\/fr\/wp-content\/uploads\/2025\/11\/NCRI-Women-No-to-Execution-Tuesdays-1-min-360x180.jpg 360w\" sizes=\"(max-width: 750px) 100vw, 750px\" \/><\/noscript><\/figure>\n<\/div>\n\n<div class=\"wp-block-image\">\n<figure class=\"aligncenter size-full\"><img decoding=\"async\" src=\"data:image\/gif;base64,R0lGODlhAQABAIAAAAAAAP\/\/\/yH5BAEAAAAALAAAAAABAAEAAAIBRAA7\" data-src=\"https:\/\/wncri.org\/fr\/wp-content\/uploads\/2025\/11\/NCRI-Women-No-to-Execution-Tuesdays-2-min.jpg\" alt=\"93e semaine de \u00ab Non aux ex\u00e9cutions du mardi \u00bb : les familles iraniennes en premi\u00e8re ligne\" class=\"wp-image-24320 lazyload\"\/><noscript><img decoding=\"async\" width=\"750\" height=\"375\" src=\"https:\/\/wncri.org\/fr\/wp-content\/uploads\/2025\/11\/NCRI-Women-No-to-Execution-Tuesdays-2-min.jpg\" alt=\"93e semaine de \u00ab Non aux ex\u00e9cutions du mardi \u00bb : les familles iraniennes en premi\u00e8re ligne\" class=\"wp-image-24320 lazyload\" srcset=\"https:\/\/wncri.org\/fr\/wp-content\/uploads\/2025\/11\/NCRI-Women-No-to-Execution-Tuesdays-2-min.jpg 750w, https:\/\/wncri.org\/fr\/wp-content\/uploads\/2025\/11\/NCRI-Women-No-to-Execution-Tuesdays-2-min-300x150.jpg 300w, https:\/\/wncri.org\/fr\/wp-content\/uploads\/2025\/11\/NCRI-Women-No-to-Execution-Tuesdays-2-min-360x180.jpg 360w\" sizes=\"(max-width: 750px) 100vw, 750px\" \/><\/noscript><\/figure>\n<\/div>\n\n\n<h3 class=\"wp-block-heading\"><strong>Des noms devenus des symboles de r\u00e9sistance<\/strong><\/h3>\n\n\n\n<p>Lors des r\u00e9centes manifestations, des noms tels qu\u2019Ehsan Faridi<a href=\"https:\/\/wncri.org\/fr\/2025\/10\/26\/zahra-shahbaz-tabari-condamnee-a-mort\/\" target=\"_blank\" rel=\"noreferrer noopener\">, Zahra Shahbaz Tabari<\/a>, Manouchehr Fallah, Peyman Farahavar, Yaghoub Derakhshan et <a href=\"https:\/\/english.mojahedin.org\/news\/irans-regime-upholds-death-sentence-of-pmoi-supporter-for-third-time\/\" target=\"_blank\" rel=\"noreferrer noopener\">Mohammad Javad Vafaee<\/a> Sani ont retenti dans les slogans des manifestants, autant de prisonniers aujourd\u2019hui menac\u00e9s d\u2019ex\u00e9cution imminente.<\/p>\n\n\n\n<p>Les protestataires ont soulign\u00e9 que leurs slogans, tels que<\/p>\n\n\n\n<p>\u00ab Non \u00e0 l\u2019ex\u00e9cution d\u2019Ehsan Faridi \u00bb<br>et<br>\u00ab Nous condamnons la sentence de Zahra Tabari \u00bb,<br>d\u00e9passent les cas individuels.<\/p>\n\n\n\n<p>Il s\u2019agit d\u2019une position collective contre la politique syst\u00e9matique du r\u00e9gime, qui cherche \u00e0 faire taire la dissidence et \u00e0 \u00e9liminer ses opposants par la peur et la mort.<\/p>\n\n\n<div class=\"wp-block-image\">\n<figure class=\"aligncenter size-full\"><img decoding=\"async\" src=\"data:image\/gif;base64,R0lGODlhAQABAIAAAAAAAP\/\/\/yH5BAEAAAAALAAAAAABAAEAAAIBRAA7\" data-src=\"https:\/\/wncri.org\/fr\/wp-content\/uploads\/2025\/11\/NCRI-Women-No-to-Execution-Tuesdays-3-min.jpg\" alt=\"93e semaine de \u00ab Non aux ex\u00e9cutions du mardi \u00bb : les familles iraniennes en premi\u00e8re ligne\" class=\"wp-image-24321 lazyload\"\/><noscript><img decoding=\"async\" width=\"750\" height=\"375\" src=\"https:\/\/wncri.org\/fr\/wp-content\/uploads\/2025\/11\/NCRI-Women-No-to-Execution-Tuesdays-3-min.jpg\" alt=\"93e semaine de \u00ab Non aux ex\u00e9cutions du mardi \u00bb : les familles iraniennes en premi\u00e8re ligne\" class=\"wp-image-24321 lazyload\" srcset=\"https:\/\/wncri.org\/fr\/wp-content\/uploads\/2025\/11\/NCRI-Women-No-to-Execution-Tuesdays-3-min.jpg 750w, https:\/\/wncri.org\/fr\/wp-content\/uploads\/2025\/11\/NCRI-Women-No-to-Execution-Tuesdays-3-min-300x150.jpg 300w, https:\/\/wncri.org\/fr\/wp-content\/uploads\/2025\/11\/NCRI-Women-No-to-Execution-Tuesdays-3-min-360x180.jpg 360w\" sizes=\"(max-width: 750px) 100vw, 750px\" \/><\/noscript><\/figure>\n<\/div>","protected":false},"excerpt":{"rendered":"<p>La campagne nationale \u00ab Non aux ex\u00e9cutions du mardi \u00bb est entr\u00e9e dans sa 93e semaine. Des centaines de prisonniers, r\u00e9partis dans 54 prisons \u00e0 travers l\u2019Iran, ont entam\u00e9 une gr\u00e8ve de la faim pour protester contre la vague croissante d\u2019ex\u00e9cutions. Dans une d\u00e9claration commune, les prisonniers ont affirm\u00e9 qu\u2019ils ne resteraient pas silencieux face [&hellip;]<\/p>\n","protected":false},"author":4,"featured_media":24322,"comment_status":"closed","ping_status":"closed","sticky":false,"template":"","format":"standard","meta":{"jnews-multi-image_gallery":[],"jnews_single_post":{"format":"standard"},"jnews_primary_category":[],"jnews_social_meta":[],"jnews_override_counter":[],"footnotes":""},"categories":[3],"tags":[370],"class_list":["post-24318","post","type-post","status-publish","format-standard","has-post-thumbnail","hentry","category-infos-des-femmes","tag-prisonnieres"],"_links":{"self":[{"href":"https:\/\/wncri.org\/fr\/wp-json\/wp\/v2\/posts\/24318","targetHints":{"allow":["GET"]}}],"collection":[{"href":"https:\/\/wncri.org\/fr\/wp-json\/wp\/v2\/posts"}],"about":[{"href":"https:\/\/wncri.org\/fr\/wp-json\/wp\/v2\/types\/post"}],"author":[{"embeddable":true,"href":"https:\/\/wncri.org\/fr\/wp-json\/wp\/v2\/users\/4"}],"replies":[{"embeddable":true,"href":"https:\/\/wncri.org\/fr\/wp-json\/wp\/v2\/comments?post=24318"}],"version-history":[{"count":1,"href":"https:\/\/wncri.org\/fr\/wp-json\/wp\/v2\/posts\/24318\/revisions"}],"predecessor-version":[{"id":24323,"href":"https:\/\/wncri.org\/fr\/wp-json\/wp\/v2\/posts\/24318\/revisions\/24323"}],"wp:featuredmedia":[{"embeddable":true,"href":"https:\/\/wncri.org\/fr\/wp-json\/wp\/v2\/media\/24322"}],"wp:attachment":[{"href":"https:\/\/wncri.org\/fr\/wp-json\/wp\/v2\/media?parent=24318"}],"wp:term":[{"taxonomy":"category","embeddable":true,"href":"https:\/\/wncri.org\/fr\/wp-json\/wp\/v2\/categories?post=24318"},{"taxonomy":"post_tag","embeddable":true,"href":"https:\/\/wncri.org\/fr\/wp-json\/wp\/v2\/tags?post=24318"}],"curies":[{"name":"wp","href":"https:\/\/api.w.org\/{rel}","templated":true}]}}