{"id":24277,"date":"2025-11-03T18:19:36","date_gmt":"2025-11-03T17:19:36","guid":{"rendered":"https:\/\/wncri.org\/fr\/?p=24277"},"modified":"2025-11-03T18:19:37","modified_gmt":"2025-11-03T17:19:37","slug":"maryam-zubaidi-arretee-soudainement","status":"publish","type":"post","link":"https:\/\/wncri.org\/fr\/2025\/11\/03\/maryam-zubaidi-arretee-soudainement\/","title":{"rendered":"Maryam Zubaidi arr\u00eat\u00e9e soudainement et transf\u00e9r\u00e9e \u00e0 la prison de Sepidar"},"content":{"rendered":"\n<h4 class=\"wp-block-heading\">Maryam Zubaidi, 58 ans, vivant au quartier Zeytoon \u00e0 Ahvaz, a \u00e9t\u00e9 arr\u00eat\u00e9e le samedi 1er novembre 2025 apr\u00e8s avoir \u00e9t\u00e9 convoqu\u00e9e \u00e0 la branche d\u2019ex\u00e9cution du tribunal r\u00e9volutionnaire d\u2019Ahvaz. Elle a imm\u00e9diatement \u00e9t\u00e9 transf\u00e9r\u00e9e \u00e0 la <a href=\"https:\/\/wncri.org\/fr\/2020\/08\/24\/les-prisonnieres-politiques-harcelees-et-torturees-a-la-prison-sepidar\/\" target=\"_blank\" rel=\"noreferrer noopener\">prison de Sepidar.<\/a> Cela alors que Maryam Zubaidi souffre de graves maladies respiratoires et gastro-intestinales, et que son \u00e9tat de sant\u00e9 est d\u00e9crit comme critique.<\/h4>\n\n\n\n<p>Maryam Zubaidi se serait pr\u00e9sent\u00e9e au tribunal pensant assister \u00e0 une proc\u00e9dure administrative ordinaire li\u00e9e \u00e0 son dossier. Cependant, elle a \u00e9t\u00e9 arr\u00eat\u00e9e sur place sans pr\u00e9avis et transf\u00e9r\u00e9e directement au <a href=\"https:\/\/wncri.org\/fr\/2021\/12\/10\/les-conditions-des-femmes-prisons\/\" target=\"_blank\" rel=\"noreferrer noopener\">quartier des femmes<\/a> de la prison de Sepidar.<\/p>\n\n\n\n<p>Les responsables de la branche d\u2019ex\u00e9cution ont refus\u00e9 de fournir la moindre explication concernant la raison de sa nouvelle arrestation. Selon des sources proches de sa famille, cette \u00e9volution fait suite \u00e0 la confirmation d\u00e9finitive de sa peine de quatre ans de prison plus t\u00f4t en octobre.<\/p>\n\n\n\n<h3 class=\"wp-block-heading\"><strong>Contexte et proc\u00e9dure judiciaire<\/strong><\/h3>\n\n\n\n<p>Maryam Zubaidi avait \u00e9t\u00e9 arr\u00eat\u00e9e pour la premi\u00e8re fois le 15 mars 2018 par des agents du d\u00e9partement des renseignements d\u2019Ahvaz. Elle a \u00e9t\u00e9 d\u00e9tenue pendant plusieurs mois dans le centre de d\u00e9tention de cette agence, o\u00f9 elle a subi des interrogatoires et des pressions psychologiques. Le tribunal r\u00e9volutionnaire <a href=\"https:\/\/fr.wikipedia.org\/wiki\/Ahvaz\" target=\"_blank\" rel=\"noreferrer noopener\">d\u2019Ahvaz<\/a> l\u2019a ensuite condamn\u00e9e \u00e0 quatre ans de prison pour \u00ab atteinte \u00e0 la s\u00e9curit\u00e9 nationale \u00bb et \u00ab communication avec des entit\u00e9s \u00e9trang\u00e8res \u00bb. Apr\u00e8s des ann\u00e9es d\u2019incertitude, la cour d\u2019appel du Khouzestan a confirm\u00e9 la sentence en octobre 2025.<\/p>\n\n\n\n<h3 class=\"wp-block-heading\"><strong>Torture, maladie et refus de soins m\u00e9dicaux<\/strong><\/h3>\n\n\n\n<p>Lors de sa d\u00e9tention en 2018, Maryam Zubaidi a \u00e9t\u00e9 soumise \u00e0 de longs interrogatoires et \u00e0 une torture psychologique. En raison des <a href=\"https:\/\/wncri.org\/fr\/2025\/05\/15\/quartier-des-femmes-prison-de-sepidar\/\" target=\"_blank\" rel=\"noreferrer noopener\">conditions insalubres de d\u00e9tention<\/a>, elle a d\u00e9velopp\u00e9 de graves maladies respiratoires et gastro-intestinales. Tout au long de son incarc\u00e9ration, elle a \u00e0 plusieurs reprises demand\u00e9 \u00e0 \u00eatre transf\u00e9r\u00e9e vers des \u00e9tablissements m\u00e9dicaux sp\u00e9cialis\u00e9s, mais les autorit\u00e9s p\u00e9nitentiaires ont ignor\u00e9 ses requ\u00eates.<\/p>\n\n\n\n<p>Des sources locales confirment que l\u2019infirmerie de la prison de Sepidar ne fournit que des m\u00e9dicaments de base et ne dispose d\u2019aucun soin sp\u00e9cialis\u00e9. Maryam Zubaidi avait d\u00e9j\u00e0 \u00e9t\u00e9 lib\u00e9r\u00e9e deux fois sous caution en raison de la d\u00e9gradation de son \u00e9tat de sant\u00e9, mais pr\u00e8s de huit mois de sa pr\u00e9c\u00e9dente d\u00e9tention n\u2019ont pas \u00e9t\u00e9 d\u00e9duits de sa peine finale.<\/p>\n\n\n\n<h3 class=\"wp-block-heading\"><strong>Une famille sous pression constante<\/strong><\/h3>\n\n\n\n<p>Maryam Zubaidi est m\u00e8re de trois enfants : deux fils, Benyamin et Mohammad-Ali Albughbeish, et une fille. En mars 2018, les forces de s\u00e9curit\u00e9 ont fait une descente \u00e0 leur domicile, arr\u00eatant la m\u00e8re et ses deux fils. Benyamin Albughbeish est mort sous la torture en prison en juillet 2019. Mohammad-Ali a ensuite \u00e9t\u00e9 lib\u00e9r\u00e9 sous caution, mais il a depuis fait face \u00e0 des menaces r\u00e9p\u00e9t\u00e9es de nouvelle arrestation. \u00c0 la suite de la r\u00e9cente incarc\u00e9ration de Maryam, sa fille se retrouve d\u00e9sormais sans soutien parental \u00e0 Ahvaz.<\/p>\n\n\n\n<h3 class=\"wp-block-heading\"><strong>Plaintes ignor\u00e9es et impunit\u00e9 des agents<\/strong><\/h3>\n\n\n\n<p>Au fil des ann\u00e9es, la famille Zubaidi a d\u00e9pos\u00e9 de nombreuses plaintes concernant les violations des droits de Maryam, allant des interrogatoires ill\u00e9gaux et de la torture jusqu\u2019\u00e0 la n\u00e9gligence m\u00e9dicale \u00e0 la prison de Sepidar. Cependant, aucune de ces plaintes n\u2019a abouti.<\/p>\n\n\n\n<p>Selon une source familiale, \u00ab le dossier de plainte contre les agents de s\u00e9curit\u00e9 n\u2019a jamais d\u00e9pass\u00e9 le stade pr\u00e9liminaire. Le parquet a m\u00eame refus\u00e9 de tenir une s\u00e9ance pour entendre les d\u00e9clarations des plaignants. \u00bb<\/p>\n\n\n\n<p>L\u2019arrestation soudaine et le transfert de Maryam Zubaidi \u00e0 la prison de Sepidar repr\u00e9sentent un nouvel exemple de la r\u00e9pression syst\u00e9matique du r\u00e9gime iranien contre les femmes, en particulier les membres des minorit\u00e9s religieuses et les m\u00e8res arabes du Khouzestan.<\/p>\n","protected":false},"excerpt":{"rendered":"<p>Maryam Zubaidi, 58 ans, vivant au quartier Zeytoon \u00e0 Ahvaz, a \u00e9t\u00e9 arr\u00eat\u00e9e le samedi 1er novembre 2025 apr\u00e8s avoir \u00e9t\u00e9 convoqu\u00e9e \u00e0 la branche d\u2019ex\u00e9cution du tribunal r\u00e9volutionnaire d\u2019Ahvaz. Elle a imm\u00e9diatement \u00e9t\u00e9 transf\u00e9r\u00e9e \u00e0 la prison de Sepidar. Cela alors que Maryam Zubaidi souffre de graves maladies respiratoires et gastro-intestinales, et que son [&hellip;]<\/p>\n","protected":false},"author":4,"featured_media":24278,"comment_status":"closed","ping_status":"closed","sticky":false,"template":"","format":"standard","meta":{"jnews-multi-image_gallery":[],"jnews_single_post":{"format":"standard"},"jnews_primary_category":[],"jnews_social_meta":[],"jnews_override_counter":[],"footnotes":""},"categories":[3],"tags":[370],"class_list":["post-24277","post","type-post","status-publish","format-standard","has-post-thumbnail","hentry","category-infos-des-femmes","tag-prisonnieres"],"_links":{"self":[{"href":"https:\/\/wncri.org\/fr\/wp-json\/wp\/v2\/posts\/24277","targetHints":{"allow":["GET"]}}],"collection":[{"href":"https:\/\/wncri.org\/fr\/wp-json\/wp\/v2\/posts"}],"about":[{"href":"https:\/\/wncri.org\/fr\/wp-json\/wp\/v2\/types\/post"}],"author":[{"embeddable":true,"href":"https:\/\/wncri.org\/fr\/wp-json\/wp\/v2\/users\/4"}],"replies":[{"embeddable":true,"href":"https:\/\/wncri.org\/fr\/wp-json\/wp\/v2\/comments?post=24277"}],"version-history":[{"count":1,"href":"https:\/\/wncri.org\/fr\/wp-json\/wp\/v2\/posts\/24277\/revisions"}],"predecessor-version":[{"id":24279,"href":"https:\/\/wncri.org\/fr\/wp-json\/wp\/v2\/posts\/24277\/revisions\/24279"}],"wp:featuredmedia":[{"embeddable":true,"href":"https:\/\/wncri.org\/fr\/wp-json\/wp\/v2\/media\/24278"}],"wp:attachment":[{"href":"https:\/\/wncri.org\/fr\/wp-json\/wp\/v2\/media?parent=24277"}],"wp:term":[{"taxonomy":"category","embeddable":true,"href":"https:\/\/wncri.org\/fr\/wp-json\/wp\/v2\/categories?post=24277"},{"taxonomy":"post_tag","embeddable":true,"href":"https:\/\/wncri.org\/fr\/wp-json\/wp\/v2\/tags?post=24277"}],"curies":[{"name":"wp","href":"https:\/\/api.w.org\/{rel}","templated":true}]}}