{"id":24264,"date":"2025-11-01T21:03:44","date_gmt":"2025-11-01T20:03:44","guid":{"rendered":"https:\/\/wncri.org\/fr\/?p=24264"},"modified":"2025-11-03T18:22:44","modified_gmt":"2025-11-03T17:22:44","slug":"mettre-fin-a-limpunite-journalistes-iran","status":"publish","type":"post","link":"https:\/\/wncri.org\/fr\/2025\/11\/01\/mettre-fin-a-limpunite-journalistes-iran\/","title":{"rendered":"Journ\u00e9e internationale pour mettre fin \u00e0 l\u2019impunit\u00e9 des crimes contre les journalistes : un cri pour la justice et la libert\u00e9 en Iran"},"content":{"rendered":"\n<h2 class=\"wp-block-heading\">2 novembre \u2013 Journ\u00e9e internationale pour mettre fin \u00e0 l\u2019impunit\u00e9 des crimes contre les journalistes<\/h2>\n\n\n\n<p>Chaque ann\u00e9e, le 2 novembre, le monde se tient aux c\u00f4t\u00e9s des journalistes emprisonn\u00e9s, tortur\u00e9s ou assassin\u00e9s pour avoir dit la v\u00e9rit\u00e9.<br>Cette journ\u00e9e mondiale rappelle que les crimes commis contre ceux qui r\u00e9v\u00e8lent la r\u00e9alit\u00e9 ne doivent jamais rester impunis, car r\u00e9duire un journaliste au silence, c\u2019est museler toute une soci\u00e9t\u00e9.<\/p>\n\n\n\n<p>Mais en Iran, o\u00f9 tenir un stylo peut \u00eatre aussi dangereux que manifester, cette journ\u00e9e rev\u00eat une signification encore plus lourde.<br>Alors que de nombreux pays cherchent \u00e0 renforcer la libert\u00e9 de la presse, les journalistes iraniens continuent de vivre sous la menace constante de la censure, de la pers\u00e9cution et de la r\u00e9pression d\u2019\u00c9tat.<\/p>\n\n\n\n<h3 class=\"wp-block-heading\"><strong>Journalistes iraniens : les voix r\u00e9duites au silence de la v\u00e9rit\u00e9<\/strong><\/h3>\n\n\n\n<p>Depuis des d\u00e9cennies, l\u2019Iran figure parmi les pays les plus dangereux pour les journalistes.<br>Des dizaines de reporters, blogueurs et journalistes citoyens ont \u00e9t\u00e9 arr\u00eat\u00e9s, tortur\u00e9s ou ex\u00e9cut\u00e9s sous des accusations vagues telles que \u00ab propagande contre le r\u00e9gime \u00bb ou \u00ab atteinte \u00e0 la s\u00e9curit\u00e9 nationale \u00bb.<\/p>\n\n\n\n<p>Bien que la Constitution iranienne pr\u00e9tende garantir la libert\u00e9 de la presse, les innombrables exceptions qu\u2019elle contient, comme \u00ab sauf si cela nuit aux principes de l\u2019islam ou aux droits publics \u00bb, sont devenues des outils de r\u00e9pression institutionnelle.<\/p>\n\n\n\n<p>La mort tragique de <a href=\"https:\/\/wncri.org\/fr\/2021\/08\/03\/le-juge-le-plus-misogyne-du-monde-a-la-tete-du-systeme-judiciaire-iranien\/\" target=\"_blank\" rel=\"noreferrer noopener\">Zahra Kazemi<\/a>, photojournaliste irano-canadienne arr\u00eat\u00e9e puis tu\u00e9e \u00e0 la prison d\u2019Evin en 2003, demeure un rappel cruel : en Iran, le journalisme n\u2019est pas un m\u00e9tier, c\u2019est un acte de d\u00e9fiance face \u00e0 la tyrannie.<\/p>\n\n\n<div class=\"wp-block-image\">\n<figure class=\"aligncenter size-full\"><img decoding=\"async\" src=\"data:image\/gif;base64,R0lGODlhAQABAIAAAAAAAP\/\/\/yH5BAEAAAAALAAAAAABAAEAAAIBRAA7\" data-src=\"https:\/\/wncri.org\/fr\/wp-content\/uploads\/2025\/11\/NCRI-Women-International-Day-to-End-Impunity-for-Crimes-Against-Journalists-2-min.jpg\" alt=\"Journ\u00e9e internationale pour mettre fin \u00e0 l\u2019impunit\u00e9 des crimes contre les journalistes : un cri pour la justice et la libert\u00e9 en Iran\" class=\"wp-image-24266 lazyload\"\/><noscript><img decoding=\"async\" width=\"750\" height=\"375\" src=\"https:\/\/wncri.org\/fr\/wp-content\/uploads\/2025\/11\/NCRI-Women-International-Day-to-End-Impunity-for-Crimes-Against-Journalists-2-min.jpg\" alt=\"Journ\u00e9e internationale pour mettre fin \u00e0 l\u2019impunit\u00e9 des crimes contre les journalistes : un cri pour la justice et la libert\u00e9 en Iran\" class=\"wp-image-24266 lazyload\" srcset=\"https:\/\/wncri.org\/fr\/wp-content\/uploads\/2025\/11\/NCRI-Women-International-Day-to-End-Impunity-for-Crimes-Against-Journalists-2-min.jpg 750w, https:\/\/wncri.org\/fr\/wp-content\/uploads\/2025\/11\/NCRI-Women-International-Day-to-End-Impunity-for-Crimes-Against-Journalists-2-min-300x150.jpg 300w, https:\/\/wncri.org\/fr\/wp-content\/uploads\/2025\/11\/NCRI-Women-International-Day-to-End-Impunity-for-Crimes-Against-Journalists-2-min-360x180.jpg 360w\" sizes=\"(max-width: 750px) 100vw, 750px\" \/><\/noscript><\/figure>\n<\/div>\n\n\n<h3 class=\"wp-block-heading\"><strong>Femmes journalistes : les doubles victimes<\/strong><\/h3>\n\n\n\n<p>Les <a href=\"https:\/\/wncri.org\/fr\/2023\/08\/01\/niloufar-hamedi-et-elaheh-mohammadi\/\" target=\"_blank\" rel=\"noreferrer noopener\">femmes journalistes<\/a> iraniennes subissent une double oppression : celle du sexisme et celle de la r\u00e9pression politique.<br>Ces derni\u00e8res ann\u00e9es, des dizaines d\u2019entre elles ont \u00e9t\u00e9 licenci\u00e9es, harcel\u00e9es ou emprisonn\u00e9es pour avoir couvert des manifestations ou d\u00e9nonc\u00e9 des injustices sociales.<\/p>\n\n\n\n<p>Pourtant, ces femmes jouent un r\u00f4le essentiel dans le paysage m\u00e9diatique ind\u00e9pendant de l\u2019Iran : elles portent la voix d\u2019une g\u00e9n\u00e9ration r\u00e9duite au silence.<br>Le r\u00e9gime, craignant leur courage, cherche \u00e0 les effacer de l\u2019espace public.<\/p>\n\n\n\n<h3 class=\"wp-block-heading\"><strong>L\u2019impunit\u00e9 : le moteur de la r\u00e9pression<\/strong><\/h3>\n\n\n\n<p>Mettre fin \u00e0 l\u2019impunit\u00e9 ne signifie pas seulement punir les auteurs de crimes ; c\u2019est d\u00e9manteler le syst\u00e8me qui les prot\u00e8ge.<br>En Iran, non seulement les responsables de crimes contre les journalistes ne sont jamais tenus pour coupables, mais ils sont souvent r\u00e9compens\u00e9s par des promotions et davantage de pouvoir.<\/p>\n\n\n\n<p>Cette injustice institutionnalis\u00e9e est devenue la pierre angulaire de la censure et de la peur.<br>Tant que le r\u00e9gime dictatorial des mollahs restera au pouvoir, ni la justice ni la libert\u00e9 d\u2019expression ne pourront exister.<\/p>\n\n\n\n<h3 class=\"wp-block-heading\"><strong>La libert\u00e9 de la presse d\u00e9pend d\u2019un Iran libre<\/strong><\/h3>\n\n\n\n<p><a href=\"https:\/\/www.un.org\/fr\/observances\/end-impunity-crimes-against-journalists\" target=\"_blank\" rel=\"noreferrer noopener\">La Journ\u00e9e internationale pour mettre fin \u00e0 l\u2019impunit\u00e9 des crimes contre les journalistes<\/a> n\u2019est pas seulement un hommage aux victimes ; c\u2019est un appel \u00e0 l\u2019action pour la justice et la libert\u00e9.<\/p>\n\n\n\n<p>En Iran, les <a href=\"https:\/\/wncri.org\/fr\/2023\/02\/02\/femmes-journalistes\/\" target=\"_blank\" rel=\"noreferrer noopener\">journalistes sont emprisonn\u00e9s<\/a>, r\u00e9duits au silence ou ex\u00e9cut\u00e9s pour avoir r\u00e9v\u00e9l\u00e9 la v\u00e9rit\u00e9, car un r\u00e9gime fond\u00e9 sur la r\u00e9pression et le mensonge ne peut survivre \u00e0 la lumi\u00e8re de la v\u00e9rit\u00e9.<\/p>\n\n\n\n<p>La r\u00e9alit\u00e9 est ind\u00e9niable : tant que la dictature actuelle restera en place, il n\u2019y aura ni libert\u00e9 d\u2019expression ni s\u00e9curit\u00e9 pour les journalistes.<br>La v\u00e9ritable justice viendra seulement lorsqu\u2019un gouvernement d\u00e9mocratique, la\u00efque et issu du peuple remplacera le r\u00e9gime actuel, un gouvernement o\u00f9 les journalistes ne seront plus des ennemis de l\u2019\u00c9tat, mais la conscience de la nation.<\/p>\n\n\n\n<p>Le 2 novembre n\u2019est pas une simple date sur le calendrier : c\u2019est un symbole de courage, de r\u00e9sistance et du lien indestructible entre v\u00e9rit\u00e9 et libert\u00e9.<br>Elle repr\u00e9sente chaque journaliste, en Iran et ailleurs, qui ose \u00e9clairer les t\u00e9n\u00e8bres, m\u00eame au p\u00e9ril de sa vie.<\/p>\n","protected":false},"excerpt":{"rendered":"<p>2 novembre \u2013 Journ\u00e9e internationale pour mettre fin \u00e0 l\u2019impunit\u00e9 des crimes contre les journalistes Chaque ann\u00e9e, le 2 novembre, le monde se tient aux c\u00f4t\u00e9s des journalistes emprisonn\u00e9s, tortur\u00e9s ou assassin\u00e9s pour avoir dit la v\u00e9rit\u00e9.Cette journ\u00e9e mondiale rappelle que les crimes commis contre ceux qui r\u00e9v\u00e8lent la r\u00e9alit\u00e9 ne doivent jamais rester impunis, [&hellip;]<\/p>\n","protected":false},"author":4,"featured_media":24265,"comment_status":"closed","ping_status":"closed","sticky":false,"template":"","format":"standard","meta":{"jnews-multi-image_gallery":[],"jnews_single_post":{"format":"standard"},"jnews_primary_category":[],"jnews_social_meta":[],"jnews_override_counter":[],"footnotes":""},"categories":[8],"tags":[],"class_list":["post-24264","post","type-post","status-publish","format-standard","has-post-thumbnail","hentry","category-articles"],"_links":{"self":[{"href":"https:\/\/wncri.org\/fr\/wp-json\/wp\/v2\/posts\/24264","targetHints":{"allow":["GET"]}}],"collection":[{"href":"https:\/\/wncri.org\/fr\/wp-json\/wp\/v2\/posts"}],"about":[{"href":"https:\/\/wncri.org\/fr\/wp-json\/wp\/v2\/types\/post"}],"author":[{"embeddable":true,"href":"https:\/\/wncri.org\/fr\/wp-json\/wp\/v2\/users\/4"}],"replies":[{"embeddable":true,"href":"https:\/\/wncri.org\/fr\/wp-json\/wp\/v2\/comments?post=24264"}],"version-history":[{"count":1,"href":"https:\/\/wncri.org\/fr\/wp-json\/wp\/v2\/posts\/24264\/revisions"}],"predecessor-version":[{"id":24267,"href":"https:\/\/wncri.org\/fr\/wp-json\/wp\/v2\/posts\/24264\/revisions\/24267"}],"wp:featuredmedia":[{"embeddable":true,"href":"https:\/\/wncri.org\/fr\/wp-json\/wp\/v2\/media\/24265"}],"wp:attachment":[{"href":"https:\/\/wncri.org\/fr\/wp-json\/wp\/v2\/media?parent=24264"}],"wp:term":[{"taxonomy":"category","embeddable":true,"href":"https:\/\/wncri.org\/fr\/wp-json\/wp\/v2\/categories?post=24264"},{"taxonomy":"post_tag","embeddable":true,"href":"https:\/\/wncri.org\/fr\/wp-json\/wp\/v2\/tags?post=24264"}],"curies":[{"name":"wp","href":"https:\/\/api.w.org\/{rel}","templated":true}]}}