{"id":24252,"date":"2025-10-31T15:22:55","date_gmt":"2025-10-31T14:22:55","guid":{"rendered":"https:\/\/wncri.org\/fr\/?p=24252"},"modified":"2025-11-03T18:23:01","modified_gmt":"2025-11-03T17:23:01","slug":"rapport-de-octobre-2025-peine-de-mort","status":"publish","type":"post","link":"https:\/\/wncri.org\/fr\/2025\/10\/31\/rapport-de-octobre-2025-peine-de-mort\/","title":{"rendered":"Rapport de octobre 2025 : Peine de mort pour une prisonni\u00e8re politique"},"content":{"rendered":"\n<h2 class=\"wp-block-heading\"><strong>La r\u00e9sistance des prisonni\u00e8res politiques inspire les femmes et les filles iraniennes dans leur lutte contre le r\u00e9gime des ex\u00e9cutions et des massacres<\/strong><\/h2>\n\n\n\n<h4 class=\"wp-block-heading\"><strong>Rapport de octobre 2025 :<\/strong> Avec l\u2019ex\u00e9cution sans pr\u00e9c\u00e9dent de pr\u00e8s de 300 prisonniers en Iran, octobre 2025 restera le mois le plus sanglant des 36 derni\u00e8res ann\u00e9es du pays. Parmi les victimes figuraient au moins sept femmes, ce qui en fait l\u2019un des chiffres mensuels les plus \u00e9lev\u00e9s d\u2019ex\u00e9cutions f\u00e9minines depuis les ann\u00e9es 1980.<\/h4>\n\n\n\n<p>Cette vague d\u2019ex\u00e9cutions montre la peur et le d\u00e9sespoir d\u2019un r\u00e9gime accul\u00e9 par de multiples crises politiques et \u00e9conomiques, incapable d\u2019apporter la moindre r\u00e9ponse au m\u00e9contentement croissant de la population, et cherchant seulement \u00e0 retarder un soul\u00e8vement in\u00e9vitable mena\u00e7ant sa chute.<\/p>\n\n\n\n<div data-wp-interactive=\"core\/file\" class=\"wp-block-file\"><object data-wp-bind--hidden=\"!state.hasPdfPreview\" hidden class=\"wp-block-file__embed\" data=\"https:\/\/wncri.org\/fr\/wp-content\/uploads\/2025\/10\/Monthly-October-2025_FR.pdf\" type=\"application\/pdf\" style=\"width:100%;height:600px\" aria-label=\"Embed of Monthly October 2025_FR.\"><\/object><a id=\"wp-block-file--media-47802c51-784b-415b-b7db-7d72f2874087\" href=\"https:\/\/wncri.org\/fr\/wp-content\/uploads\/2025\/10\/Monthly-October-2025_FR.pdf\">Monthly October 2025_FR<\/a><a href=\"https:\/\/wncri.org\/fr\/wp-content\/uploads\/2025\/10\/Monthly-October-2025_FR.pdf\" class=\"wp-block-file__button wp-element-button\" download aria-describedby=\"wp-block-file--media-47802c51-784b-415b-b7db-7d72f2874087\">Download<\/a><\/div>\n\n\n\n<p>Dans ce contexte, \u00e0 la fin du mois d\u2019octobre, le r\u00e9gime cl\u00e9rical a franchi une nouvelle \u00e9tape en pronon\u00e7ant une peine de mort contre une prisonni\u00e8re politique, Zahra Shahbaz Tabari, soutien de l\u2019Organisation des Moudjahidines du Peuple d\u2019Iran (OMPI\/MEK).<\/p>\n\n\n\n<p>Pour le r\u00e9gime, l\u2019ex\u00e9cution est un instrument de survie. Une autre m\u00e9thode insidieuse d\u2019\u00e9limination des prisonniers consiste \u00e0 les priver d\u00e9lib\u00e9r\u00e9ment de soins m\u00e9dicaux dans des prisons d\u00e9pourvues des conditions d\u2019hygi\u00e8ne et de sant\u00e9 les plus \u00e9l\u00e9mentaires, bien en de\u00e7\u00e0 des normes internationales.<\/p>\n\n\n\n<p>Fin septembre, au moins trois prisonni\u00e8res, dont Somayeh Rashidi \u00e0 <a href=\"https:\/\/wncri.org\/fr\/2020\/04\/20\/regard-sur-la-situation-tragique-a-la-prison-pour-femmes-de-qarchak-en-iran\/\" target=\"_blank\" rel=\"noreferrer noopener\">la prison de Qarchak<\/a>, ainsi qu\u2019une autre d\u00e9tenue \u00e0 Fardis, ont perdu la vie \u00e0 la suite de soins m\u00e9dicaux diff\u00e9r\u00e9s.<\/p>\n\n\n\n<p>En parall\u00e8le \u00e0 cette r\u00e9pression, la r\u00e9sistance des prisonniers a atteint en octobre un niveau in\u00e9dit : sit-in et protestations d\u00e9non\u00e7ant les morts en d\u00e9tention, gr\u00e8ve de la faim de 1 500 condamn\u00e9s \u00e0 mort \u00e0 Ghezel Hessar, campagne \u201cLes Mardis contre les ex\u00e9cutions\u201d, et manifestations des familles de prisonniers condamn\u00e9s \u00e0 mort. Tous ces actes de d\u00e9fi ont marqu\u00e9 une nouvelle phase de mobilisation et obtenu des r\u00e9sultats significatifs.<\/p>\n\n\n\n<h3 class=\"wp-block-heading\"><strong>Zahra Shahbaz Tabari, prisonni\u00e8re politique, condamn\u00e9e \u00e0 mort<\/strong><\/h3>\n\n\n\n<p>Le 25 octobre, des sources ont rapport\u00e9 que Zahra Shahbaz Tabari, 67 ans, avait \u00e9t\u00e9 <a href=\"https:\/\/wncri.org\/fr\/2025\/10\/26\/zahra-shahbaz-tabari-condamnee-a-mort\/\" target=\"_blank\" rel=\"noreferrer noopener\">condamn\u00e9e \u00e0 mort<\/a> par la 1\u02b3\u1d49 chambre du tribunal r\u00e9volutionnaire de Rasht pour soutien \u00e0 l\u2019Organisation des\u00a0Moudjahidines du peuple iranien<a href=\"https:\/\/www.maryam-rajavi.com\/fr\/lompi-un-tresor-national-de-lhistoire-de-liran\/\" target=\"_blank\" rel=\"noreferrer noopener\">OMPI<\/a>\/MEK.<\/p>\n\n\n<div class=\"wp-block-image\">\n<figure class=\"aligncenter size-full\"><img decoding=\"async\" src=\"data:image\/gif;base64,R0lGODlhAQABAIAAAAAAAP\/\/\/yH5BAEAAAAALAAAAAABAAEAAAIBRAA7\" data-src=\"https:\/\/wncri.org\/fr\/wp-content\/uploads\/2025\/10\/image.jpeg\" alt=\"\" class=\"wp-image-24254 lazyload\"\/><noscript><img decoding=\"async\" width=\"480\" height=\"240\" src=\"https:\/\/wncri.org\/fr\/wp-content\/uploads\/2025\/10\/image.jpeg\" alt=\"\" class=\"wp-image-24254 lazyload\" srcset=\"https:\/\/wncri.org\/fr\/wp-content\/uploads\/2025\/10\/image.jpeg 480w, https:\/\/wncri.org\/fr\/wp-content\/uploads\/2025\/10\/image-300x150.jpeg 300w, https:\/\/wncri.org\/fr\/wp-content\/uploads\/2025\/10\/image-360x180.jpeg 360w\" sizes=\"(max-width: 480px) 100vw, 480px\" \/><\/noscript><\/figure>\n<\/div>\n\n\n<p class=\"has-text-align-center\">Zahra Shahbaz Tabari<\/p>\n\n\n\n<p>C\u2019est la premi\u00e8re fois qu\u2019une femme sympathisante de l\u2019OMPI re\u00e7oit une telle condamnation, un signal de terreur adress\u00e9 par le r\u00e9gime aux femmes iraniennes, en premi\u00e8re ligne des manifestations et de la contestation, afin de les dissuader de rejoindre l\u2019opposition organis\u00e9e.<\/p>\n\n\n\n<p>Selon sa famille, l\u2019audience s\u2019est tenue en ligne, a dur\u00e9 moins de dix minutes, et l\u2019avocat commis d\u2019office n\u2019a pr\u00e9sent\u00e9 aucune d\u00e9fense effective. La condamnation a \u00e9t\u00e9 prononc\u00e9e imm\u00e9diatement.<\/p>\n\n\n\n<p>Les soi-disant \u201cpreuves\u201d \u00e0 charge se limitaient \u00e0 un morceau de tissu portant le slogan \u201cFemme, R\u00e9sistance, Libert\u00e9\u201d et \u00e0 un message audio non publi\u00e9, que sa famille a d\u00e9nonc\u00e9 comme fabriqu\u00e9 de toutes pi\u00e8ces.<\/p>\n\n\n\n<p>Mme Zahra Shahbaz Tabari est titulaire d\u2019un master en g\u00e9nie \u00e9lectrique, dipl\u00f4m\u00e9e de l\u2019Universit\u00e9 de technologie d\u2019Ispahan et de l\u2019Universit\u00e9 de Bor\u00e5s en Su\u00e8de, sp\u00e9cialis\u00e9e en \u00e9nergie durable.<\/p>\n\n\n\n<p>Elle a \u00e9t\u00e9 arr\u00eat\u00e9e le 17 avril 2025, lorsque des agents de s\u00e9curit\u00e9 ont pris d\u2019assaut son domicile sans mandat, et elle est actuellement d\u00e9tenue \u00e0 la prison de <a href=\"https:\/\/wncri.org\/fr\/2021\/12\/10\/les-conditions-des-femmes-prisons\/\" target=\"_blank\" rel=\"noreferrer noopener\">Lakan \u00e0 Rasht<\/a>.<\/p>\n\n\n\n<p>La Commission des Femmes du Conseil national de la R\u00e9sistance iranienne (CNRI) appelle les organes comp\u00e9tents des Nations unies et toutes les organisations internationales de d\u00e9fense des droits humains \u00e0 agir imm\u00e9diatement pour sauver la vie de Zahra Shahbaz Tabari et celle des autres prisonni\u00e8res politiques condamn\u00e9es \u00e0 mort.<\/p>\n\n\n\n<h3 class=\"wp-block-heading\"><strong>Condamnations arbitraires et incertitude juridique pour les prisonni\u00e8res politiques<\/strong><\/h3>\n\n\n\n<p>Il convient de noter que Fariba Khorram-Abadi, professeure de th\u00e9ologie, m\u00e8re d\u2019un enfant, arr\u00eat\u00e9e en ao\u00fbt 2025 sans mandat, a \u00e9t\u00e9 inform\u00e9e le 23 octobre qu\u2019elle avait \u00e9t\u00e9 <a href=\"https:\/\/wncri.org\/fr\/2025\/10\/25\/la-professeure-fariba-khorramabadi\/\" target=\"_blank\" rel=\"noreferrer noopener\">condamn\u00e9e \u00e0 un an et demi de prison<\/a> pour \u201cpropagande contre le r\u00e9gime\u201d et \u201cappartenance \u00e0 des r\u00e9seaux antigouvernementaux\u201d.<\/p>\n\n\n\n<p>Souffrant d\u2019ant\u00e9c\u00e9dents cardiaques, elle est d\u00e9tenue dans des conditions alarmantes \u00e0 la prison de Fardis (Karaj). Apr\u00e8s avoir re\u00e7u un mauvais traitement m\u00e9dicamenteux, elle a d\u00e9velopp\u00e9 de graves tremblements neurologiques et des crises r\u00e9p\u00e9t\u00e9es.<\/p>\n\n\n\n<p>Malgr\u00e9 son \u00e9tat critique, les gardiens lui ont encha\u00een\u00e9 les mains et les pieds pour la transf\u00e9rer \u00e0 l\u2019h\u00f4pital, une humiliation qui a aggrav\u00e9 sa souffrance. En signe de protestation, elle a refus\u00e9 d\u2019\u00eatre hospitalis\u00e9e.<\/p>\n\n\n\n<p><a href=\"https:\/\/wncri.org\/fr\/2025\/10\/11\/manijeh-hassani-fard-fariba-khorramabadi\/\" target=\"_blank\" rel=\"noreferrer noopener\"><strong>Manijeh Hassani-Fard<\/strong><\/a>, 62 ans, m\u00e8re de deux enfants, est d\u00e9tenue \u00e0 Fardis depuis ao\u00fbt 2025, \u00e9galement sans mandat ni inculpation.<\/p>\n\n\n<div class=\"wp-block-image\">\n<figure class=\"aligncenter size-full\"><img decoding=\"async\" src=\"data:image\/gif;base64,R0lGODlhAQABAIAAAAAAAP\/\/\/yH5BAEAAAAALAAAAAABAAEAAAIBRAA7\" data-src=\"https:\/\/wncri.org\/fr\/wp-content\/uploads\/2025\/10\/image-5.jpeg\" alt=\"\" class=\"wp-image-24259 lazyload\"\/><noscript><img decoding=\"async\" width=\"480\" height=\"240\" src=\"https:\/\/wncri.org\/fr\/wp-content\/uploads\/2025\/10\/image-5.jpeg\" alt=\"\" class=\"wp-image-24259 lazyload\" srcset=\"https:\/\/wncri.org\/fr\/wp-content\/uploads\/2025\/10\/image-5.jpeg 480w, https:\/\/wncri.org\/fr\/wp-content\/uploads\/2025\/10\/image-5-300x150.jpeg 300w, https:\/\/wncri.org\/fr\/wp-content\/uploads\/2025\/10\/image-5-360x180.jpeg 360w\" sizes=\"(max-width: 480px) 100vw, 480px\" \/><\/noscript><\/figure>\n<\/div>\n\n\n<p class=\"has-text-align-center\">De gauche \u00e0 droite : Fariba Khorram-Abadi, Manijeh Hassani-Fard et Yalda Emamdoust<\/p>\n\n\n\n<p>Aucune autorit\u00e9 judiciaire ou s\u00e9curitaire n\u2019a reconnu sa responsabilit\u00e9 dans cette arrestation, et aucune information n\u2019a \u00e9t\u00e9 fournie sur les raisons de sa d\u00e9tention ni sur son \u00e9tat de sant\u00e9.<\/p>\n\n\n\n<p>De m\u00eame<strong>, <\/strong><a href=\"https:\/\/wncri.org\/fr\/2025\/10\/13\/yalda-emamdoust-athlete-iranienne-disparue\/\" target=\"_blank\" rel=\"noreferrer noopener\"><strong>Yalda Emamdoust<\/strong><\/a><strong>, <\/strong>50 ans, sportive et m\u00e8re de deux enfants, a \u00e9t\u00e9 arr\u00eat\u00e9e \u00e0 la mi-ao\u00fbt sans mandat et transf\u00e9r\u00e9e vers un lieu inconnu.<\/p>\n\n\n\n<p>Aucune information n\u2019a \u00e9merg\u00e9 sur son lieu de d\u00e9tention ni sur son \u00e9tat, et aucune autorit\u00e9 judiciaire ou s\u00e9curitaire n\u2019a reconnu sa d\u00e9tention.<\/p>\n\n\n\n<p><strong>Femmes ex\u00e9cut\u00e9es en octobre<\/strong><\/p>\n\n\n\n<ol class=\"wp-block-list\">\n<li><strong>Zeinab Khodabandeh<\/strong> \u2013 13 octobre<\/li>\n\n\n\n<li><strong>Nahid Hemmati<\/strong> \u2013 15 octobre<\/li>\n\n\n\n<li><strong>Kafieh Ghabadzadeh<\/strong> \u2013 15 octobre<\/li>\n\n\n\n<li><strong>Saeedeh Khodadadi<\/strong> \u2013 22 octobre<\/li>\n\n\n\n<li><strong>Narges Ahmadi<\/strong> \u2013 25 octobre<\/li>\n\n\n\n<li><strong>Mahboubeh Jalali<\/strong> \u2013 25 octobre<\/li>\n\n\n\n<li><strong>Katayoun Shamsi<\/strong> \u2013 29 octobre<\/li>\n<\/ol>\n\n\n\n<p>L\u2019examen de ces cas, apr\u00e8s des proc\u00e8s iniques et sans d\u00e9fense l\u00e9gale, r\u00e9v\u00e8le que la plupart de ces femmes \u00e9taient victimes de la pauvret\u00e9 ou des lois familiales discriminatoires. Beaucoup avaient tu\u00e9 leurs maris violents en l\u00e9gitime d\u00e9fense.<\/p>\n\n\n\n<p>La prisonni\u00e8re politique Golrokh Ebrahimi Iraee, dans une lettre dat\u00e9e du 27 juillet 2019, apr\u00e8s avoir \u00e9tudi\u00e9 les cas de femmes condamn\u00e9es \u00e0 mort pour meurtre, \u00e9crivait :<\/p>\n\n\n\n<p>\u00ab La majorit\u00e9 d\u2019entre elles avaient tu\u00e9 leurs maris apr\u00e8s des ann\u00e9es de violences conjugales \u2014 insultes, coups, parfois tortures \u2014 parce qu\u2019elles n\u2019avaient pas le droit au divorce. Si les juges avaient accept\u00e9 leurs demandes r\u00e9p\u00e9t\u00e9es de s\u00e9paration, elles n\u2019auraient jamais commis de tels actes d\u00e9sesp\u00e9r\u00e9s. \u00bb<\/p>\n\n\n\n<h3 class=\"wp-block-heading\"><strong>R\u00e9sistance contre les ex\u00e9cutions : de Ghezel Hessar aux rues de T\u00e9h\u00e9ran<\/strong><\/h3>\n\n\n\n<p>La recrudescence des ex\u00e9cutions n\u2019a pas r\u00e9duit les voix de la contestation ; au contraire, le cri \u00ab \u00c0 bas les ex\u00e9cutions \u00bb r\u00e9sonne plus fort que jamais, des prisons jusqu\u2019aux rues. Le mois d\u2019octobre a vu un acte de d\u00e9fi sans pr\u00e9c\u00e9dent de la part des prisonniers condamn\u00e9s \u00e0 mort face \u00e0 la machine de mort du r\u00e9gime.<\/p>\n\n\n\n<p>Entre le 13 et le 19 octobre, 1 500 d\u00e9tenus du quartier 2 de la prison de Ghezel Hessar, \u00e0 Karaj, ont entam\u00e9 une <a href=\"https:\/\/fr.ncr-iran.org\/communiques-cnri\/droits-humains\/1500-condamnes-a-mort-poursuivent-leur-greve-de-la-faim-a-qezel-hessar-malgre-les-menaces-des-bourreaux\/\" target=\"_blank\" rel=\"noreferrer noopener\">gr\u00e8ve de la faim<\/a> pour protester contre la vague d\u2019ex\u00e9cutions. Il s\u2019agit de la plus vaste gr\u00e8ve collective de l\u2019histoire des prisons sous le r\u00e9gime des mollahs. Celle-ci n\u2019a pris fin temporairement que lorsque les autorit\u00e9s ont \u00e9t\u00e9 contraintes \u00e0 un recul exceptionnel face \u00e0 l\u2019ampleur de la contestation \u00e0 l\u2019int\u00e9rieur des prisons.<\/p>\n\n\n\n<p>Cette gr\u00e8ve de la faim, marqu\u00e9e par des l\u00e8vres cousues et des corps \u00e9maci\u00e9s, a re\u00e7u un puissant \u00e9cho de solidarit\u00e9 de la part des familles des prisonniers. \u00c9pouses, m\u00e8res, s\u0153urs et enfants se sont rassembl\u00e9s \u00e0 trois reprises devant la prison de Ghezel Hessar et devant le Parlement des mollahs \u00e0 T\u00e9h\u00e9ran, brisant le mur de la censure du r\u00e9gime et faisant entendre la voix des prisonniers au grand public, qui y a r\u00e9pondu par une large sympathie et un soutien croissant.<\/p>\n\n\n\n<p>Ces <a href=\"https:\/\/wncri.org\/fr\/2025\/10\/19\/familles-de-condamnes-a-mort-4\/\" target=\"_blank\" rel=\"noreferrer noopener\">rassemblements et manifestations<\/a> ont eu lieu malgr\u00e9 les menaces, la r\u00e9pression violente et les arrestations des 15 et 19 octobre, et se sont <a href=\"https:\/\/wncri.org\/fr\/2025\/10\/26\/familles-des-condamnes-a-mort-2\/\" target=\"_blank\" rel=\"noreferrer noopener\">poursuivis le dimanche<\/a> 26 octobre, en plein c\u0153ur de T\u00e9h\u00e9ran, devant le Parlement.<\/p>\n\n\n\n<p>Une pancarte tenue par un enfant proclamait :<\/p>\n\n\n\n<p>\u00ab L\u2019ex\u00e9cution d\u2019une personne ne met pas fin \u00e0 l\u2019injustice ; elle engendre une nouvelle souffrance pour les enfants sans d\u00e9fense. \u00bb<\/p>\n\n\n<div class=\"wp-block-image\">\n<figure class=\"aligncenter size-full\"><img decoding=\"async\" src=\"data:image\/gif;base64,R0lGODlhAQABAIAAAAAAAP\/\/\/yH5BAEAAAAALAAAAAABAAEAAAIBRAA7\" data-src=\"https:\/\/wncri.org\/fr\/wp-content\/uploads\/2025\/10\/image-1.jpeg\" alt=\"\" class=\"wp-image-24255 lazyload\"\/><noscript><img decoding=\"async\" width=\"480\" height=\"240\" src=\"https:\/\/wncri.org\/fr\/wp-content\/uploads\/2025\/10\/image-1.jpeg\" alt=\"\" class=\"wp-image-24255 lazyload\" srcset=\"https:\/\/wncri.org\/fr\/wp-content\/uploads\/2025\/10\/image-1.jpeg 480w, https:\/\/wncri.org\/fr\/wp-content\/uploads\/2025\/10\/image-1-300x150.jpeg 300w, https:\/\/wncri.org\/fr\/wp-content\/uploads\/2025\/10\/image-1-360x180.jpeg 360w\" sizes=\"(max-width: 480px) 100vw, 480px\" \/><\/noscript><\/figure>\n<\/div>\n\n\n<p>Les prisonni\u00e8res politiques du quartier 6 de la prison d\u2019Evin, ainsi que les prisonniers politiques du quartier 7 d\u2019Evin et ceux de Ghezel Hessar, ont exprim\u00e9 leur solidarit\u00e9 avec cet acte de r\u00e9sistance<\/p>\n\n\n\n<p>Le matin du dimanche 19 octobre 2025, six prisonniers qui avaient \u00e9t\u00e9 transf\u00e9r\u00e9s auparavant en isolement, en pr\u00e9paration de leur ex\u00e9cution, ont \u00e9t\u00e9 renvoy\u00e9s dans leur quartier d\u2019origine. Une d\u00e9l\u00e9gation de hauts responsables judiciaires et p\u00e9nitentiaires s\u2019est \u00e9galement rendue sur place et a promis qu\u2019aucune ex\u00e9cution ne serait men\u00e9e dans les mois \u00e0 venir.<\/p>\n\n\n\n<p>Ce puissant mouvement de protestation a puis\u00e9 son inspiration dans la campagne nationale \u00ab Non aux ex\u00e9cutions du mardi \u00bb, qui se poursuit sans interruption depuis 92 semaines \u00e0 travers 54 prisons d\u2019Iran. Cette campagne a uni les m\u00e8res et familles des condamn\u00e9s \u00e0 mort aux militants abolitionnistes, faisant preuve d\u2019un courage et d\u2019une pers\u00e9v\u00e9rance remarquables. Malgr\u00e9 les menaces, les intimidations et le harc\u00e8lement permanent du r\u00e9gime, ce mouvement ne cesse de cro\u00eetre, gagnant des dizaines de villes \u00e0 travers le pays et b\u00e9n\u00e9ficiant d\u2019un soutien international croissant.<\/p>\n\n\n<div class=\"wp-block-image\">\n<figure class=\"aligncenter size-full\"><img decoding=\"async\" src=\"data:image\/gif;base64,R0lGODlhAQABAIAAAAAAAP\/\/\/yH5BAEAAAAALAAAAAABAAEAAAIBRAA7\" data-src=\"https:\/\/wncri.org\/fr\/wp-content\/uploads\/2025\/10\/image-4.jpeg\" alt=\"\" class=\"wp-image-24258 lazyload\"\/><noscript><img decoding=\"async\" width=\"480\" height=\"240\" src=\"https:\/\/wncri.org\/fr\/wp-content\/uploads\/2025\/10\/image-4.jpeg\" alt=\"\" class=\"wp-image-24258 lazyload\" srcset=\"https:\/\/wncri.org\/fr\/wp-content\/uploads\/2025\/10\/image-4.jpeg 480w, https:\/\/wncri.org\/fr\/wp-content\/uploads\/2025\/10\/image-4-300x150.jpeg 300w, https:\/\/wncri.org\/fr\/wp-content\/uploads\/2025\/10\/image-4-360x180.jpeg 360w\" sizes=\"(max-width: 480px) 100vw, 480px\" \/><\/noscript><\/figure>\n<\/div>\n\n\n<h3 class=\"wp-block-heading\"><strong>R\u00e9sistance et protestations des prisonni\u00e8res politiques et leur retour \u00e0 Evin<\/strong><\/h3>\n\n\n\n<p>Les prisonni\u00e8res politiques <a href=\"https:\/\/wncri.org\/fr\/2025\/06\/27\/prison-de-qarchak-prisonnieres-politiques\/\" target=\"_blank\" rel=\"noreferrer noopener\">transf\u00e9r\u00e9es du quartier des femmes<\/a> de la prison d\u2019Evin vers la prison de Qarchak durant le conflit p\u00e9nitentiaire de douze jours n\u2019ont jamais cess\u00e9 leur r\u00e9sistance et leurs protestations, malgr\u00e9 les conditions effroyables, inhumaines et bien en de\u00e7\u00e0 des normes les plus \u00e9l\u00e9mentaires.<\/p>\n\n\n\n<p>Les 29 et 30 septembre 2025, elles ont <a href=\"https:\/\/wncri.org\/fr\/2025\/09\/30\/prisonnieres-politiques-greve-de-la-faim\/\" target=\"_blank\" rel=\"noreferrer noopener\">entam\u00e9 une gr\u00e8ve de la faim pour protester<\/a> contre la mort de leur cod\u00e9tenue <a href=\"https:\/\/wncri.org\/fr\/2025\/09\/25\/prisonniere-politique-somayeh-rashidi\/\" target=\"_blank\" rel=\"noreferrer noopener\">Somayeh Rashidi<\/a>, d\u00e9c\u00e9d\u00e9e faute de soins m\u00e9dicaux. En repr\u00e9sailles, les autorit\u00e9s de Qarchak ont priv\u00e9 plusieurs prisonni\u00e8res \u2013 dont Shiva Esmaeili, Marzieh Farsi, Forough Taghipour, Arghavan Fallahi, Anisha Asadollahi et Golrokh Ebrahimi \u2013 de visites familiales \u00e0 trois reprises.<\/p>\n\n\n\n<p>Dans le m\u00eame temps, les <a href=\"https:\/\/wncri.org\/fr\/2025\/10\/02\/30-prisonniers-politiques-demandent\/\" target=\"_blank\" rel=\"noreferrer noopener\">prisonniers politiques du quartier 7 de la prison d\u2019Evin<\/a> ont organis\u00e9 un sit-in dans la cour de promenade, en solidarit\u00e9 avec les prisonni\u00e8res \u00e0 Qarchak et pour protester contre leurs conditions. Leurs principales revendications portaient sur :<\/p>\n\n\n\n<p>Le transfert imm\u00e9diat des prisonni\u00e8res politiques de Qarchak vers Evin, la lib\u00e9ration des prisonni\u00e8res malades, la poursuite des responsables de la mort de Somayeh Rashidi, et la cr\u00e9ation de cliniques m\u00e9dicales ind\u00e9pendantes dans les prisons.<\/p>\n\n\n\n<p>Sous la double pression de ces protestations et de la mobilisation publique, tant nationale qu\u2019internationale, le r\u00e9gime a finalement \u00e9t\u00e9 contraint de transf\u00e9rer <a href=\"https:\/\/wncri.org\/fr\/2025\/10\/09\/prisonnieres-politiques-qarchak\/\" target=\"_blank\" rel=\"noreferrer noopener\">les prisonni\u00e8res politiques de Qarchak vers Evin.<\/a><\/p>\n\n\n<div class=\"wp-block-image\">\n<figure class=\"aligncenter size-full\"><img decoding=\"async\" src=\"data:image\/gif;base64,R0lGODlhAQABAIAAAAAAAP\/\/\/yH5BAEAAAAALAAAAAABAAEAAAIBRAA7\" data-src=\"https:\/\/wncri.org\/fr\/wp-content\/uploads\/2025\/10\/image-3.jpeg\" alt=\"\" class=\"wp-image-24257 lazyload\"\/><noscript><img decoding=\"async\" width=\"480\" height=\"240\" src=\"https:\/\/wncri.org\/fr\/wp-content\/uploads\/2025\/10\/image-3.jpeg\" alt=\"\" class=\"wp-image-24257 lazyload\" srcset=\"https:\/\/wncri.org\/fr\/wp-content\/uploads\/2025\/10\/image-3.jpeg 480w, https:\/\/wncri.org\/fr\/wp-content\/uploads\/2025\/10\/image-3-300x150.jpeg 300w, https:\/\/wncri.org\/fr\/wp-content\/uploads\/2025\/10\/image-3-360x180.jpeg 360w\" sizes=\"(max-width: 480px) 100vw, 480px\" \/><\/noscript><\/figure>\n<\/div>\n\n\n<p>Aux premi\u00e8res heures du jeudi 9 octobre 2025, un groupe de prisonni\u00e8res politiques, accompagn\u00e9 de quatre femmes condamn\u00e9es pour des affaires financi\u00e8res, a \u00e9t\u00e9 transf\u00e9r\u00e9 sous haute s\u00e9curit\u00e9 au quartier 6 de la prison d\u2019Evin. Le transfert s\u2019est d\u00e9roul\u00e9 dans un important convoi de v\u00e9hicules de s\u00e9curit\u00e9 et plusieurs bus, avec de multiples fouilles, en pleine nuit.<\/p>\n\n\n\n<p>Les informations ult\u00e9rieures indiquent que plus de 60 prisonni\u00e8res politiques ont \u00e9t\u00e9 d\u00e9plac\u00e9es vers le quartier 6. Elles ont \u00e9t\u00e9 <a href=\"https:\/\/wncri.org\/fr\/2025\/10\/10\/de-qarchak-a-evin-prisonnieres-politiques\/\" target=\"_blank\" rel=\"noreferrer noopener\">priv\u00e9es de besoins humains et d\u2019hygi\u00e8ne \u00e9l\u00e9mentaires<\/a> : \u00e0 l\u2019approche du froid automnal, elles n\u2019avaient ni lits, ni couvertures, ni chauffage. Beaucoup ont d\u00fb dormir \u00e0 m\u00eame le sol en b\u00e9ton. L\u2019\u00e9clairage \u00e9tait insuffisant, l\u2019air \u00e9touffant, et l\u2019acc\u00e8s \u00e0 l\u2019eau chaude tr\u00e8s limit\u00e9.<\/p>\n\n\n\n<p>Malgr\u00e9 l\u2019ampleur de ce transfert et la sensibilit\u00e9 de la situation, aucun responsable de l\u2019Organisation p\u00e9nitentiaire ou du pouvoir judiciaire n\u2019a, \u00e0 ce jour, fourni la moindre explication. Les familles rapportent que les visites et la livraison de couvertures ou de mat\u00e9riel de chauffage ont \u00e9t\u00e9 interdites, et que les appels t\u00e9l\u00e9phoniques des prisonni\u00e8res sont limit\u00e9s \u00e0 quelques minutes par semaine.<\/p>\n\n\n\n<p>Il convient de noter que ce retour des prisonni\u00e8res politiques \u00e0 Evin ne concernait que celles qui avaient \u00e9t\u00e9 transf\u00e9r\u00e9es \u00e0 Qarchak apr\u00e8s <a href=\"https:\/\/wncri.org\/fr\/2025\/06\/23\/prison-devin-le-quartier-des-femmes\/\" target=\"_blank\" rel=\"noreferrer noopener\">l\u2019attaque contre Evin<\/a> lors de la \u00ab guerre de douze jours \u00bb du 23 juin.<\/p>\n\n\n\n<p>La prison de Qarchak continue d\u2019h\u00e9berger des milliers de d\u00e9tenues pour des infractions de droit commun. Par ailleurs, certaines prisonni\u00e8res politiques, dont <a href=\"https:\/\/wncri.org\/fr\/2025\/10\/12\/maryam-akbari-monfared-transfert-qarchak\/\" target=\"_blank\" rel=\"noreferrer noopener\">Maryam Akbari Monfared,<\/a> y sont toujours maintenues, en violation du principe de s\u00e9paration selon le type d\u2019infraction.<\/p>\n\n\n\n<h3 class=\"wp-block-heading\"><strong>\u00c9tat de sant\u00e9 critique de prisonni\u00e8res politiques priv\u00e9es de soins m\u00e9dicaux<\/strong><\/h3>\n\n\n\n<p>Un autre aspect crucial du rapport d\u2019octobre concerne la situation m\u00e9dicale de plusieurs prisonni\u00e8res politiques qui, malgr\u00e9 la gravit\u00e9 de leur \u00e9tat, se voient refuser tout acc\u00e8s aux soins. Le r\u00e9gime prive d\u00e9lib\u00e9r\u00e9ment ces femmes de traitement afin de les handicaper, de les isoler ou de les tuer \u00e0 petit feu par la maladie. Il s\u2019agit l\u00e0 d\u2019une forme d\u2019ex\u00e9cution silencieuse au sein des prisons du r\u00e9gime. Voici la situation de plusieurs de ces prisonni\u00e8res r\u00e9silientes :<\/p>\n\n\n<div class=\"wp-block-image\">\n<figure class=\"aligncenter size-full\"><img decoding=\"async\" src=\"data:image\/gif;base64,R0lGODlhAQABAIAAAAAAAP\/\/\/yH5BAEAAAAALAAAAAABAAEAAAIBRAA7\" data-src=\"https:\/\/wncri.org\/fr\/wp-content\/uploads\/2025\/10\/image-2.jpeg\" alt=\"\" class=\"wp-image-24256 lazyload\"\/><noscript><img decoding=\"async\" width=\"480\" height=\"240\" src=\"https:\/\/wncri.org\/fr\/wp-content\/uploads\/2025\/10\/image-2.jpeg\" alt=\"\" class=\"wp-image-24256 lazyload\" srcset=\"https:\/\/wncri.org\/fr\/wp-content\/uploads\/2025\/10\/image-2.jpeg 480w, https:\/\/wncri.org\/fr\/wp-content\/uploads\/2025\/10\/image-2-300x150.jpeg 300w, https:\/\/wncri.org\/fr\/wp-content\/uploads\/2025\/10\/image-2-360x180.jpeg 360w\" sizes=\"(max-width: 480px) 100vw, 480px\" \/><\/noscript><\/figure>\n<\/div>\n\n\n<p class=\"has-text-align-center\">De gauche \u00e0 droite : Maryam Akbari Monfared, Shiva Esmaeili, Fatemeh Ziaii et Hoda Mehreganfar<\/p>\n\n\n\n<p><strong>Maryam Akbari Monfared<\/strong>, l\u2019une des prisonni\u00e8res politiques les plus anciennes et les plus r\u00e9sistantes, entame sa seizi\u00e8me ann\u00e9e d\u2019emprisonnement sans un seul jour de permission. Selon des informations r\u00e9centes, <a href=\"https:\/\/wncri.org\/fr\/2025\/09\/26\/maryam-akbari-monfared-prison-de-qarchak\/\" target=\"_blank\" rel=\"noreferrer noopener\">elle souffre depuis plusieurs mois<\/a> de fortes douleurs au dos et aux genoux, d\u2019engourdissements des jambes et de troubles de la mobilit\u00e9. Malgr\u00e9 les recommandations de sp\u00e9cialistes et un rapport officiel de m\u00e9decine l\u00e9gale exigeant des s\u00e9ances quotidiennes de physioth\u00e9rapie, les autorit\u00e9s p\u00e9nitentiaires refusent de la transf\u00e9rer vers un centre m\u00e9dical.<\/p>\n\n\n\n<p>Des sources proches de sa famille ont d\u00e9clar\u00e9 :<\/p>\n\n\n\n<p>\u00ab Maryam a besoin d\u2019aide pour les t\u00e2ches les plus simples, mais les autorit\u00e9s exigent une autorisation du juge. Deux semaines se sont \u00e9coul\u00e9es depuis sa demande, sans aucune r\u00e9ponse. \u00bb<\/p>\n\n\n\n<p>Les m\u00e9decins ont averti qu\u2019une poursuite de cette n\u00e9gligence pourrait entra\u00eener des l\u00e9sions nerveuses irr\u00e9versibles et une incontinence urinaire. La m\u00e9decine l\u00e9gale avait d\u00e9j\u00e0 soulign\u00e9 la n\u00e9cessit\u00e9 d\u2019une intervention chirurgicale au dos et aux genoux, mais l\u2019absence d\u2019infrastructures et la n\u00e9gligence d\u00e9lib\u00e9r\u00e9e des autorit\u00e9s ont gravement aggrav\u00e9 son \u00e9tat. Selon des sources internes \u00e0 la prison d\u2019Evin, elle ne dort plus la nuit tant la douleur est intense et ne peut se d\u00e9placer qu\u2019\u00e0 l\u2019aide d\u2019antalgiques puissants.<\/p>\n\n\n\n<p><strong>Hoda Mehreganfar<\/strong>, <a href=\"https:\/\/wncri.org\/fr\/2025\/10\/19\/hoda-mehreganfar-en-danger-de-mort\/\" target=\"_blank\" rel=\"noreferrer noopener\">ing\u00e9nieure en \u00e9lectronique<\/a> \u00e2g\u00e9e de 38 ans et prisonni\u00e8re politique d\u00e9tenue \u00e0 la <a href=\"https:\/\/women.ncr-iran.org\/fr\/2021\/12\/10\/les-conditions-des-femmes-prisons\/\" target=\"_blank\" rel=\"noreferrer noopener\">prison d\u2019Adelabad \u00e0 Chiraz<\/a>, se trouve dans un \u00e9tat de sant\u00e9 critique. Les services de s\u00e9curit\u00e9 continuent d\u2019emp\u00eacher son transfert \u00e0 l\u2019h\u00f4pital, mettant sa vie en grave danger.<\/p>\n\n\n\n<p>Selon des sources bien inform\u00e9es, elle souffre d\u2019une r\u00e9cidive d\u2019endom\u00e9triome, comportant un risque de rupture interne et d\u2019infection. Le m\u00e9decin de la prison avait insist\u00e9 sur la n\u00e9cessit\u00e9 d\u2019une hospitalisation imm\u00e9diate, mais les autorit\u00e9s, invoquant des \u00ab ordres directs des services de s\u00e9curit\u00e9 \u00bb, ont bloqu\u00e9 cette recommandation. Elle souffre aujourd\u2019hui de douleurs chroniques, de forte fi\u00e8vre et d\u2019une extr\u00eame faiblesse, sans acc\u00e8s aux m\u00e9dicaments prescrits. Une source proche de sa famille rapporte :<\/p>\n\n\n\n<p>\u00ab Hoda est d\u00e9tenue dans des conditions o\u00f9 elle ne peut ni se reposer ni s\u2019alimenter correctement. Sa sant\u00e9 se d\u00e9t\u00e9riore chaque jour. \u00bb<\/p>\n\n\n\n<p><strong>Shiva Esmaeili<\/strong>, 60 ans, prisonni\u00e8re politique d\u00e9tenue \u00e0 Evin, <a href=\"https:\/\/wncri.org\/fr\/2025\/10\/15\/shiva-esmaeli-rendue-infirme-a-evin-faute\/\" target=\"_blank\" rel=\"noreferrer noopener\">souffre de douleurs dorsales si intenses<\/a> qu\u2019elles affectent sa respiration et la rendent presque incapable de bouger.<\/p>\n\n\n\n<p>Le 19 octobre 2025, apr\u00e8s des semaines de souffrance et de n\u00e9gligence, les autorit\u00e9s ont enfin autoris\u00e9 son transfert \u00e0 l\u2019h\u00f4pital. Cependant, lorsque les agents ont d\u00e9couvert que sa carte bancaire ne contenait plus de fonds, et sur ordre du directeur de la prison, elle a \u00e9t\u00e9 renvoy\u00e9e \u00e0 Evin. Bien qu\u2019elle ait propos\u00e9 de contacter sa famille pour couvrir les frais<a href=\"https:\/\/wncri.org\/fr\/2025\/10\/19\/shiva-esmaeli-victime-de-privation\/\" target=\"_blank\" rel=\"noreferrer noopener\">, les autorit\u00e9s lui ont d\u00e9lib\u00e9r\u00e9ment refus\u00e9<\/a> ce droit.<br>Ce comportement montre comment les responsables de la prison d\u2019Evin utilisent l\u2019acc\u00e8s aux soins m\u00e9dicaux comme instrument de pression et de torture psychologique contre les prisonni\u00e8res politiques.<\/p>\n\n\n\n<p><strong>Fatemeh Ziaii<\/strong>, 68 ans, ancienne prisonni\u00e8re politique des ann\u00e9es 1980, d\u00e9tenue \u00e0 Evin, a pass\u00e9 plus de treize ans dans les prisons et centres de torture du r\u00e9gime. Elle souffre d\u2019une scl\u00e9rose en plaques avanc\u00e9e et se voit refuser les soins essentiels. Arr\u00eat\u00e9e le 6 ao\u00fbt 2025 lors <a href=\"https:\/\/wncri.org\/fr\/2025\/08\/09\/fatemeh-ziaii-68-ans-arretee-pour\/\" target=\"_blank\" rel=\"noreferrer noopener\">d\u2019un raid \u00e0 son domicile<\/a>, tous ses appareils de communication ont \u00e9t\u00e9 saisis. Il s\u2019agit de sa septi\u00e8me arrestation en quatre d\u00e9cennies.<\/p>\n\n\n\n<h3 class=\"wp-block-heading\"><strong>L\u2019indignation internationale face \u00e0 la vague d\u2019ex\u00e9cutions en Iran<\/strong><\/h3>\n\n\n\n<p>L\u2019augmentation vertigineuse des ex\u00e9cutions et les violations massives des droits humains en Iran ont suscit\u00e9 une vague de condamnations internationales.<br>Dans une d\u00e9claration<a href=\"https:\/\/www.amnesty.org\/fr\/latest\/news\/2025\/10\/iran-un-member-states-must-urgently-press-authorities-to-halt-executions-after-horrifying-increase\/\" target=\"_blank\" rel=\"noreferrer noopener\">, Amnesty International<\/a> a appel\u00e9 les \u00c9tats membres de l\u2019ONU \u00e0 \u00ab faire pression d\u2019urgence sur les autorit\u00e9s iraniennes pour mettre fin \u00e0 la hausse terrifiante des ex\u00e9cutions \u00bb.<br>Le directeur adjoint r\u00e9gional d\u2019Amnesty pour le Moyen-Orient et l\u2019Afrique du Nord, Hussein Baoumi, a d\u00e9clar\u00e9 :<\/p>\n\n\n\n<p>\u00ab Les \u00c9tats membres de l\u2019ONU doivent affronter la fr\u00e9n\u00e9sie d\u2019ex\u00e9cutions des autorit\u00e9s iraniennes avec toute l\u2019urgence qu\u2019elle requiert. \u00bb<\/p>\n\n\n\n<p>De son c\u00f4t\u00e9, Ant\u00f3nio Guterres, secr\u00e9taire g\u00e9n\u00e9ral des Nations unies, s\u2019est dit profond\u00e9ment pr\u00e9occup\u00e9 par la situation des droits humains en Iran, appelant \u00e0 l\u2019arr\u00eat imm\u00e9diat des ex\u00e9cutions, \u00e0 la lib\u00e9ration des prisonniers politiques et \u00e0 la fin de la torture et des traitements inhumains dans les prisons.<br>Son rapport, publi\u00e9 en octobre 2025, met en lumi\u00e8re la multiplication des ex\u00e9cutions, y compris celles de prisonniers politiques, de personnes accus\u00e9es de d\u00e9lits li\u00e9s \u00e0 la drogue ou de \u00ab corruption sur terre \u00bb, et souligne le caract\u00e8re syst\u00e9matique des violations des droits humains dans le pays.<\/p>\n\n\n\n<p>Selon ce rapport, de nombreuses ex\u00e9cutions reposent sur des aveux arrach\u00e9s sous la torture, dans des proc\u00e8s d\u00e9pourvus de garanties l\u00e9gales ou d\u2019acc\u00e8s \u00e0 un avocat. Ant\u00f3nio Guterres a rappel\u00e9 que les ex\u00e9cutions publiques, notamment de manifestants, constituent des actes de torture et de traitement inhumain, en violation flagrante des engagements internationaux de l\u2019Iran.<\/p>\n\n\n\n<p>Les actes de torture et les traitements d\u00e9gradants dans les prisons et centres de d\u00e9tention se poursuivent : recours \u00e0 l\u2019isolement prolong\u00e9, restrictions s\u00e9v\u00e8res des contacts avec les familles et les avocats, et confessions forc\u00e9es sous la contrainte. Le secr\u00e9taire g\u00e9n\u00e9ral de l\u2019ONU, s\u2019appuyant sur les conclusions de la mission d\u2019enqu\u00eate onusienne, a qualifi\u00e9 ces pratiques de violations claires de la Convention contre la torture, exhortant l\u2019Iran \u00e0 y adh\u00e9rer.<\/p>\n\n\n\n<h3 class=\"wp-block-heading\"><strong>Appel urgent \u00e0 une action internationale<\/strong><\/h3>\n\n\n\n<p>Le meurtre d\u00e9lib\u00e9r\u00e9 de prisonniers politiques malades, m\u00e9thode bien connue du r\u00e9gime cl\u00e9rical, constitue un crime contre l\u2019humanit\u00e9.<br>La Commission des Femmes du CNRI appelle \u00e0 une intervention imm\u00e9diate du Conseil des droits de l\u2019homme, du Haut-Commissariat des Nations unies aux droits de l\u2019homme, du Rapporteur sp\u00e9cial de l\u2019ONU, et de toutes les instances concern\u00e9es pour obtenir la lib\u00e9ration imm\u00e9diate des prisonni\u00e8res politiques malades.<\/p>\n\n\n\n<p>Elle r\u00e9affirme la n\u00e9cessit\u00e9 urgente de d\u00e9p\u00eacher une mission internationale d\u2019enqu\u00eate afin d\u2019inspecter les prisons iraniennes et de rencontrer les prisonniers, en particulier les femmes prisonni\u00e8res politiques, victimes de privation de soins, de torture et d\u2019ex\u00e9cutions silencieuses.<\/p>\n","protected":false},"excerpt":{"rendered":"<p>La r\u00e9sistance des prisonni\u00e8res politiques inspire les femmes et les filles iraniennes dans leur lutte contre le r\u00e9gime des ex\u00e9cutions et des massacres Rapport de octobre 2025 : Avec l\u2019ex\u00e9cution sans pr\u00e9c\u00e9dent de pr\u00e8s de 300 prisonniers en Iran, octobre 2025 restera le mois le plus sanglant des 36 derni\u00e8res ann\u00e9es du pays. Parmi les [&hellip;]<\/p>\n","protected":false},"author":4,"featured_media":24260,"comment_status":"closed","ping_status":"closed","sticky":false,"template":"","format":"standard","meta":{"jnews-multi-image_gallery":[],"jnews_single_post":{"format":"standard"},"jnews_primary_category":[],"jnews_social_meta":[],"jnews_override_counter":[],"footnotes":""},"categories":[7],"tags":[367,382,370],"class_list":["post-24252","post","type-post","status-publish","format-standard","has-post-thumbnail","hentry","category-les-regles","tag-execution","tag-generation-egalite","tag-prisonnieres"],"_links":{"self":[{"href":"https:\/\/wncri.org\/fr\/wp-json\/wp\/v2\/posts\/24252","targetHints":{"allow":["GET"]}}],"collection":[{"href":"https:\/\/wncri.org\/fr\/wp-json\/wp\/v2\/posts"}],"about":[{"href":"https:\/\/wncri.org\/fr\/wp-json\/wp\/v2\/types\/post"}],"author":[{"embeddable":true,"href":"https:\/\/wncri.org\/fr\/wp-json\/wp\/v2\/users\/4"}],"replies":[{"embeddable":true,"href":"https:\/\/wncri.org\/fr\/wp-json\/wp\/v2\/comments?post=24252"}],"version-history":[{"count":1,"href":"https:\/\/wncri.org\/fr\/wp-json\/wp\/v2\/posts\/24252\/revisions"}],"predecessor-version":[{"id":24261,"href":"https:\/\/wncri.org\/fr\/wp-json\/wp\/v2\/posts\/24252\/revisions\/24261"}],"wp:featuredmedia":[{"embeddable":true,"href":"https:\/\/wncri.org\/fr\/wp-json\/wp\/v2\/media\/24260"}],"wp:attachment":[{"href":"https:\/\/wncri.org\/fr\/wp-json\/wp\/v2\/media?parent=24252"}],"wp:term":[{"taxonomy":"category","embeddable":true,"href":"https:\/\/wncri.org\/fr\/wp-json\/wp\/v2\/categories?post=24252"},{"taxonomy":"post_tag","embeddable":true,"href":"https:\/\/wncri.org\/fr\/wp-json\/wp\/v2\/tags?post=24252"}],"curies":[{"name":"wp","href":"https:\/\/api.w.org\/{rel}","templated":true}]}}