{"id":24240,"date":"2025-10-29T21:22:54","date_gmt":"2025-10-29T20:22:54","guid":{"rendered":"https:\/\/wncri.org\/fr\/?p=24240"},"modified":"2025-10-29T21:22:55","modified_gmt":"2025-10-29T20:22:55","slug":"crise-du-personnel-infirmier-en-iran","status":"publish","type":"post","link":"https:\/\/wncri.org\/fr\/2025\/10\/29\/crise-du-personnel-infirmier-en-iran\/","title":{"rendered":"Crise du personnel infirmier en Iran : l\u2019agonie du syst\u00e8me de sant\u00e9"},"content":{"rendered":"\n<h4 class=\"wp-block-heading\">Crise du personnel infirmier en Iran : Malgr\u00e9 les immenses ressources naturelles de l\u2019Iran, p\u00e9trole, gaz et richesse humaine, le r\u00e9gime au pouvoir continue d\u2019orienter la richesse nationale non pas vers l\u2019am\u00e9lioration de la vie des citoyens ni le soutien de sa main-d\u2019\u0153uvre, mais vers la r\u00e9pression, l\u2019exportation du terrorisme et l\u2019alimentation des conflits r\u00e9gionaux. Ces politiques ont directement conduit \u00e0 la d\u00e9gradation des institutions vitales du pays, en particulier du syst\u00e8me de sant\u00e9.<\/h4>\n\n\n\n<p>R\u00e9cemment, Abbas Abdi, vice-ministre de la Sant\u00e9 charg\u00e9 des affaires infirmi\u00e8res, a reconnu publiquement \u00e0 la t\u00e9l\u00e9vision d\u2019\u00c9tat la grave crise des ressources humaines dans le secteur infirmier. Selon lui, au cours de la seule derni\u00e8re ann\u00e9e, 570 infirmiers et infirmi\u00e8res iraniens <a href=\"https:\/\/wncri.org\/fr\/2025\/06\/06\/emigration-des-infirmieres-2\/\" target=\"_blank\" rel=\"noreferrer noopener\">ont \u00e9migr\u00e9<\/a>, tandis que 1 950 autres ont quitt\u00e9 la profession en raison des conditions de travail \u00e9prouvantes, <a href=\"https:\/\/fr.ncr-iran.org\/actualites\/iran-protestations-2\/retraites-infirmieres-et-boulangers-organisent-des-manifestations-coordonnees-dans-plusieurs-villes-iraniennes\/\" target=\"_blank\" rel=\"noreferrer noopener\">des salaires d\u00e9risoires et de la pr\u00e9carit\u00e9 de l\u2019emploi<\/a>. Ainsi, le minist\u00e8re de la Sant\u00e9 a perdu environ 2 500 infirmiers durant l\u2019ann\u00e9e persane 1403 (mars 2024 \u2013 mars 2025) (eghtesadnews.com, asriran.com, donya-e-eqtesad.com, 27 octobre 2025).<\/p>\n\n\n<div class=\"wp-block-image\">\n<figure class=\"aligncenter size-full\"><img decoding=\"async\" src=\"data:image\/gif;base64,R0lGODlhAQABAIAAAAAAAP\/\/\/yH5BAEAAAAALAAAAAABAAEAAAIBRAA7\" data-src=\"https:\/\/wncri.org\/fr\/wp-content\/uploads\/2025\/10\/NCRI-women_Nurses-2-min.jpg\" alt=\"Crise du personnel infirmier en Iran : l\u2019agonie du syst\u00e8me de sant\u00e9\" class=\"wp-image-24242 lazyload\"\/><noscript><img decoding=\"async\" width=\"750\" height=\"375\" src=\"https:\/\/wncri.org\/fr\/wp-content\/uploads\/2025\/10\/NCRI-women_Nurses-2-min.jpg\" alt=\"Crise du personnel infirmier en Iran : l\u2019agonie du syst\u00e8me de sant\u00e9\" class=\"wp-image-24242 lazyload\" srcset=\"https:\/\/wncri.org\/fr\/wp-content\/uploads\/2025\/10\/NCRI-women_Nurses-2-min.jpg 750w, https:\/\/wncri.org\/fr\/wp-content\/uploads\/2025\/10\/NCRI-women_Nurses-2-min-300x150.jpg 300w, https:\/\/wncri.org\/fr\/wp-content\/uploads\/2025\/10\/NCRI-women_Nurses-2-min-360x180.jpg 360w\" sizes=\"(max-width: 750px) 100vw, 750px\" \/><\/noscript><\/figure>\n<\/div>\n\n\n<p>Abdi a ajout\u00e9 que ces chiffres s\u2019ajoutent \u00e0 la retraite de pr\u00e8s de 1 900 infirmiers au cours de la m\u00eame p\u00e9riode. Il a admis que les d\u00e9cideurs politiques continuent d\u2019ignorer cette situation, la consid\u00e9rant comme un \u00ab co\u00fbt cach\u00e9 \u00bb, alors qu\u2019\u00ab il s\u2019agit du probl\u00e8me central du syst\u00e8me de sant\u00e9 \u00bb.<\/p>\n\n\n\n<p>Cette rare confession r\u00e9v\u00e8le l\u2019ampleur d\u2019une catastrophe bien plus profonde : un r\u00e9gime qui pousse ses professionnels les plus essentiels \u00e0 l\u2019exil ou \u00e0 la d\u00e9mission, par n\u00e9gligence et exploitation syst\u00e9matiques. Les infirmiers, autrefois en premi\u00e8re ligne pour sauver des vies, sont d\u00e9sormais les <a href=\"https:\/\/wncri.org\/fr\/2025\/05\/12\/journee-internationale-des-infirmieres\/\" target=\"_blank\" rel=\"noreferrer noopener\">victimes de l\u2019injustice, de la pauvret\u00e9<\/a> et des politiques anti-populaires du r\u00e9gime.<\/p>\n\n\n\n<p>Les experts avertissent que cet exode continu du personnel infirmier entra\u00eenera l\u2019effondrement progressif du syst\u00e8me de sant\u00e9 iranien, pilier de la sant\u00e9 publique, qui s\u2019effondre d\u00e9sormais sous le poids de la corruption, de l\u2019indiff\u00e9rence et du d\u00e9part massif des professionnels qualifi\u00e9s.<\/p>\n","protected":false},"excerpt":{"rendered":"<p>Crise du personnel infirmier en Iran : Malgr\u00e9 les immenses ressources naturelles de l\u2019Iran, p\u00e9trole, gaz et richesse humaine, le r\u00e9gime au pouvoir continue d\u2019orienter la richesse nationale non pas vers l\u2019am\u00e9lioration de la vie des citoyens ni le soutien de sa main-d\u2019\u0153uvre, mais vers la r\u00e9pression, l\u2019exportation du terrorisme et l\u2019alimentation des conflits r\u00e9gionaux. [&hellip;]<\/p>\n","protected":false},"author":4,"featured_media":24241,"comment_status":"closed","ping_status":"closed","sticky":false,"template":"","format":"standard","meta":{"jnews-multi-image_gallery":[],"jnews_single_post":{"format":"standard"},"jnews_primary_category":[],"jnews_social_meta":[],"jnews_override_counter":[],"footnotes":""},"categories":[3],"tags":[],"class_list":["post-24240","post","type-post","status-publish","format-standard","has-post-thumbnail","hentry","category-infos-des-femmes"],"_links":{"self":[{"href":"https:\/\/wncri.org\/fr\/wp-json\/wp\/v2\/posts\/24240","targetHints":{"allow":["GET"]}}],"collection":[{"href":"https:\/\/wncri.org\/fr\/wp-json\/wp\/v2\/posts"}],"about":[{"href":"https:\/\/wncri.org\/fr\/wp-json\/wp\/v2\/types\/post"}],"author":[{"embeddable":true,"href":"https:\/\/wncri.org\/fr\/wp-json\/wp\/v2\/users\/4"}],"replies":[{"embeddable":true,"href":"https:\/\/wncri.org\/fr\/wp-json\/wp\/v2\/comments?post=24240"}],"version-history":[{"count":1,"href":"https:\/\/wncri.org\/fr\/wp-json\/wp\/v2\/posts\/24240\/revisions"}],"predecessor-version":[{"id":24243,"href":"https:\/\/wncri.org\/fr\/wp-json\/wp\/v2\/posts\/24240\/revisions\/24243"}],"wp:featuredmedia":[{"embeddable":true,"href":"https:\/\/wncri.org\/fr\/wp-json\/wp\/v2\/media\/24241"}],"wp:attachment":[{"href":"https:\/\/wncri.org\/fr\/wp-json\/wp\/v2\/media?parent=24240"}],"wp:term":[{"taxonomy":"category","embeddable":true,"href":"https:\/\/wncri.org\/fr\/wp-json\/wp\/v2\/categories?post=24240"},{"taxonomy":"post_tag","embeddable":true,"href":"https:\/\/wncri.org\/fr\/wp-json\/wp\/v2\/tags?post=24240"}],"curies":[{"name":"wp","href":"https:\/\/api.w.org\/{rel}","templated":true}]}}