{"id":24231,"date":"2025-10-29T20:50:41","date_gmt":"2025-10-29T19:50:41","guid":{"rendered":"https:\/\/wncri.org\/fr\/?p=24231"},"modified":"2025-10-29T20:50:42","modified_gmt":"2025-10-29T19:50:42","slug":"non-aux-executions-du-mardi-2","status":"publish","type":"post","link":"https:\/\/wncri.org\/fr\/2025\/10\/29\/non-aux-executions-du-mardi-2\/","title":{"rendered":"92\u1d49 semaine de la campagne \u00ab Non aux ex\u00e9cutions du mardi \u00bb \u00e0 travers l\u2019Iran"},"content":{"rendered":"\n<h4 class=\"wp-block-heading\">Le mardi 28 octobre 2025, la campagne nationale \u00ab Non aux ex\u00e9cutions du mardi \u00bb a c\u00e9l\u00e9br\u00e9 sa 92\u1d49 semaine cons\u00e9cutive, r\u00e9unissant les familles de prisonniers condamn\u00e9s \u00e0 mort et de nombreux citoyens dans des dizaines de villes \u00e0 travers l\u2019Iran.<\/h4>\n\n\n\n<p>Cette semaine, deux nouvelles prisons, Boroudjerd et Ilam, ont rejoint le mouvement, portant \u00e0 54 le nombre total de prisons participantes.<\/p>\n\n\n\n<p>Dans sa d\u00e9claration hebdomadaire, la campagne a rapport\u00e9 :<\/p>\n\n\n\n<p>\u00ab Depuis mardi dernier, 59 ex\u00e9cutions, dont celles de deux femmes, ont \u00e9t\u00e9 enregistr\u00e9es. Cette recrudescence s\u2019accompagne de nouvelles condamnations \u00e0 mort de prisonniers politiques, parmi lesquels Kavous Abdollahzadeh, prisonnier politique kurde, et <a href=\"https:\/\/wncri.org\/fr\/2025\/10\/26\/zahra-shahbaz-tabari-condamnee-a-mort\/\" target=\"_blank\" rel=\"noreferrer noopener\">Zahra Tabari<\/a>, d\u00e9tenue \u00e0 la prison de Lakan \u00e0 Rasht. La Cour supr\u00eame a \u00e9galement confirm\u00e9 les peines capitales de Manouchehr Fallah et Ehsan Faridi. \u00bb<\/p>\n\n\n\n<p>La d\u00e9claration a qualifi\u00e9 cette vague d\u2019ex\u00e9cutions de \u00ab tentative d\u00e9lib\u00e9r\u00e9e d\u2019instiller la peur et de r\u00e9duire au silence le cri de libert\u00e9 du peuple iranien \u00bb, ajoutant que le r\u00e9gime, \u00ab un syst\u00e8me corrompu et r\u00e9pressif qui r\u00e8gne depuis plus de 46 ans par le vol, la violence et la destruction \u00bb, continue d\u2019utiliser l\u2019ex\u00e9cution comme instrument de survie.<\/p>\n\n\n\n<p>Malgr\u00e9 la machine de peur et de mort du r\u00e9gime, la d\u00e9claration souligne que \u00ab le peuple reste debout \u00bb.<\/p>\n\n\n\n<p>Les prisons de Boroudjerd et Ilam ont rejoint les autres pour \u00ab maintenir la flamme de la protestation au c\u0153ur des t\u00e9n\u00e8bres \u00bb, faisant r\u00e9sonner les voix de la r\u00e9sistance derri\u00e8re les murs des prisons.<\/p>\n\n\n<div class=\"wp-block-image\">\n<figure class=\"aligncenter size-full\"><img decoding=\"async\" src=\"data:image\/gif;base64,R0lGODlhAQABAIAAAAAAAP\/\/\/yH5BAEAAAAALAAAAAABAAEAAAIBRAA7\" data-src=\"https:\/\/wncri.org\/fr\/wp-content\/uploads\/2025\/10\/NCRI-Women-Families-of-Death-Row-Political-Prisoners-min.jpg\" alt=\"92\u1d49 semaine de la campagne \u00ab Non aux ex\u00e9cutions du mardi \u00bb \u00e0 travers l\u2019Iran\" class=\"wp-image-24233 lazyload\"\/><noscript><img decoding=\"async\" width=\"750\" height=\"375\" src=\"https:\/\/wncri.org\/fr\/wp-content\/uploads\/2025\/10\/NCRI-Women-Families-of-Death-Row-Political-Prisoners-min.jpg\" alt=\"92\u1d49 semaine de la campagne \u00ab Non aux ex\u00e9cutions du mardi \u00bb \u00e0 travers l\u2019Iran\" class=\"wp-image-24233 lazyload\" srcset=\"https:\/\/wncri.org\/fr\/wp-content\/uploads\/2025\/10\/NCRI-Women-Families-of-Death-Row-Political-Prisoners-min.jpg 750w, https:\/\/wncri.org\/fr\/wp-content\/uploads\/2025\/10\/NCRI-Women-Families-of-Death-Row-Political-Prisoners-min-300x150.jpg 300w, https:\/\/wncri.org\/fr\/wp-content\/uploads\/2025\/10\/NCRI-Women-Families-of-Death-Row-Political-Prisoners-min-360x180.jpg 360w\" sizes=\"(max-width: 750px) 100vw, 750px\" \/><\/noscript><\/figure>\n<\/div>\n\n\n<p>Pendant ce temps, <a href=\"https:\/\/wncri.org\/fr\/2025\/10\/26\/familles-des-condamnes-a-mort-2\/\" target=\"_blank\" rel=\"noreferrer noopener\">les familles des condamn\u00e9s \u00e0 mort<\/a>, scandant \u00ab Non aux ex\u00e9cutions ! \u00bb, affirment qu\u2019\u00ab aucun pouvoir ne peut \u00e9teindre la flamme de la libert\u00e9 et le droit \u00e0 la vie dans ce pays \u00bb.<\/p>\n\n\n\n<p>\u00c0 travers l\u2019Iran, \u00e0 Fardis, Chahr-e Rey, <a href=\"https:\/\/fr.wikipedia.org\/wiki\/Chiraz\" target=\"_blank\" rel=\"noreferrer noopener\">Chiraz<\/a>, Tabriz, Lahidjan, T\u00e9h\u00e9ran, Hamedan, Neyshabour, Mianeh, Quchan, Fouman, Shahr-e Qods, Zandjan, Chalous, Esfarayen, Ourmia, Gorgan, Andimeshk, Ispahan, Sonqor et d\u2019autres villes, les citoyens ont organis\u00e9 des rassemblements de protestation malgr\u00e9 les menaces s\u00e9curitaires et la r\u00e9pression.<\/p>\n\n\n\n<p>Les familles de prisonniers politiques condamn\u00e9s \u00e0 mort brandissaient des photos de leurs proches et des banderoles proclamant :<\/p>\n\n\n\n<p>\u00ab Non aux ex\u00e9cutions \u00bb, \u00ab Stop aux ex\u00e9cutions \u00bb et \u00ab Soutien \u00e0 la campagne Non aux ex\u00e9cutions du mardi \u00bb.<\/p>\n","protected":false},"excerpt":{"rendered":"<p>Le mardi 28 octobre 2025, la campagne nationale \u00ab Non aux ex\u00e9cutions du mardi \u00bb a c\u00e9l\u00e9br\u00e9 sa 92\u1d49 semaine cons\u00e9cutive, r\u00e9unissant les familles de prisonniers condamn\u00e9s \u00e0 mort et de nombreux citoyens dans des dizaines de villes \u00e0 travers l\u2019Iran. Cette semaine, deux nouvelles prisons, Boroudjerd et Ilam, ont rejoint le mouvement, portant \u00e0 [&hellip;]<\/p>\n","protected":false},"author":4,"featured_media":24232,"comment_status":"closed","ping_status":"closed","sticky":false,"template":"","format":"standard","meta":{"jnews-multi-image_gallery":[],"jnews_single_post":{"format":"standard"},"jnews_primary_category":[],"jnews_social_meta":[],"jnews_override_counter":[],"footnotes":""},"categories":[3],"tags":[369],"class_list":["post-24231","post","type-post","status-publish","format-standard","has-post-thumbnail","hentry","category-infos-des-femmes","tag-manifestations"],"_links":{"self":[{"href":"https:\/\/wncri.org\/fr\/wp-json\/wp\/v2\/posts\/24231","targetHints":{"allow":["GET"]}}],"collection":[{"href":"https:\/\/wncri.org\/fr\/wp-json\/wp\/v2\/posts"}],"about":[{"href":"https:\/\/wncri.org\/fr\/wp-json\/wp\/v2\/types\/post"}],"author":[{"embeddable":true,"href":"https:\/\/wncri.org\/fr\/wp-json\/wp\/v2\/users\/4"}],"replies":[{"embeddable":true,"href":"https:\/\/wncri.org\/fr\/wp-json\/wp\/v2\/comments?post=24231"}],"version-history":[{"count":1,"href":"https:\/\/wncri.org\/fr\/wp-json\/wp\/v2\/posts\/24231\/revisions"}],"predecessor-version":[{"id":24234,"href":"https:\/\/wncri.org\/fr\/wp-json\/wp\/v2\/posts\/24231\/revisions\/24234"}],"wp:featuredmedia":[{"embeddable":true,"href":"https:\/\/wncri.org\/fr\/wp-json\/wp\/v2\/media\/24232"}],"wp:attachment":[{"href":"https:\/\/wncri.org\/fr\/wp-json\/wp\/v2\/media?parent=24231"}],"wp:term":[{"taxonomy":"category","embeddable":true,"href":"https:\/\/wncri.org\/fr\/wp-json\/wp\/v2\/categories?post=24231"},{"taxonomy":"post_tag","embeddable":true,"href":"https:\/\/wncri.org\/fr\/wp-json\/wp\/v2\/tags?post=24231"}],"curies":[{"name":"wp","href":"https:\/\/api.w.org\/{rel}","templated":true}]}}