{"id":24210,"date":"2025-10-26T21:07:00","date_gmt":"2025-10-26T20:07:00","guid":{"rendered":"https:\/\/wncri.org\/fr\/?p=24210"},"modified":"2025-10-26T22:11:52","modified_gmt":"2025-10-26T21:11:52","slug":"familles-des-condamnes-a-mort-2","status":"publish","type":"post","link":"https:\/\/wncri.org\/fr\/2025\/10\/26\/familles-des-condamnes-a-mort-2\/","title":{"rendered":"Rassemblement pacifique des familles des condamn\u00e9s \u00e0 mort \u00e0 T\u00e9h\u00e9ran"},"content":{"rendered":"\n<h4 class=\"wp-block-heading\">Aux premi\u00e8res heures du dimanche 26 octobre 2025, les familles des condamn\u00e9s \u00e0 mort se sont une nouvelle fois r\u00e9unies \u00e0 T\u00e9h\u00e9ran pour protester contre la vague croissante d\u2019ex\u00e9cutions dans tout le pays, en particulier \u00e0 la prison de Ghezel Hessar \u00e0 <a href=\"https:\/\/fr.wikipedia.org\/wiki\/Karadj\" target=\"_blank\" rel=\"noreferrer noopener\">Karaj<\/a>.<\/h4>\n\n\n\n<p>La manifestation s\u2019est tenue devant le parlement du r\u00e9gime, pr\u00e8s de la place Baharestan, une zone plac\u00e9e d\u00e8s le matin sous \u00e9troite surveillance polici\u00e8re et s\u00e9curitaire.<\/p>\n\n\n\n<h3 class=\"wp-block-heading\"><strong>Les voix et les messages des familles<\/strong><\/h3>\n\n\n\n<p>Portant des pancartes et des tracts, les participants ont exig\u00e9 l\u2019arr\u00eat imm\u00e9diat des ex\u00e9cutions et l\u2019abolition totale de la peine de mort.<br>Une pancarte tenue par un jeune enfant a particuli\u00e8rement attir\u00e9 l\u2019attention. On pouvait y lire :<\/p>\n\n\n\n<p>\u00ab L\u2019ex\u00e9cution ne met pas fin \u00e0 une erreur, elle commence une nouvelle souffrance pour les enfants sans d\u00e9fense. \u00bb<\/p>\n\n\n\n<p>Les slogans \u00ab Non \u00e0 l\u2019ex\u00e9cution \u00bb et \u00ab Non aux ex\u00e9cutions \u00e0 Ghezel Hessar \u00bb ont r\u00e9sonn\u00e9 tout au long du rassemblement, traduisant l\u2019indignation grandissante du public face \u00e0 la politique meurtri\u00e8re du r\u00e9gime envers les prisonniers.<\/p>\n\n\n\n<h3 class=\"wp-block-heading\"><strong>Menaces s\u00e9curitaires et intimidation<\/strong><\/h3>\n\n\n\n<p>Pendant la manifestation, les forces de s\u00e9curit\u00e9 et la police ont tent\u00e9 de r\u00e9primer le rassemblement en recourant \u00e0 des menaces et \u00e0 l\u2019intimidation.<br>Selon des t\u00e9moins, plusieurs participants se sont fait confisquer leurs t\u00e9l\u00e9phones portables, et certains ont \u00e9t\u00e9 violemment dispers\u00e9s.<\/p>\n\n\n\n<p>Malgr\u00e9 ces pressions, les familles ont insist\u00e9 sur le fait que leur rassemblement \u00e9tait enti\u00e8rement pacifique, visant uniquement \u00e0 faire entendre la voix de leurs proches et \u00e0 attirer l\u2019attention des organisations internationales de d\u00e9fense des droits humains.<\/p>\n\n\n\n<h3 class=\"wp-block-heading\"><strong>La pers\u00e9v\u00e9rance des familles<\/strong><\/h3>\n\n\n\n<p>Cette manifestation s\u2019inscrit dans la continuit\u00e9 d\u2019une s\u00e9rie de protestations similaires men\u00e9es ces derni\u00e8res semaines par les familles des condamn\u00e9s \u00e0 mort.<br>Une semaine plus t\u00f4t, le 19 octobre, un <a href=\"https:\/\/wncri.org\/fr\/2025\/10\/19\/familles-de-condamnes-a-mort-4\/\" target=\"_blank\" rel=\"noreferrer noopener\">rassemblement comparable<\/a> au m\u00eame endroit avait \u00e9t\u00e9 violemment attaqu\u00e9 par les forces de s\u00e9curit\u00e9, entra\u00eenant plusieurs arrestations temporaires.<\/p>\n\n\n\n<p>Les familles des condamn\u00e9s \u00e0 mort affirment que les promesses officielles de r\u00e9examiner les dossiers ou de suspendre les ex\u00e9cutions se sont r\u00e9v\u00e9l\u00e9es mensong\u00e8res, tandis que le nombre d\u2019ex\u00e9cutions au mois d\u2019octobre a atteint un niveau alarmant.<br>Elles ont jur\u00e9 de poursuivre leurs protestations jusqu\u2019\u00e0 l\u2019abolition compl\u00e8te de la peine de mort et la fin des meurtres syst\u00e9matiques de prisonniers par le r\u00e9gime.<\/p>\n","protected":false},"excerpt":{"rendered":"<p>Aux premi\u00e8res heures du dimanche 26 octobre 2025, les familles des condamn\u00e9s \u00e0 mort se sont une nouvelle fois r\u00e9unies \u00e0 T\u00e9h\u00e9ran pour protester contre la vague croissante d\u2019ex\u00e9cutions dans tout le pays, en particulier \u00e0 la prison de Ghezel Hessar \u00e0 Karaj. La manifestation s\u2019est tenue devant le parlement du r\u00e9gime, pr\u00e8s de la [&hellip;]<\/p>\n","protected":false},"author":4,"featured_media":24211,"comment_status":"closed","ping_status":"closed","sticky":false,"template":"","format":"standard","meta":{"jnews-multi-image_gallery":[],"jnews_single_post":{"format":"standard"},"jnews_primary_category":[],"jnews_social_meta":[],"jnews_override_counter":[],"footnotes":""},"categories":[3],"tags":[369],"class_list":["post-24210","post","type-post","status-publish","format-standard","has-post-thumbnail","hentry","category-infos-des-femmes","tag-manifestations"],"_links":{"self":[{"href":"https:\/\/wncri.org\/fr\/wp-json\/wp\/v2\/posts\/24210","targetHints":{"allow":["GET"]}}],"collection":[{"href":"https:\/\/wncri.org\/fr\/wp-json\/wp\/v2\/posts"}],"about":[{"href":"https:\/\/wncri.org\/fr\/wp-json\/wp\/v2\/types\/post"}],"author":[{"embeddable":true,"href":"https:\/\/wncri.org\/fr\/wp-json\/wp\/v2\/users\/4"}],"replies":[{"embeddable":true,"href":"https:\/\/wncri.org\/fr\/wp-json\/wp\/v2\/comments?post=24210"}],"version-history":[{"count":1,"href":"https:\/\/wncri.org\/fr\/wp-json\/wp\/v2\/posts\/24210\/revisions"}],"predecessor-version":[{"id":24212,"href":"https:\/\/wncri.org\/fr\/wp-json\/wp\/v2\/posts\/24210\/revisions\/24212"}],"wp:featuredmedia":[{"embeddable":true,"href":"https:\/\/wncri.org\/fr\/wp-json\/wp\/v2\/media\/24211"}],"wp:attachment":[{"href":"https:\/\/wncri.org\/fr\/wp-json\/wp\/v2\/media?parent=24210"}],"wp:term":[{"taxonomy":"category","embeddable":true,"href":"https:\/\/wncri.org\/fr\/wp-json\/wp\/v2\/categories?post=24210"},{"taxonomy":"post_tag","embeddable":true,"href":"https:\/\/wncri.org\/fr\/wp-json\/wp\/v2\/tags?post=24210"}],"curies":[{"name":"wp","href":"https:\/\/api.w.org\/{rel}","templated":true}]}}