{"id":24194,"date":"2025-10-25T19:23:55","date_gmt":"2025-10-25T17:23:55","guid":{"rendered":"https:\/\/wncri.org\/fr\/?p=24194"},"modified":"2025-10-25T19:23:57","modified_gmt":"2025-10-25T17:23:57","slug":"la-professeure-fariba-khorramabadi","status":"publish","type":"post","link":"https:\/\/wncri.org\/fr\/2025\/10\/25\/la-professeure-fariba-khorramabadi\/","title":{"rendered":"La professeure Fariba Khorramabadi condamn\u00e9e \u00e0 1 an et demi de prison"},"content":{"rendered":"\n<h4 class=\"wp-block-heading\">Fariba Khorramabadi, professeure de th\u00e9ologie et prisonni\u00e8re politique, a \u00e9t\u00e9 condamn\u00e9e par le tribunal r\u00e9volutionnaire de Karaj \u00e0 un an et demi de prison. Le verdict lui a \u00e9t\u00e9 officiellement notifi\u00e9 le 23 octobre 2025 \u00e0 l\u2019int\u00e9rieur de la prison de Fardis, \u00e9galement connue sous le nom de <a href=\"https:\/\/wncri.org\/fr\/2021\/12\/10\/les-conditions-des-femmes-prisons\/\" target=\"_blank\" rel=\"noreferrer noopener\">prison de Kachoui<\/a>, \u00e0 Karaj.<\/h4>\n\n\n\n<p>Selon le jugement du tribunal, Fariba Khorramabadi a \u00e9t\u00e9 reconnue coupable des chefs d\u2019accusation de \u00ab propagande contre l\u2019\u00c9tat \u00bb et \u00ab appartenance \u00e0 des r\u00e9seaux anti-gouvernementaux \u00bb. Son proc\u00e8s s\u2019est tenu le 7 octobre 2025 dans l\u2019une des branches du tribunal r\u00e9volutionnaire de Karaj.<\/p>\n\n\n\n<h3 class=\"wp-block-heading\"><strong>D\u00e9gradation de son \u00e9tat de sant\u00e9 en prison<\/strong><\/h3>\n\n\n\n<p>Fariba Khorramabadi, qui a d\u00e9j\u00e0 des ant\u00e9c\u00e9dents d\u2019infarctus, verrait son \u00e9tat de sant\u00e9 se d\u00e9t\u00e9riorer \u00e0 l\u2019int\u00e9rieur de la prison de Fardis.<\/p>\n\n\n\n<p>Elle aurait re\u00e7u un traitement m\u00e9dicamenteux inadapt\u00e9, provoquant de graves effets neurologiques, notamment des tics nerveux et des crises convulsives r\u00e9currentes. Malgr\u00e9 la gravit\u00e9 de son \u00e9tat, les gardiens de prison lui auraient attach\u00e9 les mains et les pieds lors d\u2019une tentative de transfert vers un h\u00f4pital, un acte humiliant qui a aggrav\u00e9 sa souffrance physique. En signe de protestation contre ce traitement, elle a refus\u00e9 d\u2019\u00eatre transf\u00e9r\u00e9e \u00e0 l\u2019h\u00f4pital.<\/p>\n\n\n\n<h3 class=\"wp-block-heading\"><strong>Arrestation sans mandat et confiscation de ses effets personnels<\/strong><\/h3>\n\n\n\n<p>Fariba Khorramabadi, <a href=\"https:\/\/wncri.org\/fr\/2025\/10\/11\/manijeh-hassani-fard-fariba-khorramabadi\/\" target=\"_blank\" rel=\"noreferrer noopener\">r\u00e9sidente de Karaj<\/a> et originaire de Khorramabad, a \u00e9t\u00e9 arr\u00eat\u00e9e en ao\u00fbt 2025 \u00e0 son domicile par les forces de s\u00e9curit\u00e9, sans mandat judiciaire. Lors de cette descente, les agents ont mis \u00e0 sac sa maison et confisqu\u00e9 plusieurs effets personnels, dont son ordinateur portable et son t\u00e9l\u00e9phone mobile. \u00c0 la suite de son arrestation, elle a \u00e9t\u00e9 imm\u00e9diatement transf\u00e9r\u00e9e \u00e0 la prison de Fardis \u00e0 <a href=\"https:\/\/fr.wikipedia.org\/wiki\/Karadj\" target=\"_blank\" rel=\"noreferrer noopener\">Karaj<\/a>.<\/p>\n\n\n\n<h3 class=\"wp-block-heading\"><strong>Parcours acad\u00e9mique et situation familiale<\/strong><\/h3>\n\n\n\n<p>Fariba Khorramabadi est professeure de th\u00e9ologie, chercheuse en sciences religieuses et m\u00e8re d\u2019un enfant. Elle est active depuis de nombreuses ann\u00e9es dans les domaines acad\u00e9mique et social et n\u2019a aucun ant\u00e9c\u00e9dent judiciaire. Sa famille et ses coll\u00e8gues ont exprim\u00e9 une profonde inqui\u00e9tude quant \u00e0 son \u00e9tat de sant\u00e9 et aux conditions de sa d\u00e9tention \u00e0 la prison de Fardis.<\/p>\n","protected":false},"excerpt":{"rendered":"<p>Fariba Khorramabadi, professeure de th\u00e9ologie et prisonni\u00e8re politique, a \u00e9t\u00e9 condamn\u00e9e par le tribunal r\u00e9volutionnaire de Karaj \u00e0 un an et demi de prison. Le verdict lui a \u00e9t\u00e9 officiellement notifi\u00e9 le 23 octobre 2025 \u00e0 l\u2019int\u00e9rieur de la prison de Fardis, \u00e9galement connue sous le nom de prison de Kachoui, \u00e0 Karaj. Selon le [&hellip;]<\/p>\n","protected":false},"author":4,"featured_media":24195,"comment_status":"closed","ping_status":"closed","sticky":false,"template":"","format":"standard","meta":{"jnews-multi-image_gallery":[],"jnews_single_post":{"format":"standard"},"jnews_primary_category":[],"jnews_social_meta":[],"jnews_override_counter":[],"footnotes":""},"categories":[3],"tags":[370],"class_list":["post-24194","post","type-post","status-publish","format-standard","has-post-thumbnail","hentry","category-infos-des-femmes","tag-prisonnieres"],"_links":{"self":[{"href":"https:\/\/wncri.org\/fr\/wp-json\/wp\/v2\/posts\/24194","targetHints":{"allow":["GET"]}}],"collection":[{"href":"https:\/\/wncri.org\/fr\/wp-json\/wp\/v2\/posts"}],"about":[{"href":"https:\/\/wncri.org\/fr\/wp-json\/wp\/v2\/types\/post"}],"author":[{"embeddable":true,"href":"https:\/\/wncri.org\/fr\/wp-json\/wp\/v2\/users\/4"}],"replies":[{"embeddable":true,"href":"https:\/\/wncri.org\/fr\/wp-json\/wp\/v2\/comments?post=24194"}],"version-history":[{"count":1,"href":"https:\/\/wncri.org\/fr\/wp-json\/wp\/v2\/posts\/24194\/revisions"}],"predecessor-version":[{"id":24196,"href":"https:\/\/wncri.org\/fr\/wp-json\/wp\/v2\/posts\/24194\/revisions\/24196"}],"wp:featuredmedia":[{"embeddable":true,"href":"https:\/\/wncri.org\/fr\/wp-json\/wp\/v2\/media\/24195"}],"wp:attachment":[{"href":"https:\/\/wncri.org\/fr\/wp-json\/wp\/v2\/media?parent=24194"}],"wp:term":[{"taxonomy":"category","embeddable":true,"href":"https:\/\/wncri.org\/fr\/wp-json\/wp\/v2\/categories?post=24194"},{"taxonomy":"post_tag","embeddable":true,"href":"https:\/\/wncri.org\/fr\/wp-json\/wp\/v2\/tags?post=24194"}],"curies":[{"name":"wp","href":"https:\/\/api.w.org\/{rel}","templated":true}]}}