{"id":24168,"date":"2025-10-22T16:30:45","date_gmt":"2025-10-22T14:30:45","guid":{"rendered":"https:\/\/wncri.org\/fr\/?p=24168"},"modified":"2025-10-22T16:30:47","modified_gmt":"2025-10-22T14:30:47","slug":"91%e1%b5%89-semaine-non-aux-executions-du-mardi","status":"publish","type":"post","link":"https:\/\/wncri.org\/fr\/2025\/10\/22\/91%e1%b5%89-semaine-non-aux-executions-du-mardi\/","title":{"rendered":"91\u1d49 semaine de la campagne \u00ab Non aux ex\u00e9cutions du mardi \u00bb : unit\u00e9 entre la prison et la rue"},"content":{"rendered":"\n<h4 class=\"wp-block-heading\">\u00c0 sa 91\u1d49 semaine cons\u00e9cutive, la campagne nationale <a href=\"https:\/\/wncri.org\/fr\/2025\/10\/14\/90%e1%b5%89-semaine-mardis-contre-les-executions\/\" target=\"_blank\" rel=\"noreferrer noopener\">\u00ab Non aux ex\u00e9cutions du mardi \u00bb<\/a> s\u2019est une nouvelle fois impos\u00e9e comme un puissant symbole d\u2019unit\u00e9 entre les prisonniers politiques et la population en r\u00e9volte \u00e0 travers l\u2019Iran.<\/h4>\n\n\n\n<p>N\u00e9e des r\u00e9centes r\u00e9voltes sociales en Iran et en r\u00e9action \u00e0 une vague d\u2019ex\u00e9cutions sans pr\u00e9c\u00e9dent, cette campagne est devenue l\u2019un des mouvements anti-peine de mort les plus durables et les plus \u00e9tendus de l\u2019histoire contemporaine du pays.<\/p>\n\n\n\n<p>Cette semaine, tandis que les rues de dizaines de villes iraniennes r\u00e9sonnaient des slogans \u00ab Non aux ex\u00e9cutions ! \u00bb, les murs froids de la prison de Ghezel Hesar ont eux aussi trembl\u00e9.<br>Dans un acte de d\u00e9fi sans pr\u00e9c\u00e9dent, plus de 1 500 d\u00e9tenus du quartier 2 de la prison ont entam\u00e9 une <a href=\"https:\/\/iran-hrm.com\/2025\/10\/20\/qezel-hesar-prison-hunger-strike-by-1500-prisoners-is-temporarily-suspended\/\" target=\"_blank\" rel=\"noreferrer noopener\">gr\u00e8ve de la faim collective<\/a>, provoquant une onde de choc dans la soci\u00e9t\u00e9 et sur les r\u00e9seaux sociaux.<\/p>\n\n\n\n<p>Dans une d\u00e9claration marquant la 91\u1d49 semaine de la campagne, les organisateurs ont affirm\u00e9 :<\/p>\n\n\n\n<p>\u00ab Rester silencieux face aux crimes flagrants de ce r\u00e9gime, c\u2019est en r\u00e9alit\u00e9 se rendre complice.<br>Jusqu\u2019\u00e0 l\u2019abolition compl\u00e8te des ex\u00e9cutions, nous resterons fermes chaque mardi, en tant que voix des prisonniers et de leurs familles, et nous comptons sur la solidarit\u00e9 du peuple honorable d\u2019Iran, dans chaque rue, chaque ruelle et chaque ville. \u00bb<\/p>\n\n\n<div class=\"wp-block-image\">\n<figure class=\"aligncenter size-full\"><img decoding=\"async\" src=\"data:image\/gif;base64,R0lGODlhAQABAIAAAAAAAP\/\/\/yH5BAEAAAAALAAAAAABAAEAAAIBRAA7\" data-src=\"https:\/\/wncri.org\/fr\/wp-content\/uploads\/2025\/10\/NCRI-Women-91-week-No-to-Execution-Tuesdays-3-min.jpg\" alt=\"91\u1d49 semaine de la campagne \u00ab Non aux ex\u00e9cutions du mardi \u00bb\" class=\"wp-image-24171 lazyload\"\/><noscript><img decoding=\"async\" width=\"750\" height=\"375\" src=\"https:\/\/wncri.org\/fr\/wp-content\/uploads\/2025\/10\/NCRI-Women-91-week-No-to-Execution-Tuesdays-3-min.jpg\" alt=\"91\u1d49 semaine de la campagne \u00ab Non aux ex\u00e9cutions du mardi \u00bb\" class=\"wp-image-24171 lazyload\" srcset=\"https:\/\/wncri.org\/fr\/wp-content\/uploads\/2025\/10\/NCRI-Women-91-week-No-to-Execution-Tuesdays-3-min.jpg 750w, https:\/\/wncri.org\/fr\/wp-content\/uploads\/2025\/10\/NCRI-Women-91-week-No-to-Execution-Tuesdays-3-min-300x150.jpg 300w, https:\/\/wncri.org\/fr\/wp-content\/uploads\/2025\/10\/NCRI-Women-91-week-No-to-Execution-Tuesdays-3-min-360x180.jpg 360w\" sizes=\"(max-width: 750px) 100vw, 750px\" \/><\/noscript><\/figure>\n<\/div>\n\n\n<h3 class=\"wp-block-heading\"><strong>Les m\u00e8res de la justice : la colonne vert\u00e9brale du mouvement<\/strong><\/h3>\n\n\n\n<p>Les m\u00e8res et familles des prisonniers politiques se tiennent au c\u0153ur de ce mouvement.<br>Alors que leurs enfants font face \u00e0 la pendaison ou croupissent en isolement, ces femmes sont devenues la conscience morale de la soci\u00e9t\u00e9 iranienne, se rassemblant chaque semaine avec les photos de leurs proches lev\u00e9es bien haut.<\/p>\n\n\n\n<p>Lors des manifestations de cette semaine, les m\u00e8res des prisonniers politiques condamn\u00e9s \u00e0 mort ont de nouveau fait entendre leurs voix avec des slogans tels que :<br>\u2022 Ne tuez pas !<br>\u2022 La peine de mort pour personne !<br>\u2022 Non, non, non \u00e0 l\u2019ex\u00e9cution !<\/p>\n\n\n\n<p>Leur pr\u00e9sence a insuffl\u00e9 \u00e0 la campagne une dimension profond\u00e9ment humaine, \u00e9thique et non partisane.<br>C\u2019est une voix qui s\u2019\u00e9l\u00e8ve des profondeurs de la souffrance et de la conscience collective de la soci\u00e9t\u00e9 iranienne.<\/p>\n\n\n<div class=\"wp-block-image\">\n<figure class=\"aligncenter size-full\"><img decoding=\"async\" src=\"data:image\/gif;base64,R0lGODlhAQABAIAAAAAAAP\/\/\/yH5BAEAAAAALAAAAAABAAEAAAIBRAA7\" data-src=\"https:\/\/wncri.org\/fr\/wp-content\/uploads\/2025\/10\/NCRI-Women-91-week-No-to-Execution-Tuesdays-2-min.jpg\" alt=\"91\u1d49 semaine de la campagne \u00ab Non aux ex\u00e9cutions du mardi \u00bb\" class=\"wp-image-24169 lazyload\"\/><noscript><img decoding=\"async\" width=\"750\" height=\"375\" src=\"https:\/\/wncri.org\/fr\/wp-content\/uploads\/2025\/10\/NCRI-Women-91-week-No-to-Execution-Tuesdays-2-min.jpg\" alt=\"91\u1d49 semaine de la campagne \u00ab Non aux ex\u00e9cutions du mardi \u00bb\" class=\"wp-image-24169 lazyload\" srcset=\"https:\/\/wncri.org\/fr\/wp-content\/uploads\/2025\/10\/NCRI-Women-91-week-No-to-Execution-Tuesdays-2-min.jpg 750w, https:\/\/wncri.org\/fr\/wp-content\/uploads\/2025\/10\/NCRI-Women-91-week-No-to-Execution-Tuesdays-2-min-300x150.jpg 300w, https:\/\/wncri.org\/fr\/wp-content\/uploads\/2025\/10\/NCRI-Women-91-week-No-to-Execution-Tuesdays-2-min-360x180.jpg 360w\" sizes=\"(max-width: 750px) 100vw, 750px\" \/><\/noscript><\/figure>\n<\/div>","protected":false},"excerpt":{"rendered":"<p>\u00c0 sa 91\u1d49 semaine cons\u00e9cutive, la campagne nationale \u00ab Non aux ex\u00e9cutions du mardi \u00bb s\u2019est une nouvelle fois impos\u00e9e comme un puissant symbole d\u2019unit\u00e9 entre les prisonniers politiques et la population en r\u00e9volte \u00e0 travers l\u2019Iran. N\u00e9e des r\u00e9centes r\u00e9voltes sociales en Iran et en r\u00e9action \u00e0 une vague d\u2019ex\u00e9cutions sans pr\u00e9c\u00e9dent, cette campagne [&hellip;]<\/p>\n","protected":false},"author":4,"featured_media":24170,"comment_status":"closed","ping_status":"closed","sticky":false,"template":"","format":"standard","meta":{"jnews-multi-image_gallery":[],"jnews_single_post":{"format":"standard"},"jnews_primary_category":[],"jnews_social_meta":[],"jnews_override_counter":[],"footnotes":""},"categories":[3],"tags":[369],"class_list":["post-24168","post","type-post","status-publish","format-standard","has-post-thumbnail","hentry","category-infos-des-femmes","tag-manifestations"],"_links":{"self":[{"href":"https:\/\/wncri.org\/fr\/wp-json\/wp\/v2\/posts\/24168","targetHints":{"allow":["GET"]}}],"collection":[{"href":"https:\/\/wncri.org\/fr\/wp-json\/wp\/v2\/posts"}],"about":[{"href":"https:\/\/wncri.org\/fr\/wp-json\/wp\/v2\/types\/post"}],"author":[{"embeddable":true,"href":"https:\/\/wncri.org\/fr\/wp-json\/wp\/v2\/users\/4"}],"replies":[{"embeddable":true,"href":"https:\/\/wncri.org\/fr\/wp-json\/wp\/v2\/comments?post=24168"}],"version-history":[{"count":1,"href":"https:\/\/wncri.org\/fr\/wp-json\/wp\/v2\/posts\/24168\/revisions"}],"predecessor-version":[{"id":24172,"href":"https:\/\/wncri.org\/fr\/wp-json\/wp\/v2\/posts\/24168\/revisions\/24172"}],"wp:featuredmedia":[{"embeddable":true,"href":"https:\/\/wncri.org\/fr\/wp-json\/wp\/v2\/media\/24170"}],"wp:attachment":[{"href":"https:\/\/wncri.org\/fr\/wp-json\/wp\/v2\/media?parent=24168"}],"wp:term":[{"taxonomy":"category","embeddable":true,"href":"https:\/\/wncri.org\/fr\/wp-json\/wp\/v2\/categories?post=24168"},{"taxonomy":"post_tag","embeddable":true,"href":"https:\/\/wncri.org\/fr\/wp-json\/wp\/v2\/tags?post=24168"}],"curies":[{"name":"wp","href":"https:\/\/api.w.org\/{rel}","templated":true}]}}