{"id":24153,"date":"2025-10-19T22:37:01","date_gmt":"2025-10-19T20:37:01","guid":{"rendered":"https:\/\/wncri.org\/fr\/?p=24153"},"modified":"2025-10-19T22:37:02","modified_gmt":"2025-10-19T20:37:02","slug":"hoda-mehreganfar-en-danger-de-mort","status":"publish","type":"post","link":"https:\/\/wncri.org\/fr\/2025\/10\/19\/hoda-mehreganfar-en-danger-de-mort\/","title":{"rendered":"La prisonni\u00e8re politique Hoda Mehreganfar en danger de mort \u00e0 la prison d\u2019Adelabad"},"content":{"rendered":"\n<h4 class=\"wp-block-heading\">Hoda Mehreganfar, <a href=\"https:\/\/wncri.org\/fr\/2025\/09\/29\/hoda-mehreganfar-12e-dadelabad-chiraz\/\" target=\"_blank\" rel=\"noreferrer noopener\">ing\u00e9nieure en \u00e9lectronique<\/a> \u00e2g\u00e9e de 38 ans et prisonni\u00e8re politique, se trouve dans un \u00e9tat critique \u00e0 la prison d\u2019Adelabad \u00e0 <a href=\"https:\/\/fr.wikipedia.org\/wiki\/Chiraz\" target=\"_blank\" rel=\"noreferrer noopener\">Chiraz<\/a>. Malgr\u00e9 la gravit\u00e9 de sa situation, les services de s\u00e9curit\u00e9 continuent d\u2019emp\u00eacher son transfert \u00e0 l\u2019h\u00f4pital. Ce refus d\u00e9lib\u00e9r\u00e9 d\u2019appliquer les recommandations m\u00e9dicales met sa vie en grand danger.<\/h4>\n\n\n\n<p>Selon des sources inform\u00e9es, le kyste endom\u00e9triosique de Hoda Mehreganfar s\u2019est reform\u00e9, pr\u00e9sentant un risque s\u00e9rieux de rupture et d\u2019infection interne. Le m\u00e9decin de la prison avait soulign\u00e9 la n\u00e9cessit\u00e9 urgente d\u2019une hospitalisation, mais les autorit\u00e9s ont refus\u00e9, invoquant des \u00ab ordres directs des services de s\u00e9curit\u00e9 \u00bb.<\/p>\n\n\n\n<p>Elle souffre actuellement de douleurs chroniques, de forte fi\u00e8vre et d\u2019une grande faiblesse, tout en \u00e9tant priv\u00e9e des m\u00e9dicaments prescrits pour soulager son \u00e9tat. D\u2019apr\u00e8s sa famille, \u00ab Hoda est d\u00e9tenue dans des conditions qui ne lui permettent ni de se reposer, ni de se nourrir correctement. Son \u00e9tat physique se d\u00e9t\u00e9riore de jour en jour. \u00bb<\/p>\n\n\n\n<h3 class=\"wp-block-heading\"><strong>Priv\u00e9e de visites familiales, sous pression psychologique constante<\/strong><\/h3>\n\n\n\n<p>En plus de la privation de soins m\u00e9dicaux, Hoda Mehreganfar est emp\u00each\u00e9e de voir son p\u00e8re, Mohammad-Ali Mehreganfar. \u00c2g\u00e9 de 66 ans, celui-ci est d\u00e9tenu par les services des renseignements de Chiraz, bien qu\u2019il souffre de probl\u00e8mes cardiaques et de troubles de la vision, et qu\u2019il soit lui aussi priv\u00e9 de soins m\u00e9dicaux ad\u00e9quats.<\/p>\n\n\n\n<p>La privation continue de traitement et la d\u00e9tention arbitraire de Hoda Mehreganfar \u00e0 la prison d\u2019Adelabad illustrent le traitement inhumain inflig\u00e9 par le r\u00e9gime iranien aux prisonniers politiques, en particulier aux femmes protestataires. Ces pratiques transforment la sant\u00e9 et la vie des d\u00e9tenus en instruments de r\u00e9pression et de vengeance politique.<\/p>\n\n\n\n<h3 class=\"wp-block-heading\"><strong>Contexte : qui est Hoda Mehreganfar ?<\/strong><\/h3>\n\n\n\n<p>Vers cinq heures du matin, le mardi 22 octobre 2024, des agents de s\u00e9curit\u00e9 ont fait irruption \u00e0 leur domicile \u00e0 <a href=\"https:\/\/en.wikipedia.org\/wiki\/Zarqan\" target=\"_blank\" rel=\"noreferrer noopener\">Zarqan<\/a> et ont <a href=\"https:\/\/wncri.org\/fr\/2024\/10\/25\/hoda-mehreganfar\/\" target=\"_blank\" rel=\"noreferrer noopener\">arr\u00eat\u00e9 Hoda Mehreganfar<\/a> et son p\u00e8re sans pr\u00e9senter de mandat.<\/p>\n\n\n\n<p>Apr\u00e8s plusieurs mois de d\u00e9tention, ils ont \u00e9t\u00e9 transf\u00e9r\u00e9s \u00e0 la <a href=\"https:\/\/wncri.org\/fr\/2025\/01\/11\/la-prison-dadelabad\/\" target=\"_blank\" rel=\"noreferrer noopener\">prison d\u2019Adelabad<\/a> \u00e0 Chiraz.<\/p>\n\n\n\n<p>Une premi\u00e8re audience pour le p\u00e8re et la fille s\u2019est tenue par visioconf\u00e9rence le 30 mars 2025. Ils y ont \u00e9t\u00e9 accus\u00e9s de pr\u00e9tendues liaisons avec l\u2019Organisation des Moudjahidine du peuple d\u2019Iran (OMPI \/ MEK).<\/p>\n","protected":false},"excerpt":{"rendered":"<p>Hoda Mehreganfar, ing\u00e9nieure en \u00e9lectronique \u00e2g\u00e9e de 38 ans et prisonni\u00e8re politique, se trouve dans un \u00e9tat critique \u00e0 la prison d\u2019Adelabad \u00e0 Chiraz. Malgr\u00e9 la gravit\u00e9 de sa situation, les services de s\u00e9curit\u00e9 continuent d\u2019emp\u00eacher son transfert \u00e0 l\u2019h\u00f4pital. Ce refus d\u00e9lib\u00e9r\u00e9 d\u2019appliquer les recommandations m\u00e9dicales met sa vie en grand danger. Selon des [&hellip;]<\/p>\n","protected":false},"author":4,"featured_media":23939,"comment_status":"closed","ping_status":"closed","sticky":false,"template":"","format":"standard","meta":{"jnews-multi-image_gallery":[],"jnews_single_post":{"format":"standard"},"jnews_primary_category":[],"jnews_social_meta":[],"jnews_override_counter":[],"footnotes":""},"categories":[3],"tags":[370],"class_list":["post-24153","post","type-post","status-publish","format-standard","has-post-thumbnail","hentry","category-infos-des-femmes","tag-prisonnieres"],"_links":{"self":[{"href":"https:\/\/wncri.org\/fr\/wp-json\/wp\/v2\/posts\/24153","targetHints":{"allow":["GET"]}}],"collection":[{"href":"https:\/\/wncri.org\/fr\/wp-json\/wp\/v2\/posts"}],"about":[{"href":"https:\/\/wncri.org\/fr\/wp-json\/wp\/v2\/types\/post"}],"author":[{"embeddable":true,"href":"https:\/\/wncri.org\/fr\/wp-json\/wp\/v2\/users\/4"}],"replies":[{"embeddable":true,"href":"https:\/\/wncri.org\/fr\/wp-json\/wp\/v2\/comments?post=24153"}],"version-history":[{"count":1,"href":"https:\/\/wncri.org\/fr\/wp-json\/wp\/v2\/posts\/24153\/revisions"}],"predecessor-version":[{"id":24154,"href":"https:\/\/wncri.org\/fr\/wp-json\/wp\/v2\/posts\/24153\/revisions\/24154"}],"wp:featuredmedia":[{"embeddable":true,"href":"https:\/\/wncri.org\/fr\/wp-json\/wp\/v2\/media\/23939"}],"wp:attachment":[{"href":"https:\/\/wncri.org\/fr\/wp-json\/wp\/v2\/media?parent=24153"}],"wp:term":[{"taxonomy":"category","embeddable":true,"href":"https:\/\/wncri.org\/fr\/wp-json\/wp\/v2\/categories?post=24153"},{"taxonomy":"post_tag","embeddable":true,"href":"https:\/\/wncri.org\/fr\/wp-json\/wp\/v2\/tags?post=24153"}],"curies":[{"name":"wp","href":"https:\/\/api.w.org\/{rel}","templated":true}]}}