{"id":24134,"date":"2025-10-18T22:07:34","date_gmt":"2025-10-18T20:07:34","guid":{"rendered":"https:\/\/wncri.org\/fr\/?p=24134"},"modified":"2025-10-18T22:07:35","modified_gmt":"2025-10-18T20:07:35","slug":"solidarite-prisonnieres-politiques-devin","status":"publish","type":"post","link":"https:\/\/wncri.org\/fr\/2025\/10\/18\/solidarite-prisonnieres-politiques-devin\/","title":{"rendered":"Solidarit\u00e9 des prisonni\u00e8res politiques d\u2019Evin avec Ghezel Hessar en gr\u00e8ve"},"content":{"rendered":"\n<h4 class=\"wp-block-heading\">\u00c0 la suite des manifestations massives et de la gr\u00e8ve de la faim men\u00e9e par des prisonniers condamn\u00e9s \u00e0 mort dans la prison de Ghezel Hessar, un groupe de prisonni\u00e8res politiques d\u00e9tenues \u00e0 T\u00e9h\u00e9ran, dans la <a href=\"https:\/\/wncri.org\/fr\/2021\/12\/10\/les-conditions-des-femmes-prisons\/\" target=\"_blank\" rel=\"noreferrer noopener\">prison d\u2019Evin<\/a>, a publi\u00e9 une d\u00e9claration exprimant son soutien \u00e0 ce mouvement et appelant \u00e0 l\u2019abolition nationale de la peine de mort.<\/h4>\n\n\n\n<p>Dans leur d\u00e9claration, r\u00e9cemment diffus\u00e9e depuis la section des prisonni\u00e8res politiques d\u2019Evin, les prisonni\u00e8res soulignent que \u00ab la propagation de la pauvret\u00e9, de la corruption et des in\u00e9galit\u00e9s ne fait pas seulement cro\u00eetre la criminalit\u00e9, mais sert \u00e9galement de pr\u00e9texte au r\u00e9gime pour perp\u00e9tuer le cycle des ex\u00e9cutions et de la r\u00e9pression sociale \u00bb.<\/p>\n\n\n\n<p>La d\u00e9claration poursuit : \u00ab Une main tendue pour se nourrir ou nourrir son enfant est envoy\u00e9e \u00e0 la guillotine, et une t\u00eate qui se l\u00e8ve pour protester contre la faim et la mis\u00e8re est pass\u00e9e \u00e0 la corde&#8230; Au lieu de reconna\u00eetre sa faillite politique et \u00e9conomique, le syst\u00e8me cherche \u00e0 justifier les ex\u00e9cutions en manipulant l\u2019opinion publique. \u00bb<\/p>\n\n\n\n<p>Les prisonni\u00e8res ajoutent que \u00ab les crimes tels que le meurtre, le vol ou les d\u00e9lits li\u00e9s \u00e0 la drogue, ceux qui sont le plus souvent punis de mort, sont les cons\u00e9quences directes des politiques \u00e9conomiques et sociales du r\u00e9gime. La r\u00e9sistance publique \u00e0 ces politiques refl\u00e8te la maturit\u00e9 politique croissante de l\u2019opinion publique au sein de la soci\u00e9t\u00e9 iranienne. \u00bb<\/p>\n\n\n\n<p>En \u00e9voquant la protestation de plus <a href=\"https:\/\/iran-hrm.com\/2025\/10\/16\/4th-day-mass-hunger-strike-of-1500-death-row-prisoners-in-qezel-hesar-prison\/\" target=\"_blank\" rel=\"noreferrer noopener\">d\u2019un millier de d\u00e9tenus \u00e0 Ghezel Hessar<\/a>, la d\u00e9claration qualifie ce mouvement de \u00ab tournant dans la lutte du peuple iranien contre la r\u00e9pression et la peine de mort \u00bb, affirmant la solidarit\u00e9 des prisonni\u00e8res :<br>\u00ab La section des femmes d\u2019Evin honore le courage des d\u00e9tenus de Ghezel Hessar et se tient aux c\u00f4t\u00e9s de celles et ceux condamn\u00e9s \u00e0 mort ainsi que de leurs familles, jusqu\u2019\u00e0 l\u2019abolition compl\u00e8te de la peine capitale. \u00bb<\/p>\n\n\n\n<p>La d\u00e9claration conclut : \u00ab Comme les prisonniers de Ghezel Hessar l\u2019ont demand\u00e9, nous esp\u00e9rons que l\u2019opposition aux ex\u00e9cutions devienne une cause nationale et collective. \u00bb<\/p>\n","protected":false},"excerpt":{"rendered":"<p>\u00c0 la suite des manifestations massives et de la gr\u00e8ve de la faim men\u00e9e par des prisonniers condamn\u00e9s \u00e0 mort dans la prison de Ghezel Hessar, un groupe de prisonni\u00e8res politiques d\u00e9tenues \u00e0 T\u00e9h\u00e9ran, dans la prison d\u2019Evin, a publi\u00e9 une d\u00e9claration exprimant son soutien \u00e0 ce mouvement et appelant \u00e0 l\u2019abolition nationale de la [&hellip;]<\/p>\n","protected":false},"author":4,"featured_media":24135,"comment_status":"closed","ping_status":"closed","sticky":false,"template":"","format":"standard","meta":{"jnews-multi-image_gallery":[],"jnews_single_post":{"format":"standard"},"jnews_primary_category":[],"jnews_social_meta":[],"jnews_override_counter":[],"footnotes":""},"categories":[3],"tags":[369,370],"class_list":["post-24134","post","type-post","status-publish","format-standard","has-post-thumbnail","hentry","category-infos-des-femmes","tag-manifestations","tag-prisonnieres"],"_links":{"self":[{"href":"https:\/\/wncri.org\/fr\/wp-json\/wp\/v2\/posts\/24134","targetHints":{"allow":["GET"]}}],"collection":[{"href":"https:\/\/wncri.org\/fr\/wp-json\/wp\/v2\/posts"}],"about":[{"href":"https:\/\/wncri.org\/fr\/wp-json\/wp\/v2\/types\/post"}],"author":[{"embeddable":true,"href":"https:\/\/wncri.org\/fr\/wp-json\/wp\/v2\/users\/4"}],"replies":[{"embeddable":true,"href":"https:\/\/wncri.org\/fr\/wp-json\/wp\/v2\/comments?post=24134"}],"version-history":[{"count":1,"href":"https:\/\/wncri.org\/fr\/wp-json\/wp\/v2\/posts\/24134\/revisions"}],"predecessor-version":[{"id":24136,"href":"https:\/\/wncri.org\/fr\/wp-json\/wp\/v2\/posts\/24134\/revisions\/24136"}],"wp:featuredmedia":[{"embeddable":true,"href":"https:\/\/wncri.org\/fr\/wp-json\/wp\/v2\/media\/24135"}],"wp:attachment":[{"href":"https:\/\/wncri.org\/fr\/wp-json\/wp\/v2\/media?parent=24134"}],"wp:term":[{"taxonomy":"category","embeddable":true,"href":"https:\/\/wncri.org\/fr\/wp-json\/wp\/v2\/categories?post=24134"},{"taxonomy":"post_tag","embeddable":true,"href":"https:\/\/wncri.org\/fr\/wp-json\/wp\/v2\/tags?post=24134"}],"curies":[{"name":"wp","href":"https:\/\/api.w.org\/{rel}","templated":true}]}}