{"id":24078,"date":"2025-10-13T23:09:45","date_gmt":"2025-10-13T21:09:45","guid":{"rendered":"https:\/\/wncri.org\/fr\/?p=24078"},"modified":"2025-10-13T23:09:47","modified_gmt":"2025-10-13T21:09:47","slug":"yalda-emamdoust-athlete-iranienne-disparue","status":"publish","type":"post","link":"https:\/\/wncri.org\/fr\/2025\/10\/13\/yalda-emamdoust-athlete-iranienne-disparue\/","title":{"rendered":"Yalda Emamdoust, athl\u00e8te iranienne disparue apr\u00e8s son arrestation \u00e0 Ispahan"},"content":{"rendered":"\n<h4 class=\"wp-block-heading\">Yalda Emamdoust, athl\u00e8te et m\u00e8re de deux enfants, est d\u00e9tenue depuis plus de deux mois. Les forces de s\u00e9curit\u00e9 l\u2019ont arr\u00eat\u00e9e d\u00e9but ao\u00fbt 2025 \u00e0 son domicile \u00e0 <a href=\"https:\/\/fr.wikipedia.org\/wiki\/Ispahan\" target=\"_blank\" rel=\"noopener\">Isp<\/a><a href=\"https:\/\/fr.wikipedia.org\/wiki\/Ispahan\" target=\"_blank\" rel=\"noreferrer noopener\">ahan<\/a> et l\u2019ont conduite vers un lieu inconnu, sans pr\u00e9senter de mandat judiciaire.<\/h4>\n\n\n\n<p>Plus de 60 jours apr\u00e8s son arrestation, aucune information n\u2019a \u00e9t\u00e9 communiqu\u00e9e sur son lieu de d\u00e9tention ni sur son \u00e9tat, malgr\u00e9 les d\u00e9marches r\u00e9p\u00e9t\u00e9es de sa famille. Aucun des organes judiciaires ou s\u00e9curitaires du r\u00e9gime iranien n\u2019a reconnu sa responsabilit\u00e9 dans cette arrestation.<\/p>\n\n\n\n<p>N\u00e9e en 1975 \u00e0 <a href=\"https:\/\/fr.wikipedia.org\/wiki\/Ilam\" target=\"_blank\" rel=\"noreferrer noopener\">Ilam<\/a> et r\u00e9sidant \u00e0 Ispahan, Yalda Emamdoust est une marathonienne reconnue, ayant particip\u00e9 \u00e0 plusieurs comp\u00e9titions provinciales et remport\u00e9 des titres de championne.<\/p>\n\n\n\n<p>Mme Emamdoust <a href=\"https:\/\/wncri.org\/fr\/2020\/09\/16\/quatre-femmes-parmi\/\" target=\"_blank\" rel=\"noreferrer noopener\">avait \u00e9t\u00e9 arr\u00eat\u00e9e<\/a> une premi\u00e8re fois en 2019 pour avoir inscrit des slogans de protestation sur les murs de la ville. Elle avait \u00e9t\u00e9 lib\u00e9r\u00e9e apr\u00e8s plusieurs mois de d\u00e9tention.<\/p>\n\n\n\n<p>Elle a de nouveau \u00e9t\u00e9 <a href=\"https:\/\/wncri.org\/fr\/2020\/08\/06\/detention-de-militantes-civiles-pression-sur-les-detenues-politiques-en-iran\/\" target=\"_blank\" rel=\"noreferrer noopener\">arr\u00eat\u00e9e le 31 mai 2020<\/a> et a pass\u00e9 deux mois en isolement dans la <a href=\"https:\/\/wncri.org\/fr\/2025\/06\/02\/prison-de-dowlatabad-a-ispahan-le\/\" target=\"_blank\" rel=\"noreferrer noopener\">prison de Dowlatabad<\/a> \u00e0 Ispahan, soumise \u00e0 des interrogatoires, avant d\u2019\u00eatre transf\u00e9r\u00e9e dans le quartier des femmes de la prison de Dastgerd.<\/p>\n\n\n\n<p>Le tribunal r\u00e9volutionnaire d\u2019Ispahan l\u2019a ensuite condamn\u00e9e \u00e0 dix ans de prison pour \u00ab rassemblement et collusion contre la s\u00e9curit\u00e9 nationale \u00bb et pour \u00ab propagande contre l\u2019\u00c9tat \u00bb.<\/p>\n\n\n<div class=\"wp-block-image\">\n<figure class=\"aligncenter size-full\"><img decoding=\"async\" src=\"data:image\/gif;base64,R0lGODlhAQABAIAAAAAAAP\/\/\/yH5BAEAAAAALAAAAAABAAEAAAIBRAA7\" data-src=\"https:\/\/wncri.org\/fr\/wp-content\/uploads\/2025\/10\/NCRI-Women-Yalda-Emamdoust-2.jpg\" alt=\"Yalda Emamdoust, athl\u00e8te iranienne disparue apr\u00e8s son arrestation \u00e0 Ispahan\" class=\"wp-image-24080 lazyload\"\/><noscript><img decoding=\"async\" width=\"750\" height=\"375\" src=\"https:\/\/wncri.org\/fr\/wp-content\/uploads\/2025\/10\/NCRI-Women-Yalda-Emamdoust-2.jpg\" alt=\"Yalda Emamdoust, athl\u00e8te iranienne disparue apr\u00e8s son arrestation \u00e0 Ispahan\" class=\"wp-image-24080 lazyload\" srcset=\"https:\/\/wncri.org\/fr\/wp-content\/uploads\/2025\/10\/NCRI-Women-Yalda-Emamdoust-2.jpg 750w, https:\/\/wncri.org\/fr\/wp-content\/uploads\/2025\/10\/NCRI-Women-Yalda-Emamdoust-2-300x150.jpg 300w, https:\/\/wncri.org\/fr\/wp-content\/uploads\/2025\/10\/NCRI-Women-Yalda-Emamdoust-2-360x180.jpg 360w\" sizes=\"(max-width: 750px) 100vw, 750px\" \/><\/noscript><figcaption class=\"wp-element-caption\">Yalda Emamdoust<\/figcaption><\/figure>\n<\/div>\n\n\n<p>Selon des sources proches de sa famille, Yalda a \u00e9t\u00e9 soumise \u00e0 des <a href=\"https:\/\/wncri.org\/fr\/2023\/02\/18\/yalda-emamdoust\/\" target=\"_blank\" rel=\"noreferrer noopener\">tortures physiques et psychologiques<\/a> lors de sa d\u00e9tention en 2020 et priv\u00e9e d\u2019appels t\u00e9l\u00e9phoniques et de visites familiales pendant plusieurs mois. Son mari, membre du minist\u00e8re des renseignements du r\u00e9gime, aurait directement particip\u00e9 \u00e0 son arrestation et \u00e0 sa remise aux agents de s\u00e9curit\u00e9 \u00e0 cette \u00e9poque.<\/p>\n\n\n\n<p>La disparition forc\u00e9e de Yalda Emamdoust illustre une fois de plus la recrudescence des violations des droits humains en Iran.<\/p>\n","protected":false},"excerpt":{"rendered":"<p>Yalda Emamdoust, athl\u00e8te et m\u00e8re de deux enfants, est d\u00e9tenue depuis plus de deux mois. Les forces de s\u00e9curit\u00e9 l\u2019ont arr\u00eat\u00e9e d\u00e9but ao\u00fbt 2025 \u00e0 son domicile \u00e0 Ispahan et l\u2019ont conduite vers un lieu inconnu, sans pr\u00e9senter de mandat judiciaire. Plus de 60 jours apr\u00e8s son arrestation, aucune information n\u2019a \u00e9t\u00e9 communiqu\u00e9e sur son [&hellip;]<\/p>\n","protected":false},"author":4,"featured_media":24079,"comment_status":"closed","ping_status":"closed","sticky":false,"template":"","format":"standard","meta":{"jnews-multi-image_gallery":[],"jnews_single_post":{"format":"standard"},"jnews_primary_category":[],"jnews_social_meta":[],"jnews_override_counter":[],"footnotes":""},"categories":[3],"tags":[370],"class_list":["post-24078","post","type-post","status-publish","format-standard","has-post-thumbnail","hentry","category-infos-des-femmes","tag-prisonnieres"],"_links":{"self":[{"href":"https:\/\/wncri.org\/fr\/wp-json\/wp\/v2\/posts\/24078","targetHints":{"allow":["GET"]}}],"collection":[{"href":"https:\/\/wncri.org\/fr\/wp-json\/wp\/v2\/posts"}],"about":[{"href":"https:\/\/wncri.org\/fr\/wp-json\/wp\/v2\/types\/post"}],"author":[{"embeddable":true,"href":"https:\/\/wncri.org\/fr\/wp-json\/wp\/v2\/users\/4"}],"replies":[{"embeddable":true,"href":"https:\/\/wncri.org\/fr\/wp-json\/wp\/v2\/comments?post=24078"}],"version-history":[{"count":1,"href":"https:\/\/wncri.org\/fr\/wp-json\/wp\/v2\/posts\/24078\/revisions"}],"predecessor-version":[{"id":24081,"href":"https:\/\/wncri.org\/fr\/wp-json\/wp\/v2\/posts\/24078\/revisions\/24081"}],"wp:featuredmedia":[{"embeddable":true,"href":"https:\/\/wncri.org\/fr\/wp-json\/wp\/v2\/media\/24079"}],"wp:attachment":[{"href":"https:\/\/wncri.org\/fr\/wp-json\/wp\/v2\/media?parent=24078"}],"wp:term":[{"taxonomy":"category","embeddable":true,"href":"https:\/\/wncri.org\/fr\/wp-json\/wp\/v2\/categories?post=24078"},{"taxonomy":"post_tag","embeddable":true,"href":"https:\/\/wncri.org\/fr\/wp-json\/wp\/v2\/tags?post=24078"}],"curies":[{"name":"wp","href":"https:\/\/api.w.org\/{rel}","templated":true}]}}