{"id":2405,"date":"2017-07-14T00:02:32","date_gmt":"2017-07-14T00:02:32","guid":{"rendered":"https:\/\/wncri.org\/frdev\/2017\/07\/14\/iran-la-militante-nassim-sadeghi-convoquee-au-tribunal\/"},"modified":"2017-07-14T00:02:32","modified_gmt":"2017-07-14T00:02:32","slug":"iran-la-militante-nassim-sadeghi-convoquee-au-tribunal","status":"publish","type":"post","link":"https:\/\/wncri.org\/fr\/2017\/07\/14\/iran-la-militante-nassim-sadeghi-convoquee-au-tribunal\/","title":{"rendered":"Iran: La militante Nassim Sadeghi convoqu\u00e9e au tribunal"},"content":{"rendered":"<p>CNRI Femmes &#8211; Dans un appel t\u00e9l\u00e9phonique, le tribunal de la r\u00e9volution de Tabriz en Iran a convoqu\u00e9 la militante Nassim Sadeghi \u00e0 compara\u00eetre le 15 ao\u00fbt 2017, pour l\u2019examen de ses accusations seront examin\u00e9es.<\/p>\n<p>  <!--more-->  <\/p>\n<p>Mme Sadeghi a \u00e9t\u00e9 arr\u00eat\u00e9e le 28 juillet 2016 avec une dizaine d\u2019autres personnes, pour avoir manifest\u00e9 contre des articles controvers\u00e9s parus dans le journal r\u00e9gional Tarh-e no. Elle est accus\u00e9e \u00ab\u00a0d&#8217;atteintes \u00e0 la s\u00e9curit\u00e9 nationale\u00a0\u00bb.Apr\u00e8s cinq jours de garde \u00e0 vue et d&#8217;interrogatoire dans les locaux des services de renseignement de Tabriz, elle a \u00e9t\u00e9 remise en libert\u00e9 provisoire sous une caution de 100 millions de tomans (environ 26.700 euros) jusqu&#8217;\u00e0 la tenue de son proc\u00e8s.<\/p>\n","protected":false},"excerpt":{"rendered":"<p>CNRI Femmes &#8211; Dans un appel t\u00e9l\u00e9phonique, le tribunal de la r\u00e9volution de Tabriz en Iran a convoqu\u00e9 la militante Nassim Sadeghi \u00e0 compara\u00eetre le 15 ao\u00fbt 2017, pour l\u2019examen de ses accusations seront examin\u00e9es.<\/p>\n","protected":false},"author":1,"featured_media":5020,"comment_status":"open","ping_status":"open","sticky":false,"template":"","format":"standard","meta":{"jnews-multi-image_gallery":[],"jnews_single_post":[],"jnews_primary_category":[],"jnews_social_meta":[],"jnews_override_counter":[],"footnotes":""},"categories":[3],"tags":[],"class_list":["post-2405","post","type-post","status-publish","format-standard","has-post-thumbnail","hentry","category-infos-des-femmes"],"_links":{"self":[{"href":"https:\/\/wncri.org\/fr\/wp-json\/wp\/v2\/posts\/2405","targetHints":{"allow":["GET"]}}],"collection":[{"href":"https:\/\/wncri.org\/fr\/wp-json\/wp\/v2\/posts"}],"about":[{"href":"https:\/\/wncri.org\/fr\/wp-json\/wp\/v2\/types\/post"}],"author":[{"embeddable":true,"href":"https:\/\/wncri.org\/fr\/wp-json\/wp\/v2\/users\/1"}],"replies":[{"embeddable":true,"href":"https:\/\/wncri.org\/fr\/wp-json\/wp\/v2\/comments?post=2405"}],"version-history":[{"count":0,"href":"https:\/\/wncri.org\/fr\/wp-json\/wp\/v2\/posts\/2405\/revisions"}],"wp:featuredmedia":[{"embeddable":true,"href":"https:\/\/wncri.org\/fr\/wp-json\/wp\/v2\/media\/5020"}],"wp:attachment":[{"href":"https:\/\/wncri.org\/fr\/wp-json\/wp\/v2\/media?parent=2405"}],"wp:term":[{"taxonomy":"category","embeddable":true,"href":"https:\/\/wncri.org\/fr\/wp-json\/wp\/v2\/categories?post=2405"},{"taxonomy":"post_tag","embeddable":true,"href":"https:\/\/wncri.org\/fr\/wp-json\/wp\/v2\/tags?post=2405"}],"curies":[{"name":"wp","href":"https:\/\/api.w.org\/{rel}","templated":true}]}}