{"id":24033,"date":"2025-10-08T23:14:58","date_gmt":"2025-10-08T21:14:58","guid":{"rendered":"https:\/\/wncri.org\/fr\/?p=24033"},"modified":"2025-10-08T23:15:00","modified_gmt":"2025-10-08T21:15:00","slug":"non-aux-executions-du-mardi","status":"publish","type":"post","link":"https:\/\/wncri.org\/fr\/2025\/10\/08\/non-aux-executions-du-mardi\/","title":{"rendered":"Non aux ex\u00e9cutions du mardi : les familles au c\u0153ur de la campagne"},"content":{"rendered":"\n<p>Alors que la 89e semaine de la <a href=\"https:\/\/wncri.org\/fr\/2025\/09\/30\/greve-de-la-faim-contre-la-peine-de-mort-2\/\" target=\"_blank\" rel=\"noreferrer noopener\">campagne nationale<\/a> \u00ab Non aux ex\u00e9cutions du mardi \u00bb se poursuit dans 52 prisons \u00e0 travers l\u2019Iran, les familles de prisonniers politiques condamn\u00e9s \u00e0 mort ont insuffl\u00e9 \u00e0 ce mouvement une nouvelle profondeur morale et sociale gr\u00e2ce \u00e0 leur participation active et \u00e0 leurs puissants messages publics.<\/p>\n\n\n\n<p>Dans sa d\u00e9claration la plus r\u00e9cente, publi\u00e9e \u00e0 la veille de la Journ\u00e9e mondiale contre la peine de mort, la campagne \u00ab Non aux ex\u00e9cutions du mardi \u00bb a d\u00e9clar\u00e9 :<\/p>\n\n\n\n<p>\u00ab Alors que la communaut\u00e9 internationale s\u2019oriente vers l\u2019abolition ou la restriction de la peine de mort, le r\u00e9gime au pouvoir en Iran continue d\u2019\u00e9tablir de nouveaux records en mati\u00e8re d\u2019ex\u00e9cutions et de violence d\u2019\u00c9tat. \u00bb<\/p>\n\n\n\n<p>La d\u00e9claration a \u00e9galement condamn\u00e9 l\u2019ex\u00e9cution de six prisonniers arabes d\u2019Ahwaz et d\u2019un prisonnier politique kurde le 30 septembre, soulignant que la r\u00e9cente confirmation par la Cour supr\u00eame de la condamnation \u00e0 mort de <a href=\"https:\/\/iran-hrm.com\/2025\/10\/06\/mohammad-javad-vafaei-sani-death-sentence-upheld-for-the-third-time\/\" target=\"_blank\" rel=\"noreferrer noopener\">Mohammad Javad Vafaee-Sani<\/a> constitue \u00ab un signe \u00e9vident de la politique persistante du r\u00e9gime consistant \u00e0 r\u00e9primer par la mort \u00bb.<\/p>\n\n\n<div class=\"wp-block-image\">\n<figure class=\"aligncenter size-full\"><img decoding=\"async\" src=\"data:image\/gif;base64,R0lGODlhAQABAIAAAAAAAP\/\/\/yH5BAEAAAAALAAAAAABAAEAAAIBRAA7\" data-src=\"https:\/\/wncri.org\/fr\/wp-content\/uploads\/2025\/10\/NCRI-Women-No-to-Execution-Tuesdays-89th-wk-2-min.jpg\" alt=\"Non aux ex\u00e9cutions du mardi : les familles au c\u0153ur de la campagne\" class=\"wp-image-24035 lazyload\"\/><noscript><img decoding=\"async\" width=\"750\" height=\"375\" src=\"https:\/\/wncri.org\/fr\/wp-content\/uploads\/2025\/10\/NCRI-Women-No-to-Execution-Tuesdays-89th-wk-2-min.jpg\" alt=\"Non aux ex\u00e9cutions du mardi : les familles au c\u0153ur de la campagne\" class=\"wp-image-24035 lazyload\" srcset=\"https:\/\/wncri.org\/fr\/wp-content\/uploads\/2025\/10\/NCRI-Women-No-to-Execution-Tuesdays-89th-wk-2-min.jpg 750w, https:\/\/wncri.org\/fr\/wp-content\/uploads\/2025\/10\/NCRI-Women-No-to-Execution-Tuesdays-89th-wk-2-min-300x150.jpg 300w, https:\/\/wncri.org\/fr\/wp-content\/uploads\/2025\/10\/NCRI-Women-No-to-Execution-Tuesdays-89th-wk-2-min-360x180.jpg 360w\" sizes=\"(max-width: 750px) 100vw, 750px\" \/><\/noscript><\/figure>\n<\/div>\n\n\n<h3 class=\"wp-block-heading\"><strong>Les familles : le c\u0153ur battant du mouvement contre les ex\u00e9cutions<\/strong><\/h3>\n\n\n\n<p>Depuis la cr\u00e9ation de la campagne \u00ab Non aux ex\u00e9cutions du mardi \u00bb, les familles de prisonniers politiques et de condamn\u00e9s \u00e0 mort en sont devenues la colonne vert\u00e9brale. M\u00e8res, p\u00e8res, \u00e9pouses et enfants de prisonniers sont devenus la voix des sans-voix participant \u00e0 des rassemblements, r\u00e9digeant des lettres ouvertes et organisant des gr\u00e8ves de la faim symboliques pour attirer l\u2019attention sur le sort de leurs proches.<\/p>\n\n\n\n<p>Ils soulignent que leur lutte ne vise pas seulement \u00e0 sauver leurs propres membres de famille, mais \u00e0 mettre fin \u00e0 la peine de mort utilis\u00e9e comme instrument de vengeance et d\u2019intimidation au sein du syst\u00e8me judiciaire du r\u00e9gime th\u00e9ocratique iranien. La pr\u00e9sence de ces familles \u2014 en particulier celle des m\u00e8res \u2014 a conf\u00e9r\u00e9 \u00e0 la campagne une dimension morale et humaine profonde, \u00e9veillant la conscience de la soci\u00e9t\u00e9.<\/p>\n\n\n<div class=\"wp-block-image\">\n<figure class=\"aligncenter size-full\"><img decoding=\"async\" src=\"data:image\/gif;base64,R0lGODlhAQABAIAAAAAAAP\/\/\/yH5BAEAAAAALAAAAAABAAEAAAIBRAA7\" data-src=\"https:\/\/wncri.org\/fr\/wp-content\/uploads\/2025\/10\/NCRI-Women-No-to-Execution-Tuesdays-89th-wk-3-min.jpg\" alt=\"Non aux ex\u00e9cutions du mardi : les familles au c\u0153ur de la campagne\" class=\"wp-image-24036 lazyload\"\/><noscript><img decoding=\"async\" width=\"750\" height=\"375\" src=\"https:\/\/wncri.org\/fr\/wp-content\/uploads\/2025\/10\/NCRI-Women-No-to-Execution-Tuesdays-89th-wk-3-min.jpg\" alt=\"Non aux ex\u00e9cutions du mardi : les familles au c\u0153ur de la campagne\" class=\"wp-image-24036 lazyload\" srcset=\"https:\/\/wncri.org\/fr\/wp-content\/uploads\/2025\/10\/NCRI-Women-No-to-Execution-Tuesdays-89th-wk-3-min.jpg 750w, https:\/\/wncri.org\/fr\/wp-content\/uploads\/2025\/10\/NCRI-Women-No-to-Execution-Tuesdays-89th-wk-3-min-300x150.jpg 300w, https:\/\/wncri.org\/fr\/wp-content\/uploads\/2025\/10\/NCRI-Women-No-to-Execution-Tuesdays-89th-wk-3-min-360x180.jpg 360w\" sizes=\"(max-width: 750px) 100vw, 750px\" \/><\/noscript><\/figure>\n<\/div>\n\n\n<h3 class=\"wp-block-heading\"><strong>\u00ab Non aux ex\u00e9cutions du mardi \u00bb : un mouvement social, organis\u00e9 et conscient<\/strong><\/h3>\n\n\n\n<p>Quatre-vingt-neuf semaines cons\u00e9cutives de la campagne \u00ab Non aux ex\u00e9cutions du mardi \u00bb d\u00e9montrent qu\u2019elle est devenue un v\u00e9ritable mouvement social, organis\u00e9 et conscient un mouvement qui, face \u00e0 la politique de mort du r\u00e9gime, d\u00e9fend le droit \u00e0 la vie et \u00e0 la justice.<\/p>\n\n\n\n<p>L\u2019objectif de cette campagne ne se limite pas \u00e0 l\u2019annulation des condamnations \u00e0 mort prononc\u00e9es contre des prisonniers politiques ; elle appelle \u00e0 l\u2019abolition totale de la peine de mort pour tous les citoyens, quels que soient leurs chefs d\u2019accusation ou leurs convictions.<\/p>\n\n\n\n<p>Le r\u00e9gime cl\u00e9rical cherche \u00e0 faire taire cette voix par la r\u00e9pression et les ex\u00e9cutions. Pourtant, l\u2019expansion continue de ce mouvement prouve que le d\u00e9sir de vie, de justice et de libert\u00e9 est bien plus fort que la machine de mort.<\/p>\n","protected":false},"excerpt":{"rendered":"<p>Alors que la 89e semaine de la campagne nationale \u00ab Non aux ex\u00e9cutions du mardi \u00bb se poursuit dans 52 prisons \u00e0 travers l\u2019Iran, les familles de prisonniers politiques condamn\u00e9s \u00e0 mort ont insuffl\u00e9 \u00e0 ce mouvement une nouvelle profondeur morale et sociale gr\u00e2ce \u00e0 leur participation active et \u00e0 leurs puissants messages publics. Dans [&hellip;]<\/p>\n","protected":false},"author":4,"featured_media":24034,"comment_status":"closed","ping_status":"closed","sticky":false,"template":"","format":"standard","meta":{"jnews-multi-image_gallery":[],"jnews_single_post":{"format":"standard"},"jnews_primary_category":[],"jnews_social_meta":[],"jnews_override_counter":[],"footnotes":""},"categories":[3],"tags":[369],"class_list":["post-24033","post","type-post","status-publish","format-standard","has-post-thumbnail","hentry","category-infos-des-femmes","tag-manifestations"],"_links":{"self":[{"href":"https:\/\/wncri.org\/fr\/wp-json\/wp\/v2\/posts\/24033","targetHints":{"allow":["GET"]}}],"collection":[{"href":"https:\/\/wncri.org\/fr\/wp-json\/wp\/v2\/posts"}],"about":[{"href":"https:\/\/wncri.org\/fr\/wp-json\/wp\/v2\/types\/post"}],"author":[{"embeddable":true,"href":"https:\/\/wncri.org\/fr\/wp-json\/wp\/v2\/users\/4"}],"replies":[{"embeddable":true,"href":"https:\/\/wncri.org\/fr\/wp-json\/wp\/v2\/comments?post=24033"}],"version-history":[{"count":1,"href":"https:\/\/wncri.org\/fr\/wp-json\/wp\/v2\/posts\/24033\/revisions"}],"predecessor-version":[{"id":24037,"href":"https:\/\/wncri.org\/fr\/wp-json\/wp\/v2\/posts\/24033\/revisions\/24037"}],"wp:featuredmedia":[{"embeddable":true,"href":"https:\/\/wncri.org\/fr\/wp-json\/wp\/v2\/media\/24034"}],"wp:attachment":[{"href":"https:\/\/wncri.org\/fr\/wp-json\/wp\/v2\/media?parent=24033"}],"wp:term":[{"taxonomy":"category","embeddable":true,"href":"https:\/\/wncri.org\/fr\/wp-json\/wp\/v2\/categories?post=24033"},{"taxonomy":"post_tag","embeddable":true,"href":"https:\/\/wncri.org\/fr\/wp-json\/wp\/v2\/tags?post=24033"}],"curies":[{"name":"wp","href":"https:\/\/api.w.org\/{rel}","templated":true}]}}