{"id":24001,"date":"2025-10-03T23:34:51","date_gmt":"2025-10-03T21:34:51","guid":{"rendered":"https:\/\/wncri.org\/fr\/?p=24001"},"modified":"2025-10-03T23:34:52","modified_gmt":"2025-10-03T21:34:52","slug":"zeinab-jalalian-renvoyee-a-la-prison","status":"publish","type":"post","link":"https:\/\/wncri.org\/fr\/2025\/10\/03\/zeinab-jalalian-renvoyee-a-la-prison\/","title":{"rendered":"Zeinab Jalalian : renvoy\u00e9e de force \u00e0 la prison apr\u00e8s une chirurgie incompl\u00e8te"},"content":{"rendered":"\n<h4 class=\"wp-block-heading\">Zeinab Jalalian, <a href=\"https:\/\/wncri.org\/fr\/2025\/09\/17\/zeinab-jalalian-privee-de-soins-medicaux\/\" target=\"_blank\" rel=\"noreferrer noopener\">prisonni\u00e8re politique kurde<\/a> et seule femme en Iran \u00e0 purger une peine de prison \u00e0 vie, serait dans un \u00e9tat critique. Apr\u00e8s avoir subi une op\u00e9ration des fibromes dans un h\u00f4pital de Yazd, elle a \u00e9t\u00e9 renvoy\u00e9e en prison seulement 24 heures plus tard, avant d\u2019avoir termin\u00e9 son traitement postop\u00e9ratoire et contre l\u2019avis m\u00e9dical.<\/h4>\n\n\n\n<h3 class=\"wp-block-heading\"><strong>Renvoy\u00e9e de force apr\u00e8s une chirurgie incompl\u00e8te<\/strong><\/h3>\n\n\n\n<p>Depuis des ann\u00e9es, Jalalian souffre de graves complications de sant\u00e9, notamment des h\u00e9morragies internes, des probl\u00e8mes r\u00e9naux et des douleurs chroniques. En juillet 2024, elle avait \u00e9t\u00e9 transf\u00e9r\u00e9e \u00e0 l\u2019infirmerie de la prison centrale de <a href=\"https:\/\/fr.wikipedia.org\/wiki\/Yazd\" target=\"_blank\" rel=\"noreferrer noopener\">Yazd<\/a> en raison de douleurs aigu\u00ebs, mais elle avait \u00e9t\u00e9 renvoy\u00e9e dans son quartier sans acc\u00e8s \u00e0 des soins m\u00e9dicaux sp\u00e9cialis\u00e9s et avec seulement un traitement rudimentaire.<\/p>\n\n\n\n<p>D\u00e9sormais, en plus de ses maladies chroniques, elle souffre de complications dermatologiques et d\u2019un affaiblissement g\u00e9n\u00e9ral, la pla\u00e7ant dans un \u00e9tat critique.<\/p>\n\n\n\n<h3 class=\"wp-block-heading\"><strong>Des soins m\u00e9dicaux conditionn\u00e9s \u00e0 une \u00ab lettre de repentir \u00bb<\/strong><\/h3>\n\n\n\n<p>Les autorit\u00e9s s\u00e9curitaires iraniennes ont \u00e0 plusieurs reprises conditionn\u00e9 son acc\u00e8s \u00e0 des soins m\u00e9dicaux sp\u00e9cialis\u00e9s \u00e0 la signature d\u2019une pr\u00e9tendue \u00ab lettre de repentir \u00bb. En juin 2024, des agents du renseignement lui ont dit qu\u2019un transfert \u00e0 l\u2019h\u00f4pital ne serait possible que si elle acceptait de r\u00e9diger une telle d\u00e9claration, un ultimatum qu\u2019elle a fermement rejet\u00e9, soulignant que l\u2019acc\u00e8s aux soins m\u00e9dicaux est son droit humain fondamental. Des pressions similaires avaient \u00e9galement \u00e9t\u00e9 rapport\u00e9es en novembre 2023.<\/p>\n\n\n\n<p>Selon les Rapporteurs sp\u00e9ciaux de l\u2019ONU, la poursuite de son emprisonnement sans soins m\u00e9dicaux appropri\u00e9s pourrait avoir des cons\u00e9quences irr\u00e9parables sur sa vie. Ils ont soulign\u00e9 que \u00ab le temps est essentiel \u00bb et que tout nouveau retard de traitement pourrait entra\u00eener sa mort.<\/p>\n\n\n<div class=\"wp-block-image\">\n<figure class=\"aligncenter size-full\"><img decoding=\"async\" src=\"data:image\/gif;base64,R0lGODlhAQABAIAAAAAAAP\/\/\/yH5BAEAAAAALAAAAAABAAEAAAIBRAA7\" data-src=\"https:\/\/wncri.org\/fr\/wp-content\/uploads\/2020\/07\/Zeinab-Jalalian-possibly.jpg\" alt=\"La prisonni\u00e8re politique Zeinab Jalalian peut- \u00eatre transf\u00e9r\u00e9e \u00e0 la prison de Kerman\" class=\"wp-image-11310 lazyload\"\/><noscript><img decoding=\"async\" width=\"750\" height=\"375\" src=\"https:\/\/wncri.org\/fr\/wp-content\/uploads\/2020\/07\/Zeinab-Jalalian-possibly.jpg\" alt=\"La prisonni\u00e8re politique Zeinab Jalalian peut- \u00eatre transf\u00e9r\u00e9e \u00e0 la prison de Kerman\" class=\"wp-image-11310 lazyload\" srcset=\"https:\/\/wncri.org\/fr\/wp-content\/uploads\/2020\/07\/Zeinab-Jalalian-possibly.jpg 750w, https:\/\/wncri.org\/fr\/wp-content\/uploads\/2020\/07\/Zeinab-Jalalian-possibly-300x150.jpg 300w, https:\/\/wncri.org\/fr\/wp-content\/uploads\/2020\/07\/Zeinab-Jalalian-possibly-360x180.jpg 360w\" sizes=\"(max-width: 750px) 100vw, 750px\" \/><\/noscript><\/figure>\n<\/div>\n\n\n<h3 class=\"wp-block-heading\"><strong>Qui est Zeinab Jalalian ?<\/strong><\/h3>\n\n\n\n<p>Zeinab Jalalian a \u00e9t\u00e9 <a href=\"https:\/\/wncri.org\/fr\/2024\/02\/26\/zeinab-jalalian\/\" target=\"_blank\" rel=\"noreferrer noopener\">arr\u00eat\u00e9e en 2007<\/a> et, en 2009, condamn\u00e9e \u00e0 un an de prison pour passage ill\u00e9gal de fronti\u00e8re. Elle a \u00e9galement \u00e9t\u00e9 condamn\u00e9e \u00e0 mort pour \u00ab inimiti\u00e9 envers Dieu \u00bb, en raison d\u2019une appartenance pr\u00e9sum\u00e9e \u00e0 des groupes d\u2019opposition. Sa condamnation \u00e0 mort a \u00e9t\u00e9 confirm\u00e9e par la cour d\u2019appel et la Cour supr\u00eame, mais a ensuite \u00e9t\u00e9 commu\u00e9e en prison \u00e0 vie.<\/p>\n\n\n\n<p>Elle a d\u00e9clar\u00e9 \u00e0 plusieurs reprises qu\u2019au cours de sa d\u00e9tention, elle avait \u00e9t\u00e9 <a href=\"https:\/\/wncri.org\/fr\/2022\/01\/12\/zeinab-jalalian-detenue-depuis-530-jours-au-secret\/\" target=\"_blank\" rel=\"noreferrer noopener\">soumise \u00e0 de graves tortures<\/a>, notamment des coups de fouet sur la plante des pieds, des coups de poing dans l\u2019estomac, sa t\u00eate cogn\u00e9e contre les murs, et des menaces d\u2019agression sexuelle.<\/p>\n","protected":false},"excerpt":{"rendered":"<p>Zeinab Jalalian, prisonni\u00e8re politique kurde et seule femme en Iran \u00e0 purger une peine de prison \u00e0 vie, serait dans un \u00e9tat critique. Apr\u00e8s avoir subi une op\u00e9ration des fibromes dans un h\u00f4pital de Yazd, elle a \u00e9t\u00e9 renvoy\u00e9e en prison seulement 24 heures plus tard, avant d\u2019avoir termin\u00e9 son traitement postop\u00e9ratoire et contre l\u2019avis [&hellip;]<\/p>\n","protected":false},"author":4,"featured_media":17953,"comment_status":"closed","ping_status":"closed","sticky":false,"template":"","format":"standard","meta":{"jnews-multi-image_gallery":[],"jnews_single_post":{"format":"standard"},"jnews_primary_category":[],"jnews_social_meta":[],"jnews_override_counter":[],"footnotes":""},"categories":[3],"tags":[370],"class_list":["post-24001","post","type-post","status-publish","format-standard","has-post-thumbnail","hentry","category-infos-des-femmes","tag-prisonnieres"],"_links":{"self":[{"href":"https:\/\/wncri.org\/fr\/wp-json\/wp\/v2\/posts\/24001","targetHints":{"allow":["GET"]}}],"collection":[{"href":"https:\/\/wncri.org\/fr\/wp-json\/wp\/v2\/posts"}],"about":[{"href":"https:\/\/wncri.org\/fr\/wp-json\/wp\/v2\/types\/post"}],"author":[{"embeddable":true,"href":"https:\/\/wncri.org\/fr\/wp-json\/wp\/v2\/users\/4"}],"replies":[{"embeddable":true,"href":"https:\/\/wncri.org\/fr\/wp-json\/wp\/v2\/comments?post=24001"}],"version-history":[{"count":1,"href":"https:\/\/wncri.org\/fr\/wp-json\/wp\/v2\/posts\/24001\/revisions"}],"predecessor-version":[{"id":24002,"href":"https:\/\/wncri.org\/fr\/wp-json\/wp\/v2\/posts\/24001\/revisions\/24002"}],"wp:featuredmedia":[{"embeddable":true,"href":"https:\/\/wncri.org\/fr\/wp-json\/wp\/v2\/media\/17953"}],"wp:attachment":[{"href":"https:\/\/wncri.org\/fr\/wp-json\/wp\/v2\/media?parent=24001"}],"wp:term":[{"taxonomy":"category","embeddable":true,"href":"https:\/\/wncri.org\/fr\/wp-json\/wp\/v2\/categories?post=24001"},{"taxonomy":"post_tag","embeddable":true,"href":"https:\/\/wncri.org\/fr\/wp-json\/wp\/v2\/tags?post=24001"}],"curies":[{"name":"wp","href":"https:\/\/api.w.org\/{rel}","templated":true}]}}