{"id":23870,"date":"2025-09-24T17:26:06","date_gmt":"2025-09-24T15:26:06","guid":{"rendered":"https:\/\/wncri.org\/fr\/?p=23870"},"modified":"2025-09-24T17:26:08","modified_gmt":"2025-09-24T15:26:08","slug":"prisonniers-politiques-condamnes-a-mort-2","status":"publish","type":"post","link":"https:\/\/wncri.org\/fr\/2025\/09\/24\/prisonniers-politiques-condamnes-a-mort-2\/","title":{"rendered":"Familles de prisonniers politiques condamn\u00e9s \u00e0 mort soutiennent les gr\u00e9vistes de la faim"},"content":{"rendered":"\n<h4 class=\"wp-block-heading\">Mardi 23 septembre 2025 a marqu\u00e9 la 87e semaine cons\u00e9cutive de la campagne Non aux ex\u00e9cutions du mardi dans 52 prisons \u00e0 travers l\u2019Iran. Les familles de prisonniers politiques condamn\u00e9s \u00e0 mort soutiennent les gr\u00e9vistes de la faim.<\/h4>\n\n\n\n<p>La d\u00e9claration de cette semaine de la campagne a abord\u00e9 l\u2019ex\u00e9cution de Babak Shahbazi \u00e0 l\u2019anniversaire du soul\u00e8vement de 2022. La d\u00e9claration indiquait en partie :<\/p>\n\n\n\n<p>\u00ab L\u2019ex\u00e9cution brutale de <a href=\"https:\/\/iran-hrm.com\/2025\/09\/18\/execution-of-babak-shahbazi-confirmed-amid-serious-due-process-concerns\/\" target=\"_blank\" rel=\"noreferrer noopener\">Babak Shahbazi,<\/a> l\u2019un des participants \u00e0 la <a href=\"https:\/\/wncri.org\/fr\/2025\/09\/17\/mardis-non-aux-executions-86e-semaine\/\" target=\"_blank\" rel=\"noreferrer noopener\">campagne Non aux ex\u00e9cutions du mardi<\/a>, sans qu\u2019il soit autoris\u00e9 \u00e0 voir une derni\u00e8re fois sa famille, constitue un exemple choquant de conduite inhumaine et une violation flagrante des droits humains par ce r\u00e9gime. Son transfert secret de la section vers l\u2019ex\u00e9cution a suscit\u00e9 des protestations et un sit-in de ses cod\u00e9tenus \u00e0 la prison de Ghezel Hessar. \u00bb<\/p>\n\n\n\n<h3 class=\"wp-block-heading\"><strong>En solidarit\u00e9, les familles de prisonniers politiques condamn\u00e9s \u00e0 mort descendent dans la rue<\/strong><\/h3>\n\n\n\n<p>Depuis les premi\u00e8res semaines de la campagne Non aux ex\u00e9cutions du mardi, les familles de prisonniers politiques condamn\u00e9s \u00e0 mort ont jou\u00e9 un r\u00f4le central dans le maintien et l\u2019amplification de ce mouvement.<\/p>\n\n\n\n<p>La pr\u00e9sence active des m\u00e8res, des p\u00e8res, des \u00e9pouses et des enfants n\u2019a pas seulement renforc\u00e9 sa dimension sociale, mais lui a \u00e9galement donn\u00e9 un visage profond\u00e9ment humain et \u00e9motionnel.<\/p>\n\n\n\n<p>En particulier, les m\u00e8res de prisonniers politiques, qui sont rest\u00e9es fermes malgr\u00e9 les menaces s\u00e9curitaires et la pression, sont devenues des symboles de r\u00e9sistance. Elles ont d\u00e9clar\u00e9 \u00e0 plusieurs reprises qu\u2019aucun niveau d\u2019intimidation ne pourra r\u00e9duire leurs voix au silence.<\/p>\n\n\n\n<p>Une m\u00e8re, s\u2019exprimant lors d\u2019un rassemblement r\u00e9cent, a dit : \u00ab Nous sommes ici pour la vie de nos enfants. Chaque n\u0153ud coulant qui se resserre br\u00fble le c\u0153ur d\u2019une m\u00e8re et approfondit les blessures de la soci\u00e9t\u00e9. \u00bb<\/p>\n\n\n\n<p>Aujourd\u2019hui, la campagne Non aux ex\u00e9cutions du mardi, active dans des dizaines de prisons, y compris Evin, Ghezel Hessar, Raja\u00ef Chahr et <a href=\"https:\/\/wncri.org\/fr\/2025\/09\/15\/les-gardiens-de-la-prison-de-qarchak\/\" target=\"_blank\" rel=\"noreferrer noopener\">Qarchak<\/a>, est devenue un puissant symbole de solidarit\u00e9 entre les prisonniers politiques condamn\u00e9s \u00e0 mort et leurs familles, en d\u00e9fiance face \u00e0 la machine de mort et de r\u00e9pression du r\u00e9gime iranien.<\/p>\n","protected":false},"excerpt":{"rendered":"<p>Mardi 23 septembre 2025 a marqu\u00e9 la 87e semaine cons\u00e9cutive de la campagne Non aux ex\u00e9cutions du mardi dans 52 prisons \u00e0 travers l\u2019Iran. Les familles de prisonniers politiques condamn\u00e9s \u00e0 mort soutiennent les gr\u00e9vistes de la faim. La d\u00e9claration de cette semaine de la campagne a abord\u00e9 l\u2019ex\u00e9cution de Babak Shahbazi \u00e0 l\u2019anniversaire du [&hellip;]<\/p>\n","protected":false},"author":4,"featured_media":23871,"comment_status":"closed","ping_status":"closed","sticky":false,"template":"","format":"standard","meta":{"jnews-multi-image_gallery":[],"jnews_single_post":{"format":"standard"},"jnews_primary_category":[],"jnews_social_meta":[],"jnews_override_counter":[],"footnotes":""},"categories":[3],"tags":[369],"class_list":["post-23870","post","type-post","status-publish","format-standard","has-post-thumbnail","hentry","category-infos-des-femmes","tag-manifestations"],"_links":{"self":[{"href":"https:\/\/wncri.org\/fr\/wp-json\/wp\/v2\/posts\/23870","targetHints":{"allow":["GET"]}}],"collection":[{"href":"https:\/\/wncri.org\/fr\/wp-json\/wp\/v2\/posts"}],"about":[{"href":"https:\/\/wncri.org\/fr\/wp-json\/wp\/v2\/types\/post"}],"author":[{"embeddable":true,"href":"https:\/\/wncri.org\/fr\/wp-json\/wp\/v2\/users\/4"}],"replies":[{"embeddable":true,"href":"https:\/\/wncri.org\/fr\/wp-json\/wp\/v2\/comments?post=23870"}],"version-history":[{"count":1,"href":"https:\/\/wncri.org\/fr\/wp-json\/wp\/v2\/posts\/23870\/revisions"}],"predecessor-version":[{"id":23872,"href":"https:\/\/wncri.org\/fr\/wp-json\/wp\/v2\/posts\/23870\/revisions\/23872"}],"wp:featuredmedia":[{"embeddable":true,"href":"https:\/\/wncri.org\/fr\/wp-json\/wp\/v2\/media\/23871"}],"wp:attachment":[{"href":"https:\/\/wncri.org\/fr\/wp-json\/wp\/v2\/media?parent=23870"}],"wp:term":[{"taxonomy":"category","embeddable":true,"href":"https:\/\/wncri.org\/fr\/wp-json\/wp\/v2\/categories?post=23870"},{"taxonomy":"post_tag","embeddable":true,"href":"https:\/\/wncri.org\/fr\/wp-json\/wp\/v2\/tags?post=23870"}],"curies":[{"name":"wp","href":"https:\/\/api.w.org\/{rel}","templated":true}]}}