{"id":23837,"date":"2025-09-21T22:31:47","date_gmt":"2025-09-21T20:31:47","guid":{"rendered":"https:\/\/wncri.org\/fr\/?p=23837"},"modified":"2025-09-21T22:31:49","modified_gmt":"2025-09-21T20:31:49","slug":"jamileh-azizi-meurt-a-la-prison-de-qarchak","status":"publish","type":"post","link":"https:\/\/wncri.org\/fr\/2025\/09\/21\/jamileh-azizi-meurt-a-la-prison-de-qarchak\/","title":{"rendered":"Jamileh Azizi meurt \u00e0 la prison de Qarchak en raison de n\u00e9gligence m\u00e9dicale"},"content":{"rendered":"\n<h4 class=\"wp-block-heading\">Le vendredi 19 septembre 2025, Jamileh Azizi, une d\u00e9tenue incarc\u00e9r\u00e9e \u00e0 la prison de Qarchak \u00e0 <a href=\"https:\/\/fr.wikipedia.org\/wiki\/Varamin\" target=\"_blank\" rel=\"noreferrer noopener\">Varamin<\/a>, est d\u00e9c\u00e9d\u00e9e \u00e0 la suite d\u2019une n\u00e9gligence m\u00e9dicale et du refus de soins appropri\u00e9s.<\/h4>\n\n\n\n<p>Jamileh Azizi, qui pr\u00e9sentait des sympt\u00f4mes d\u2019une crise cardiaque, a \u00e9t\u00e9 transf\u00e9r\u00e9e \u00e0 l\u2019infirmerie de la prison. Cependant, apr\u00e8s un bref examen, les m\u00e9decins n\u2019ont pas fourni le traitement n\u00e9cessaire et l\u2019ont renvoy\u00e9e dans son quartier. Quelques heures plus tard, elle est d\u00e9c\u00e9d\u00e9e dans le quartier \u00ab Consultant Deux \u00bb.<\/p>\n\n\n\n<p>Sa mort constitue le troisi\u00e8me cas en 2025 d\u2019une prisonni\u00e8re de la <a href=\"https:\/\/wncri.org\/fr\/2020\/04\/20\/regard-sur-la-situation-tragique-a-la-prison-pour-femmes-de-qarchak-en-iran\/\" target=\"_blank\" rel=\"noreferrer noopener\">prison de Qarchak<\/a> perdant la vie en raison du manque de soins m\u00e9dicaux et de la n\u00e9gligence syst\u00e9matique.<\/p>\n\n\n\n<p>Au moment de cet article, aucune information v\u00e9rifi\u00e9e n\u2019est disponible concernant les charges retenues contre  Azizi ou d\u2019autres d\u00e9tails sur son dossier.<\/p>\n\n\n\n<p><\/p>\n","protected":false},"excerpt":{"rendered":"<p>Le vendredi 19 septembre 2025, Jamileh Azizi, une d\u00e9tenue incarc\u00e9r\u00e9e \u00e0 la prison de Qarchak \u00e0 Varamin, est d\u00e9c\u00e9d\u00e9e \u00e0 la suite d\u2019une n\u00e9gligence m\u00e9dicale et du refus de soins appropri\u00e9s. Jamileh Azizi, qui pr\u00e9sentait des sympt\u00f4mes d\u2019une crise cardiaque, a \u00e9t\u00e9 transf\u00e9r\u00e9e \u00e0 l\u2019infirmerie de la prison. Cependant, apr\u00e8s un bref examen, les m\u00e9decins [&hellip;]<\/p>\n","protected":false},"author":4,"featured_media":23838,"comment_status":"closed","ping_status":"closed","sticky":false,"template":"","format":"standard","meta":{"jnews-multi-image_gallery":[],"jnews_single_post":{"format":"standard"},"jnews_primary_category":[],"jnews_social_meta":[],"jnews_override_counter":[],"footnotes":""},"categories":[3],"tags":[370],"class_list":["post-23837","post","type-post","status-publish","format-standard","has-post-thumbnail","hentry","category-infos-des-femmes","tag-prisonnieres"],"_links":{"self":[{"href":"https:\/\/wncri.org\/fr\/wp-json\/wp\/v2\/posts\/23837","targetHints":{"allow":["GET"]}}],"collection":[{"href":"https:\/\/wncri.org\/fr\/wp-json\/wp\/v2\/posts"}],"about":[{"href":"https:\/\/wncri.org\/fr\/wp-json\/wp\/v2\/types\/post"}],"author":[{"embeddable":true,"href":"https:\/\/wncri.org\/fr\/wp-json\/wp\/v2\/users\/4"}],"replies":[{"embeddable":true,"href":"https:\/\/wncri.org\/fr\/wp-json\/wp\/v2\/comments?post=23837"}],"version-history":[{"count":1,"href":"https:\/\/wncri.org\/fr\/wp-json\/wp\/v2\/posts\/23837\/revisions"}],"predecessor-version":[{"id":23839,"href":"https:\/\/wncri.org\/fr\/wp-json\/wp\/v2\/posts\/23837\/revisions\/23839"}],"wp:featuredmedia":[{"embeddable":true,"href":"https:\/\/wncri.org\/fr\/wp-json\/wp\/v2\/media\/23838"}],"wp:attachment":[{"href":"https:\/\/wncri.org\/fr\/wp-json\/wp\/v2\/media?parent=23837"}],"wp:term":[{"taxonomy":"category","embeddable":true,"href":"https:\/\/wncri.org\/fr\/wp-json\/wp\/v2\/categories?post=23837"},{"taxonomy":"post_tag","embeddable":true,"href":"https:\/\/wncri.org\/fr\/wp-json\/wp\/v2\/tags?post=23837"}],"curies":[{"name":"wp","href":"https:\/\/api.w.org\/{rel}","templated":true}]}}