{"id":23784,"date":"2025-09-15T16:38:03","date_gmt":"2025-09-15T14:38:03","guid":{"rendered":"https:\/\/wncri.org\/fr\/?p=23784"},"modified":"2025-09-16T16:41:21","modified_gmt":"2025-09-16T14:41:21","slug":"azar-korvandi-privee-de-soins-medicaux","status":"publish","type":"post","link":"https:\/\/wncri.org\/fr\/2025\/09\/15\/azar-korvandi-privee-de-soins-medicaux\/","title":{"rendered":"Azar Korvandi : priv\u00e9e de soins m\u00e9dicaux dans la prison de Qarchak"},"content":{"rendered":"\n<h4 class=\"wp-block-heading\">Azar Korvandi, <a href=\"https:\/\/wncri.org\/fr\/2025\/07\/07\/la-vie-dazar-korvandi-63prison-de-qarchak\/\" target=\"_blank\" rel=\"noreferrer noopener\">prisonni\u00e8re politique<\/a> d\u00e9tenue dans la prison de Qarchak \u00e0 <a href=\"https:\/\/fr.wikipedia.org\/wiki\/Varamin\" target=\"_blank\" rel=\"noreferrer noopener\">Varamin<\/a>, souffre de maladies cardiaques et d\u2019un cancer, tout en \u00e9tant syst\u00e9matiquement priv\u00e9e d\u2019acc\u00e8s \u00e0 des soins m\u00e9dicaux sp\u00e9cialis\u00e9s.<\/h4>\n\n\n\n<p>Mme Korvandi, transf\u00e9r\u00e9e \u00e0 la prison de Qarchak apr\u00e8s la destruction de <a href=\"https:\/\/wncri.org\/fr\/2021\/12\/10\/les-conditions-des-femmes-prisons\/\" target=\"_blank\" rel=\"noreferrer noopener\">la prison d\u2019Evin<\/a> en juin, se trouve dans un \u00e9tat critique et n\u00e9cessite de toute urgence des examens r\u00e9guliers ainsi qu\u2019un traitement sp\u00e9cialis\u00e9. N\u00e9anmoins, les autorit\u00e9s judiciaires et les responsables p\u00e9nitentiaires refusent toujours son transfert vers des \u00e9tablissements m\u00e9dicaux ext\u00e9rieurs.<\/p>\n\n\n\n<p>Jusqu\u2019\u00e0 pr\u00e9sent, Azar Korvandi n\u2019a \u00e9t\u00e9 sortie de prison qu\u2019une seule fois, escort\u00e9e et menott\u00e9e, pour un examen ophtalmologique \u00e0 l\u2019h\u00f4pital Farabi. Les conditions humiliantes de ce transfert ont non seulement port\u00e9 atteinte \u00e0 sa dignit\u00e9 fondamentale, mais elles ont \u00e9galement aggrav\u00e9 sa grave arthrite cervicale et \u00e0 l\u2019\u00e9paule, intensifiant ses douleurs.<\/p>\n\n\n\n<p>Les proches et sources inform\u00e9es soulignent que la prison de Qarchak ne dispose pas seulement de services m\u00e9dicaux sp\u00e9cialis\u00e9s, mais qu\u2019elle manque m\u00eame des soins de sant\u00e9 les plus \u00e9l\u00e9mentaires pour les prisonniers malades.<\/p>\n\n\n\n<h3 class=\"wp-block-heading\"><strong>Qui est Azar Korvandi ?<\/strong><\/h3>\n\n\n\n<p>N\u00e9e en 1962, Azar Korvandi est mari\u00e9e et m\u00e8re de deux enfants. Elle a d\u00e9j\u00e0 \u00e9t\u00e9 emprisonn\u00e9e comme d\u00e9tenue politique dans les ann\u00e9es 1980, p\u00e9riode durant laquelle elle a \u00e9t\u00e9 arr\u00eat\u00e9e alors qu\u2019elle \u00e9tait enceinte et a accouch\u00e9 en prison, dans des conditions particuli\u00e8rement dures sous interrogatoire.<\/p>\n\n\n\n<p>Elle a \u00e9t\u00e9 arr\u00eat\u00e9e \u00e0 l\u2019\u00e9t\u00e9 2019 pour collaboration avec <a href=\"https:\/\/www.maryam-rajavi.com\/fr\/lompi-un-tresor-national-de-lhistoire-de-liran\/\" target=\"_blank\" rel=\"noreferrer noopener\">l\u2019Organisation des Moudjahidine du peuple d\u2019Iran (OMPI\/MEK)<\/a> et pour propagande contre le r\u00e9gime, apr\u00e8s avoir organis\u00e9 des s\u00e9ances de conseil familial dans son jardin priv\u00e9 \u00e0 Shahriar. Elle avait \u00e9t\u00e9 lib\u00e9r\u00e9e sous caution \u00e0 ce moment-l\u00e0, mais a finalement \u00e9t\u00e9 condamn\u00e9e en d\u00e9cembre 2021 par le tribunal r\u00e9volutionnaire de T\u00e9h\u00e9ran.<\/p>\n\n\n\n<p>Mme Korvandi a \u00e9cop\u00e9 d\u2019une peine de cinq ans de prison pour \u00ab r\u00e9union et collusion en vue d\u2019agir contre la s\u00e9curit\u00e9 nationale \u00bb et d\u2019une ann\u00e9e suppl\u00e9mentaire pour \u00ab propagande contre l\u2019\u00c9tat \u00bb. \u00c0 titre de peine compl\u00e9mentaire, elle a \u00e9t\u00e9 interdite de sortie du territoire pendant deux ans et priv\u00e9e d\u2019adh\u00e9sion et d\u2019activit\u00e9 dans les associations sociales, politiques et culturelles pour une dur\u00e9e de deux ans.<\/p>\n\n\n\n<p>Le 30 juillet 2023, elle a \u00e9t\u00e9 convoqu\u00e9e devant la premi\u00e8re chambre du bureau d\u2019ex\u00e9cution du parquet du district 33 de T\u00e9h\u00e9ran, <a href=\"https:\/\/wncri.org\/fr\/2023\/07\/31\/azar-karvandi-musazadeh\/\" target=\"_blank\" rel=\"noreferrer noopener\">arr\u00eat\u00e9e<\/a> et transf\u00e9r\u00e9e \u00e0 la prison d\u2019Evin pour purger sa peine.<\/p>\n","protected":false},"excerpt":{"rendered":"<p>Azar Korvandi, prisonni\u00e8re politique d\u00e9tenue dans la prison de Qarchak \u00e0 Varamin, souffre de maladies cardiaques et d\u2019un cancer, tout en \u00e9tant syst\u00e9matiquement priv\u00e9e d\u2019acc\u00e8s \u00e0 des soins m\u00e9dicaux sp\u00e9cialis\u00e9s. Mme Korvandi, transf\u00e9r\u00e9e \u00e0 la prison de Qarchak apr\u00e8s la destruction de la prison d\u2019Evin en juin, se trouve dans un \u00e9tat critique et n\u00e9cessite [&hellip;]<\/p>\n","protected":false},"author":4,"featured_media":18751,"comment_status":"closed","ping_status":"closed","sticky":false,"template":"","format":"standard","meta":{"jnews-multi-image_gallery":[],"jnews_single_post":{"format":"standard"},"jnews_primary_category":[],"jnews_social_meta":[],"jnews_override_counter":[],"footnotes":""},"categories":[3],"tags":[370],"class_list":["post-23784","post","type-post","status-publish","format-standard","has-post-thumbnail","hentry","category-infos-des-femmes","tag-prisonnieres"],"_links":{"self":[{"href":"https:\/\/wncri.org\/fr\/wp-json\/wp\/v2\/posts\/23784","targetHints":{"allow":["GET"]}}],"collection":[{"href":"https:\/\/wncri.org\/fr\/wp-json\/wp\/v2\/posts"}],"about":[{"href":"https:\/\/wncri.org\/fr\/wp-json\/wp\/v2\/types\/post"}],"author":[{"embeddable":true,"href":"https:\/\/wncri.org\/fr\/wp-json\/wp\/v2\/users\/4"}],"replies":[{"embeddable":true,"href":"https:\/\/wncri.org\/fr\/wp-json\/wp\/v2\/comments?post=23784"}],"version-history":[{"count":1,"href":"https:\/\/wncri.org\/fr\/wp-json\/wp\/v2\/posts\/23784\/revisions"}],"predecessor-version":[{"id":23785,"href":"https:\/\/wncri.org\/fr\/wp-json\/wp\/v2\/posts\/23784\/revisions\/23785"}],"wp:featuredmedia":[{"embeddable":true,"href":"https:\/\/wncri.org\/fr\/wp-json\/wp\/v2\/media\/18751"}],"wp:attachment":[{"href":"https:\/\/wncri.org\/fr\/wp-json\/wp\/v2\/media?parent=23784"}],"wp:term":[{"taxonomy":"category","embeddable":true,"href":"https:\/\/wncri.org\/fr\/wp-json\/wp\/v2\/categories?post=23784"},{"taxonomy":"post_tag","embeddable":true,"href":"https:\/\/wncri.org\/fr\/wp-json\/wp\/v2\/tags?post=23784"}],"curies":[{"name":"wp","href":"https:\/\/api.w.org\/{rel}","templated":true}]}}