{"id":23778,"date":"2025-09-15T15:41:49","date_gmt":"2025-09-15T13:41:49","guid":{"rendered":"https:\/\/wncri.org\/fr\/?p=23778"},"modified":"2025-09-26T19:42:55","modified_gmt":"2025-09-26T17:42:55","slug":"les-gardiens-de-la-prison-de-qarchak","status":"publish","type":"post","link":"https:\/\/wncri.org\/fr\/2025\/09\/15\/les-gardiens-de-la-prison-de-qarchak\/","title":{"rendered":"Les gardiens de la prison de Qarchak attaquent violemment les prisonni\u00e8res politiques"},"content":{"rendered":"\n<h4 class=\"wp-block-heading\">Le dimanche matin 14 septembre 2025, le quartier des prisonni\u00e8res politiques de la prison de Qarchak \u00e0 <a href=\"https:\/\/fr.wikipedia.org\/wiki\/Varamin\" target=\"_blank\" rel=\"noreferrer noopener\">Varamin<\/a> a de nouveau \u00e9t\u00e9 la cible d\u2019un raid violent des forces de s\u00e9curit\u00e9 p\u00e9nitentiaires.<\/h4>\n\n\n\n<p>Agissant sur les ordres directs de la directrice de la prison, <a href=\"https:\/\/wncri.org\/fr\/2025\/08\/26\/soghra-khodadadi-la-bouchere-de-de-qarchak\/\" target=\"_blank\" rel=\"noreferrer noopener\">Soghra Khodadadi<\/a>, des dizaines de gardiens hommes et femmes ont pris d\u2019assaut le quartier connu sous le nom de \u00ab Club \u00bb et tent\u00e9 d\u2019arracher de force les prisonni\u00e8res de leurs chambres pour les transf\u00e9rer dans la cour.<\/p>\n\n\n\n<p>La r\u00e9sistance collective des prisonni\u00e8res politiques a emp\u00each\u00e9 l\u2019ex\u00e9cution compl\u00e8te de cet ordre. En repr\u00e9sailles, les autorit\u00e9s p\u00e9nitentiaires ont coup\u00e9 toutes les communications t\u00e9l\u00e9phoniques et menac\u00e9 d\u2019annuler les visites familiales.<\/p>\n\n\n\n<h3 class=\"wp-block-heading\"><strong>Transfert forc\u00e9 et conditions inhumaines<\/strong><\/h3>\n\n\n\n<p>Apr\u00e8s la destruction partielle de sections de la prison d\u2019Evin durant l\u2019\u00e9t\u00e9 2025, ces femmes ont \u00e9t\u00e9 transf\u00e9r\u00e9es brutalement \u00e0 la <a href=\"https:\/\/wncri.org\/fr\/2020\/04\/20\/regard-sur-la-situation-tragique-a-la-prison-pour-femmes-de-qarchak-en-iran\/\" target=\"_blank\" rel=\"noreferrer noopener\">prison de Qarchak<\/a>. Elles sont d\u00e9sormais d\u00e9tenues dans un quartier qui ne respecte m\u00eame pas les normes sanitaires ou humaines les plus \u00e9l\u00e9mentaires.<\/p>\n\n\n\n<p>Plus de 60 prisonni\u00e8res politiques sont entass\u00e9es dans sept petites chambres et un couloir \u00e9troit ; faute de lits, beaucoup doivent dormir \u00e0 m\u00eame le sol. Avec seulement trois douches et trois toilettes pour toutes, l\u2019absence de ventilation, la pr\u00e9sence de rongeurs et d\u2019insectes, et des conditions de vie insupportables, la situation a atteint un niveau catastrophique.<\/p>\n\n\n\n<h3 class=\"wp-block-heading\"><strong>Pressions accrues et repr\u00e9sailles syst\u00e9matiques<\/strong><\/h3>\n\n\n\n<p>Contrairement aux attentes du public, qui esp\u00e9rait soit leur lib\u00e9ration, soit leur retour \u00e0 Evin, les autorit\u00e9s iraniennes ont accru la pression en maintenant ces femmes dans le quasi-exil de Qarchak. Lors du dernier raid, Soghra Khodadadi a menac\u00e9 personnellement les prisonni\u00e8res, les avertissant que toute r\u00e9sistance suppl\u00e9mentaire entra\u00eenerait la perte du peu d\u2019acc\u00e8s qu\u2019elles ont encore aux appels t\u00e9l\u00e9phoniques et \u00e0 leurs effets personnels.<\/p>\n\n\n\n<h3 class=\"wp-block-heading\"><strong>La prison de Qarchak : un symbole des violations des droits des femmes d\u00e9tenues<\/strong><\/h3>\n\n\n\n<p>La prison de Qarchak, la plus grande prison pour femmes en Iran, non seulement ne respecte pas les normes internationales minimales, mais est aussi devenue un symbole flagrant des <a href=\"https:\/\/wncri.org\/fr\/2025\/07\/14\/crise-humanitaire-a-la-prison-de-qarchak\/\" target=\"_blank\" rel=\"noreferrer noopener\">violations syst\u00e9matiques<\/a> des droits des prisonni\u00e8res politiques.<\/p>\n\n\n\n<p>Le manque d\u2019installations m\u00e9dicales et sanitaires, la mauvaise qualit\u00e9 de la nourriture, la surpopulation, et le non-respect du principe de s\u00e9paration des d\u00e9tenues selon les charges qui leur sont imput\u00e9es exposent gravement la sant\u00e9 et la s\u00e9curit\u00e9 des prisonni\u00e8res.<\/p>\n\n\n\n<p>De nombreux rapports indiquent que depuis la nomination de Soghra Khodadadi, les mesures r\u00e9pressives, y compris les restrictions t\u00e9l\u00e9phoniques, la limitation des visites, les menaces d\u2019exil et les raids violents, se sont fortement intensifi\u00e9es.<\/p>\n","protected":false},"excerpt":{"rendered":"<p>Le dimanche matin 14 septembre 2025, le quartier des prisonni\u00e8res politiques de la prison de Qarchak \u00e0 Varamin a de nouveau \u00e9t\u00e9 la cible d\u2019un raid violent des forces de s\u00e9curit\u00e9 p\u00e9nitentiaires. Agissant sur les ordres directs de la directrice de la prison, Soghra Khodadadi, des dizaines de gardiens hommes et femmes ont pris d\u2019assaut [&hellip;]<\/p>\n","protected":false},"author":4,"featured_media":23915,"comment_status":"closed","ping_status":"closed","sticky":false,"template":"","format":"standard","meta":{"jnews-multi-image_gallery":[],"jnews_single_post":{"format":"standard"},"jnews_primary_category":[],"jnews_social_meta":[],"jnews_override_counter":[],"footnotes":""},"categories":[3],"tags":[370],"class_list":["post-23778","post","type-post","status-publish","format-standard","has-post-thumbnail","hentry","category-infos-des-femmes","tag-prisonnieres"],"_links":{"self":[{"href":"https:\/\/wncri.org\/fr\/wp-json\/wp\/v2\/posts\/23778","targetHints":{"allow":["GET"]}}],"collection":[{"href":"https:\/\/wncri.org\/fr\/wp-json\/wp\/v2\/posts"}],"about":[{"href":"https:\/\/wncri.org\/fr\/wp-json\/wp\/v2\/types\/post"}],"author":[{"embeddable":true,"href":"https:\/\/wncri.org\/fr\/wp-json\/wp\/v2\/users\/4"}],"replies":[{"embeddable":true,"href":"https:\/\/wncri.org\/fr\/wp-json\/wp\/v2\/comments?post=23778"}],"version-history":[{"count":1,"href":"https:\/\/wncri.org\/fr\/wp-json\/wp\/v2\/posts\/23778\/revisions"}],"predecessor-version":[{"id":23780,"href":"https:\/\/wncri.org\/fr\/wp-json\/wp\/v2\/posts\/23778\/revisions\/23780"}],"wp:featuredmedia":[{"embeddable":true,"href":"https:\/\/wncri.org\/fr\/wp-json\/wp\/v2\/media\/23915"}],"wp:attachment":[{"href":"https:\/\/wncri.org\/fr\/wp-json\/wp\/v2\/media?parent=23778"}],"wp:term":[{"taxonomy":"category","embeddable":true,"href":"https:\/\/wncri.org\/fr\/wp-json\/wp\/v2\/categories?post=23778"},{"taxonomy":"post_tag","embeddable":true,"href":"https:\/\/wncri.org\/fr\/wp-json\/wp\/v2\/tags?post=23778"}],"curies":[{"name":"wp","href":"https:\/\/api.w.org\/{rel}","templated":true}]}}