{"id":23692,"date":"2025-09-09T17:49:59","date_gmt":"2025-09-09T15:49:59","guid":{"rendered":"https:\/\/wncri.org\/fr\/?p=23692"},"modified":"2025-09-09T17:50:01","modified_gmt":"2025-09-09T15:50:01","slug":"azadeh-alemi-des-cellules-sombres-devin","status":"publish","type":"post","link":"https:\/\/wncri.org\/fr\/2025\/09\/09\/azadeh-alemi-des-cellules-sombres-devin\/","title":{"rendered":"Azadeh Alemi : des cellules sombres d\u2019Evin au cri de libert\u00e9 \u00e0 Paris"},"content":{"rendered":"\n<h4 class=\"wp-block-heading\">Le 30 ao\u00fbt 2025, une conf\u00e9rence s\u2019est tenue \u00e0 la mairie du 17e arrondissement de Paris sous le titre \u00ab <em>L\u2019Iran se soul\u00e8ve contre le r\u00e9gime des ex\u00e9cutions<\/em> \u00bb, marquant l\u2019anniversaire du massacre de 1988 des prisonniers politiques. Lors de cette conf\u00e9rence, Azadeh Alemi, qui, <a href=\"https:\/\/wncri.org\/fr\/2022\/01\/24\/azadeh-alemi-en-prison-en-iran\/\" target=\"_blank\" rel=\"noreferrer noopener\">enfant, avait \u00e9t\u00e9 emprisonn\u00e9e avec sa m\u00e8re<\/a>, prisonni\u00e8re politique, a prononc\u00e9 un discours tandis que son fils se tenait derri\u00e8re elle en signe de soutien \u00e0 sa personne et \u00e0 sa cause :<\/h4>\n\n\n\n<p>Madame la Pr\u00e9sidente, Monsieur le Maire, Mesdames et Messieurs, aujourd&#8217;hui je prends la parole \u00e0 l&#8217;occasion du triste anniversaire du plus grand massacre de prisonniers politiques perp\u00e9tr\u00e9 en 1988.<\/p>\n\n\n\n<p>Je parle au nom d&#8217;une g\u00e9n\u00e9ration n\u00e9e et \u00e9lev\u00e9e dans la R\u00e9sistance, une g\u00e9n\u00e9ration qui a grandi avec un seul r\u00eave : celui de la libert\u00e9.<\/p>\n\n\n\n<h3 class=\"wp-block-heading\"><strong>Une enfance dans les bras d\u2019une m\u00e8re prisonni\u00e8re ; une g\u00e9n\u00e9ration n\u00e9e dans la r\u00e9sistance<\/strong><\/h3>\n\n\n\n<p>Permettez-moi de vous emmener quelques instants dans une cellule froide et noire de la prison d\u2019Evin.<\/p>\n\n\n\n<p>J&#8217;\u00e9tais une enfant, mon seul refuge \u00e9tait l&#8217;\u00e9treinte de ma m\u00e8re. Chaque nuit, alors que je m&#8217;endormais dans ses bras, le silence \u00e9tait bris\u00e9 par le bruit des serrures : la porte s&#8217;ouvrait, on arrachait ma m\u00e8re \u00e0 moi pour l&#8217;emmener \u00eatre tortur\u00e9e. Je restais seule dans l&#8217;obscurit\u00e9, blottie sous une couverture us\u00e9e, les yeux ferm\u00e9s, priant pour qu&#8217;elle revienne, bless\u00e9e mais debout.<\/p>\n\n\n\n<p>C&#8217;est dans cette cellule que j&#8217;ai appris ce que signifie r\u00e9sister. Nous avons grandi avec une certitude in\u00e9branlable : la libert\u00e9 n&#8217;est pas un privil\u00e8ge, elle est un droit. Mais ce droit, nous le savons, a toujours un prix. <a href=\"https:\/\/wncri.org\/fr\/2025\/07\/28\/anniversaire-du-massacre-de-1988\/\" target=\"_blank\" rel=\"noreferrer noopener\">D\u00e8s le d\u00e9but des ann\u00e9es 1980\u00a0<\/a>; le r\u00e9gime nous a arrach\u00e9 nos \u00eatres les plus chers et a commis l\u2019innommable, croyant pouvoir exterminer une g\u00e9n\u00e9ration enti\u00e8re de r\u00e9sistants, une g\u00e9n\u00e9ration qui ne voulait qu\u2019une seule chose : la fin de la tyrannie et l\u2019aube de la libert\u00e9.<\/p>\n\n\n<div class=\"wp-block-image\">\n<figure class=\"aligncenter size-full\"><img decoding=\"async\" src=\"data:image\/gif;base64,R0lGODlhAQABAIAAAAAAAP\/\/\/yH5BAEAAAAALAAAAAABAAEAAAIBRAA7\" data-src=\"https:\/\/wncri.org\/fr\/wp-content\/uploads\/2025\/09\/NCRI-Women-Azadeh-Alemi-2-min.jpg\" alt=\"Azadeh Alemi : des cellules sombres d\u2019Evin au cri de libert\u00e9 \u00e0 Paris\" class=\"wp-image-23694 lazyload\"\/><noscript><img decoding=\"async\" width=\"750\" height=\"375\" src=\"https:\/\/wncri.org\/fr\/wp-content\/uploads\/2025\/09\/NCRI-Women-Azadeh-Alemi-2-min.jpg\" alt=\"Azadeh Alemi : des cellules sombres d\u2019Evin au cri de libert\u00e9 \u00e0 Paris\" class=\"wp-image-23694 lazyload\" srcset=\"https:\/\/wncri.org\/fr\/wp-content\/uploads\/2025\/09\/NCRI-Women-Azadeh-Alemi-2-min.jpg 750w, https:\/\/wncri.org\/fr\/wp-content\/uploads\/2025\/09\/NCRI-Women-Azadeh-Alemi-2-min-300x150.jpg 300w, https:\/\/wncri.org\/fr\/wp-content\/uploads\/2025\/09\/NCRI-Women-Azadeh-Alemi-2-min-360x180.jpg 360w\" sizes=\"(max-width: 750px) 100vw, 750px\" \/><\/noscript><figcaption class=\"wp-element-caption\">Azadeh Alemi : des cellules sombres d\u2019Evin au cri de libert\u00e9 \u00e0 Paris<\/figcaption><\/figure>\n<\/div>\n\n\n<h3 class=\"wp-block-heading\"><strong>L\u2019h\u00e9ritage de la r\u00e9sistance : une voix qui n\u2019a pas \u00e9t\u00e9 r\u00e9duite au silence apr\u00e8s 45 ans<\/strong><\/h3>\n\n\n\n<p>45 ans ont pass\u00e9, et nous sommes toujours l\u00e0, non seulement pr\u00e9sents, mais plus nombreux et plus d\u00e9termin\u00e9s. De g\u00e9n\u00e9ration en g\u00e9n\u00e9ration, nos parents, qui ont affront\u00e9 deux dictatures, celle de la monarchie et celle des mollahs, nous ont transmis bien plus qu\u2019un souvenir : ils nous ont l\u00e9gu\u00e9 un h\u00e9ritage, celui de la R\u00e9sistance, celui de l\u2019id\u00e9al le plus sacr\u00e9 qui soit, l\u2019id\u00e9al de vivre libre.<\/p>\n\n\n\n<p>\u00c0 l&#8217;int\u00e9rieur de l&#8217;Iran, des femmes et des hommes croupissent en prison pour avoir r\u00e9clam\u00e9 la libert\u00e9, tandis que les ex\u00e9cutions continuent sans justice ni proc\u00e8s \u00e9quitable. \u00c0 l&#8217;ext\u00e9rieur, nous, exil\u00e9s, n&#8217;avons jamais cess\u00e9 d&#8217;\u00eatre la voix de celles et ceux qui ne sont jamais sortis vivants de prison, de ceux qui ont choisi de mourir plut\u00f4t que de vivre \u00e0 genoux, comme mes deux jeunes oncles Hadi, 25 ans, et Reza, 22 ans.<\/p>\n\n\n\n<h3 class=\"wp-block-heading\"><strong>C\u2019est l\u2019oppresseur, non l\u2019opprim\u00e9, qui d\u00e9termine la forme de la lutte<\/strong><\/h3>\n\n\n\n<p>Nous luttons pour qu&#8217;un jour, plus jamais personne ne soit ex\u00e9cut\u00e9, tortur\u00e9 ou emprisonn\u00e9 \u00e0 cause de ses convictions. N&#8217;oublions pas que les visages de la R\u00e9sistance furent un jour accus\u00e9s de terrorisme ou de subversion uniquement parce qu&#8217;ils avaient pris les armes pour se d\u00e9fendre face \u00e0 des dirigeants impitoyables et lourdement arm\u00e9s. Mais, comme l&#8217;a dit Nelson Mandela, c&#8217;est l&#8217;oppresseur et non l&#8217;opprim\u00e9 qui d\u00e9termine la forme de la lutte.<\/p>\n\n\n\n<p>C&#8217;est pourquoi nous appelons avec force \u00e0 soutenir le combat courageux men\u00e9 par les unit\u00e9s de R\u00e9sistance sur le terrain, au c\u0153ur m\u00eame de l&#8217;Iran.<\/p>\n\n\n\n<p>Nous avons choisi d&#8217;\u00eatre la voix de notre peuple et de soutenir <a href=\"https:\/\/www.maryam-rajavi.com\/fr\/points-de-vue\/changement-regime-iran-2025\/\" target=\"_blank\" rel=\"noreferrer noopener\">la troisi\u00e8me voie<\/a> propos\u00e9e par le leadership remarquable de Maryam Radjavi, qui jour apr\u00e8s jour affaiblit l&#8217;ennemi sans jamais reculer. La g\u00e9n\u00e9ration qui nous succ\u00e8de a fait le m\u00eame choix.<\/p>\n\n\n\n<p>Merci \u00e0 vous.<\/p>\n","protected":false},"excerpt":{"rendered":"<p>Le 30 ao\u00fbt 2025, une conf\u00e9rence s\u2019est tenue \u00e0 la mairie du 17e arrondissement de Paris sous le titre \u00ab L\u2019Iran se soul\u00e8ve contre le r\u00e9gime des ex\u00e9cutions \u00bb, marquant l\u2019anniversaire du massacre de 1988 des prisonniers politiques. Lors de cette conf\u00e9rence, Azadeh Alemi, qui, enfant, avait \u00e9t\u00e9 emprisonn\u00e9e avec sa m\u00e8re, prisonni\u00e8re politique, a [&hellip;]<\/p>\n","protected":false},"author":4,"featured_media":23693,"comment_status":"closed","ping_status":"closed","sticky":false,"template":"","format":"standard","meta":{"jnews-multi-image_gallery":[],"jnews_single_post":{"format":"standard"},"jnews_primary_category":[],"jnews_social_meta":[],"jnews_override_counter":[],"footnotes":""},"categories":[445],"tags":[373],"class_list":["post-23692","post","type-post","status-publish","format-standard","has-post-thumbnail","hentry","category-solidarite","tag-le-leadership-des-femmes"],"_links":{"self":[{"href":"https:\/\/wncri.org\/fr\/wp-json\/wp\/v2\/posts\/23692","targetHints":{"allow":["GET"]}}],"collection":[{"href":"https:\/\/wncri.org\/fr\/wp-json\/wp\/v2\/posts"}],"about":[{"href":"https:\/\/wncri.org\/fr\/wp-json\/wp\/v2\/types\/post"}],"author":[{"embeddable":true,"href":"https:\/\/wncri.org\/fr\/wp-json\/wp\/v2\/users\/4"}],"replies":[{"embeddable":true,"href":"https:\/\/wncri.org\/fr\/wp-json\/wp\/v2\/comments?post=23692"}],"version-history":[{"count":1,"href":"https:\/\/wncri.org\/fr\/wp-json\/wp\/v2\/posts\/23692\/revisions"}],"predecessor-version":[{"id":23695,"href":"https:\/\/wncri.org\/fr\/wp-json\/wp\/v2\/posts\/23692\/revisions\/23695"}],"wp:featuredmedia":[{"embeddable":true,"href":"https:\/\/wncri.org\/fr\/wp-json\/wp\/v2\/media\/23693"}],"wp:attachment":[{"href":"https:\/\/wncri.org\/fr\/wp-json\/wp\/v2\/media?parent=23692"}],"wp:term":[{"taxonomy":"category","embeddable":true,"href":"https:\/\/wncri.org\/fr\/wp-json\/wp\/v2\/categories?post=23692"},{"taxonomy":"post_tag","embeddable":true,"href":"https:\/\/wncri.org\/fr\/wp-json\/wp\/v2\/tags?post=23692"}],"curies":[{"name":"wp","href":"https:\/\/api.w.org\/{rel}","templated":true}]}}