{"id":2368,"date":"2017-06-22T19:33:16","date_gmt":"2017-06-22T19:33:16","guid":{"rendered":"https:\/\/wncri.org\/frdev\/2017\/06\/22\/la-photojournaliste-assal-esmailzadeh-arretee-en-iran\/"},"modified":"2017-06-22T19:33:16","modified_gmt":"2017-06-22T19:33:16","slug":"la-photojournaliste-assal-esmailzadeh-arretee-en-iran","status":"publish","type":"post","link":"https:\/\/wncri.org\/fr\/2017\/06\/22\/la-photojournaliste-assal-esmailzadeh-arretee-en-iran\/","title":{"rendered":"La photojournaliste Assal Esmailzadeh arr\u00eat\u00e9e en Iran"},"content":{"rendered":"<p>CNRI Femmes &#8211; Assal Ismailzadeh, photojournaliste en Iran, a \u00e9t\u00e9 arr\u00eat\u00e9e le 19 juin au parquet de T\u00e9h\u00e9ran o\u00f9 elle avait accompagn\u00e9 son mari.Elle est l&#8217;\u00e9pouse de Sa\u00efd Seif, journaliste et militante m\u00e9diatique, qui dirige le site officiel \u00ab\u00a0Dideban Iran\u00a0\u00bb et qui n\u2019a plus men\u00e9 beaucoup d\u2019activit\u00e9s journalistiques ces derni\u00e8res ann\u00e9es.Seif a d\u00e9clar\u00e9 \u00e0 la presse\u00a0:<\/p>\n<p>  <!--more-->  <\/p>\n<p>\u00ab\u00a0C\u2019est moi qui \u00e9tais accus\u00e9 dans un dossier, mais \u00a0hier, lorsque ma femme et moi sommes all\u00e9s au parquet, le juge a ordonn\u00e9 l&#8217;arrestation de mon \u00e9pouse, Assal Ismailzadeh.\u00a0\u00bb\u00ab\u00a0Je ne sais toujours pas pourquoi ma femme a \u00e9t\u00e9 arr\u00eat\u00e9e\u00a0\u00bb, a-t-il ajout\u00e9. (Agence ILNA, 20 juin 2017)<\/p>\n","protected":false},"excerpt":{"rendered":"<p>CNRI Femmes &#8211; Assal Ismailzadeh, photojournaliste en Iran, a \u00e9t\u00e9 arr\u00eat\u00e9e le 19 juin au parquet de T\u00e9h\u00e9ran o\u00f9 elle avait accompagn\u00e9 son mari.Elle est l&#8217;\u00e9pouse de Sa\u00efd Seif, journaliste et militante m\u00e9diatique, qui dirige le site officiel \u00ab\u00a0Dideban Iran\u00a0\u00bb et qui n\u2019a plus men\u00e9 beaucoup d\u2019activit\u00e9s journalistiques ces derni\u00e8res ann\u00e9es.Seif a d\u00e9clar\u00e9 \u00e0 la [&hellip;]<\/p>\n","protected":false},"author":1,"featured_media":4983,"comment_status":"open","ping_status":"open","sticky":false,"template":"","format":"standard","meta":{"jnews-multi-image_gallery":[],"jnews_single_post":[],"jnews_primary_category":[],"jnews_social_meta":[],"jnews_override_counter":[],"footnotes":""},"categories":[3],"tags":[],"class_list":["post-2368","post","type-post","status-publish","format-standard","has-post-thumbnail","hentry","category-infos-des-femmes"],"_links":{"self":[{"href":"https:\/\/wncri.org\/fr\/wp-json\/wp\/v2\/posts\/2368","targetHints":{"allow":["GET"]}}],"collection":[{"href":"https:\/\/wncri.org\/fr\/wp-json\/wp\/v2\/posts"}],"about":[{"href":"https:\/\/wncri.org\/fr\/wp-json\/wp\/v2\/types\/post"}],"author":[{"embeddable":true,"href":"https:\/\/wncri.org\/fr\/wp-json\/wp\/v2\/users\/1"}],"replies":[{"embeddable":true,"href":"https:\/\/wncri.org\/fr\/wp-json\/wp\/v2\/comments?post=2368"}],"version-history":[{"count":0,"href":"https:\/\/wncri.org\/fr\/wp-json\/wp\/v2\/posts\/2368\/revisions"}],"wp:featuredmedia":[{"embeddable":true,"href":"https:\/\/wncri.org\/fr\/wp-json\/wp\/v2\/media\/4983"}],"wp:attachment":[{"href":"https:\/\/wncri.org\/fr\/wp-json\/wp\/v2\/media?parent=2368"}],"wp:term":[{"taxonomy":"category","embeddable":true,"href":"https:\/\/wncri.org\/fr\/wp-json\/wp\/v2\/categories?post=2368"},{"taxonomy":"post_tag","embeddable":true,"href":"https:\/\/wncri.org\/fr\/wp-json\/wp\/v2\/tags?post=2368"}],"curies":[{"name":"wp","href":"https:\/\/api.w.org\/{rel}","templated":true}]}}