{"id":23666,"date":"2025-09-08T15:19:12","date_gmt":"2025-09-08T13:19:12","guid":{"rendered":"https:\/\/wncri.org\/fr\/?p=23666"},"modified":"2025-09-08T16:32:36","modified_gmt":"2025-09-08T14:32:36","slug":"dominique-attias-mairie-17e-paris","status":"publish","type":"post","link":"https:\/\/wncri.org\/fr\/2025\/09\/08\/dominique-attias-mairie-17e-paris\/","title":{"rendered":"Dominique Attias : \u00ab Nous devons toujours \u00eatre aux c\u00f4t\u00e9s du peuple iranien et de sa r\u00e9sistance \u00bb"},"content":{"rendered":"\n<h4 class=\"wp-block-heading\">Le 30 ao\u00fbt 2025, \u00e0 la mairie du 17e arrondissement de Paris, s\u2019est tenue une conf\u00e9rence intitul\u00e9e \u00ab Soul\u00e8vement de l\u2019Iran contre le r\u00e9gime des ex\u00e9cutions \u00bb, avec une intervention de Me Dominique Attias, pr\u00e9sidente du Conseil d\u2019administration de la Fondation des avocats europ\u00e9ens, pr\u00e9sidente du Barreau europ\u00e9en regroupant plus d\u2019un million de membres (2021\u20132022), et vice-b\u00e2tonni\u00e8re du Barreau de Paris (2016\u20132017).<\/h4>\n\n\n\n<h3 class=\"wp-block-heading\"><strong>Comm\u00e9moration et r\u00e9sistance<\/strong><\/h3>\n\n\n\n<p>Souvenirs et deuil, mais aussi r\u00e9sistance, lutte et mobilisation sont les ma\u00eetres-mots de cette journ\u00e9e \u00e0 la mairie du 17\u1d49 arrondissement. Souvenir et deuil, car \u00e0 travers cette exposition, ce sont tous ces martyrs que nous honorons. Ce sont 30\u202f000 hommes, femmes, gar\u00e7ons et filles encore dans l\u2019adolescence que nous pleurons et c\u00e9l\u00e9brons.<\/p>\n\n\n\n<h3 class=\"wp-block-heading\"><strong>Les dirigeants de la mort et de la repression<\/strong><\/h3>\n\n\n\n<p>Ces \u00eatres sacrifi\u00e9s sur l\u2019autel de la barbarie humaine, incarn\u00e9s par des hommes tels <a href=\"https:\/\/wncri.org\/fr\/2021\/08\/17\/ebrahim-raissi-architecte\/\">qu\u2019Ebrahim Ra\u00efssi<\/a>, tortionnaire en 1988 puis pr\u00e9sident de la R\u00e9publique islamique d\u2019Iran, qui fort heureusement br\u00fble d\u00e9sormais en enfer. Barbarie incarn\u00e9e par Ali Khamenei et ses sbires, pour nombre d\u2019entre eux anciens supp\u00f4ts du pouvoir monarchique, qui, tellement habitu\u00e9s \u00e0 torturer et \u00e0 ex\u00e9cuter leur peuple du temps du chah, se sont engag\u00e9s aux c\u00f4t\u00e9s des mollahs pour continuer leur sombre besogne mais aussi pour \u00e9chapper \u00e0 la vindicte du peuple iranien. Ce n\u2019est que reculer pour mieux sauter, messieurs les bourreaux, et le peuple iranien aura votre peau&nbsp;!<\/p>\n\n\n<div class=\"wp-block-image\">\n<figure class=\"aligncenter size-full\"><img decoding=\"async\" src=\"data:image\/gif;base64,R0lGODlhAQABAIAAAAAAAP\/\/\/yH5BAEAAAAALAAAAAABAAEAAAIBRAA7\" data-src=\"https:\/\/wncri.org\/fr\/wp-content\/uploads\/2025\/09\/NCRI-Women-Dominique-Attias-2-min.jpg\" alt=\"Dominique Attias : \u00ab Nous devons toujours \u00eatre aux c\u00f4t\u00e9s du peuple iranien et de sa r\u00e9sistance \u00bb\" class=\"wp-image-23668 lazyload\"\/><noscript><img decoding=\"async\" width=\"750\" height=\"375\" src=\"https:\/\/wncri.org\/fr\/wp-content\/uploads\/2025\/09\/NCRI-Women-Dominique-Attias-2-min.jpg\" alt=\"Dominique Attias : \u00ab Nous devons toujours \u00eatre aux c\u00f4t\u00e9s du peuple iranien et de sa r\u00e9sistance \u00bb\" class=\"wp-image-23668 lazyload\" srcset=\"https:\/\/wncri.org\/fr\/wp-content\/uploads\/2025\/09\/NCRI-Women-Dominique-Attias-2-min.jpg 750w, https:\/\/wncri.org\/fr\/wp-content\/uploads\/2025\/09\/NCRI-Women-Dominique-Attias-2-min-300x150.jpg 300w, https:\/\/wncri.org\/fr\/wp-content\/uploads\/2025\/09\/NCRI-Women-Dominique-Attias-2-min-360x180.jpg 360w\" sizes=\"(max-width: 750px) 100vw, 750px\" \/><\/noscript><figcaption class=\"wp-element-caption\">Le public regarde l\u2019\u00e9cran o\u00f9 appara\u00eet l\u2019image d\u2019Ashraf Sadat Ahmadi.<\/figcaption><\/figure>\n<\/div>\n\n\n<h3 class=\"wp-block-heading\"><strong>Ashraf Sadat Ahmadi, symbole des femmes courageuses<\/strong><\/h3>\n\n\n\n<p>Ces femmes et ces hommes disparus continuent \u00e0 vivre dans nos c\u0153urs. Laissez-moi faire revivre l&#8217;une d\u2019elles, qui \u00e0 elle seule incarne toutes ces femmes courageuses l\u00e2chement assassin\u00e9es. Je n\u2019en avais jamais parl\u00e9 encore : je veux parler <a href=\"https:\/\/wncri.org\/2016\/01\/25\/ashraf-sadat-ahmadi\/\" target=\"_blank\" rel=\"noreferrer noopener\"><strong>d\u2019Achraf Sadaf Ahmadi<\/strong><\/a><strong>.<\/strong> Regardez-la, regardez-la. Apr\u00e8s avoir poursuivi des \u00e9tudes et obtenu son baccalaur\u00e9at, cette jeune femme r\u00eavait d\u00e9j\u00e0, sous le r\u00e9gime du chah, de la libert\u00e9 pour son peuple et s&#8217;\u00e9tait engag\u00e9e aux c\u00f4t\u00e9s des opposants au r\u00e9gime monarchique.<\/p>\n\n\n\n<p>Incarc\u00e9r\u00e9e par ce r\u00e9gime, alors qu\u2019on ne vous parle pas maintenant d\u2019un nouveau chah, ni des chah-Mollahs ! Elle avait de nouveau \u00e9t\u00e9 emprisonn\u00e9e sous le r\u00e9gime de Khomeiny alors qu\u2019elle venait de donner naissance \u00e0 son fils, b\u00e9b\u00e9, que son tortionnaire lui a arrach\u00e9 des bras. Mais aucun s\u00e9vices, aucune torture, ni menace n\u2019ont fait fl\u00e9chir cette femme indomptable ni toutes les Iraniennes fid\u00e8les aux Moudjahidines du peuple.<\/p>\n\n\n\n<p>Celles qui l&#8217;ont connue ont t\u00e9moign\u00e9 de ses sacrifices, de son courage, du soutien in\u00e9branlable et du r\u00e9confort qu&#8217;elle apportait inlassablement \u00e0 ses s\u0153urs d\u2019infortune, emprisonn\u00e9es comme elles, pour certaines depuis de nombreuses ann\u00e9es. Elles ont t\u00e9moign\u00e9 de son sourire, de sa confiance en l\u2019avenir d\u2019un Iran lib\u00e9r\u00e9 et de son in\u00e9branlable soutien aux id\u00e9es d\u00e9fendues par les Moudjahidines du peuple. Elle avait 47 ans quand les mollahs l&#8217;ont tir\u00e9e de sa cellule et pendue. C\u2019\u00e9tait le 31 juillet 1988, une \u00e9toile parmi les 30\u202f000 autres que ces criminels ont tent\u00e9 de faire dispara\u00eetre \u00e0 jamais.<\/p>\n\n\n\n<h3 class=\"wp-block-heading\"><strong>Crime contre l\u2019humanit\u00e9<\/strong><\/h3>\n\n\n\n<p><a>Crime contre l\u2019humanit\u00e9<\/a>, a conclu le rapporteur sp\u00e9cial des Nations unies <a href=\"https:\/\/wncri.org\/fr\/2024\/07\/27\/rapport-de-lonu-massacre-de-1988\/\" target=\"_blank\" rel=\"noreferrer noopener\">dans son rapport d\u2019il y a un an<\/a>, on en a parl\u00e9 \u00e0 plusieurs reprises. Oui, crime contre l\u2019humanit\u00e9 que le r\u00e9gime islamique d\u2019Iran ne pourra effacer. Au fil des ans, ils cherchent \u00e0 faire dispara\u00eetre les preuves de leurs exactions, oui, au fil des ans, en d\u00e9truisant les tombes et les fosses communes o\u00f9 reposent tous ces martyrs, en profanant les corps jusque dans la mort&nbsp;!<\/p>\n\n\n\n<h3 class=\"wp-block-heading\"><strong>Poursuite de la r\u00e9pression et des executions<\/strong><\/h3>\n\n\n\n<p>Cet \u00e9t\u00e9 encore, les mollahs, confront\u00e9s au soul\u00e8vement populaire, acc\u00e9l\u00e8rent leur immonde besogne : <a href=\"https:\/\/fr.ncr-iran.org\/communiques-cnri\/droits-humains\/destruction-et-nivellement-de-la-parcelle-41-du-cimetiere-de-behesht-e-zahra-sur-ordre-de-khamenei\/\" target=\"_blank\" rel=\"noreferrer noopener\">9\u202f500 tombes profan\u00e9es, d\u00e9truites<\/a>, les familles maintenues \u00e0 distance, 9\u202f500 personnes priv\u00e9es d\u00e9sormais de s\u00e9pulture, pour construire un parking\u202f!? Une abjection totale\u202f! Maudit soit-il ceux qui ont profan\u00e9 ce lieu sacr\u00e9 qu&#8217;est un cimeti\u00e8re, qui ont bafou\u00e9 ce droit fondamental dans toutes les soci\u00e9t\u00e9s et les religions, qui est le respect d\u00fb aux morts.<\/p>\n\n\n\n<p>Par leurs actes, ils signent une fois de plus et perp\u00e9tuent leurs crimes contre l\u2019humanit\u00e9. Une si grande rage m\u2019habite devant tant d\u2019horreurs jusqu\u2019\u00e0 ce jour impunies, oui, pour le moment impunies, et aussi une rage face \u00e0 l\u2019indiff\u00e9rence coupable, pour ne pas dire \u00e0 la couardise, de la communaut\u00e9 internationale.<\/p>\n\n\n<div class=\"wp-block-image\">\n<figure class=\"aligncenter size-full is-resized\"><img decoding=\"async\" src=\"data:image\/gif;base64,R0lGODlhAQABAIAAAAAAAP\/\/\/yH5BAEAAAAALAAAAAABAAEAAAIBRAA7\" data-src=\"https:\/\/wncri.org\/fr\/wp-content\/uploads\/2025\/09\/NCRI-Women-Dominique-Attias-3-min.jpg\" alt=\"Dominique Attias : \u00ab Nous devons toujours \u00eatre aux c\u00f4t\u00e9s du peuple iranien et de sa r\u00e9sistance \u00bb\" class=\"wp-image-23667 lazyload\" style=\"width:750px;height:auto\"\/><noscript><img decoding=\"async\" width=\"750\" height=\"375\" src=\"https:\/\/wncri.org\/fr\/wp-content\/uploads\/2025\/09\/NCRI-Women-Dominique-Attias-3-min.jpg\" alt=\"Dominique Attias : \u00ab Nous devons toujours \u00eatre aux c\u00f4t\u00e9s du peuple iranien et de sa r\u00e9sistance \u00bb\" class=\"wp-image-23667 lazyload\" style=\"width:750px;height:auto\" srcset=\"https:\/\/wncri.org\/fr\/wp-content\/uploads\/2025\/09\/NCRI-Women-Dominique-Attias-3-min.jpg 750w, https:\/\/wncri.org\/fr\/wp-content\/uploads\/2025\/09\/NCRI-Women-Dominique-Attias-3-min-300x150.jpg 300w, https:\/\/wncri.org\/fr\/wp-content\/uploads\/2025\/09\/NCRI-Women-Dominique-Attias-3-min-360x180.jpg 360w\" sizes=\"(max-width: 750px) 100vw, 750px\" \/><\/noscript><figcaption class=\"wp-element-caption\">Le public \u00e0 la mairie du 17e arrondissement de Paris \u00e9coute Dominique Attias \u00e9voquer Maryam Akbari Monfared (visible sur grand \u00e9cran).<\/figcaption><\/figure>\n<\/div>\n\n\n<h3 class=\"wp-block-heading\"><strong>Les femmes iraniennes, en premi\u00e8re ligne de la r\u00e9sistance et du combat<\/strong><\/h3>\n\n\n\n<p>Mais j\u2019entends la voix de mes amis de l\u2019OMPI qui me disent inlassablement : r\u00e9sistance\u202f! Oui, la r\u00e9sistance, ce sont les femmes et les m\u00e8res iraniennes. R\u00e9sistance, me dit la voix de <a href=\"https:\/\/wncri.org\/fr\/2024\/11\/01\/rapport-de-octobre-2024-maryam-akbari\/\" target=\"_blank\" rel=\"noreferrer noopener\">Maryam Akbari Mofared<\/a>, qui a repris le flambeau de la lutte des mains d\u2019Achraf Sadaf Ahmadi. Maryam est en bas, vous avez vu, en bas, il y a tout un panneau sur elle : enferm\u00e9e depuis plus de 15 ann\u00e9es, martyris\u00e9e, s\u00e9par\u00e9e de ses enfants, elle r\u00e9siste aussi au p\u00e9ril de sa vie. Elle r\u00e9siste comme celles et ceux qui, aujourd&#8217;hui vous l\u2019avez dit, comme tous les mardis, au p\u00e9ril de leur vie, font cette gr\u00e8ve de la faim dans les 48 prisons iraniennes pour dire Stop aux ex\u00e9cutions&nbsp;!<\/p>\n\n\n\n<h3 class=\"wp-block-heading\"><strong>Avertissement contre les ex\u00e9cutions et devoir international<\/strong><\/h3>\n\n\n\n<p>Ces ex\u00e9cutions qui continuent, et j\u2019ai une pens\u00e9e particuli\u00e8re pour ces cinq femmes pendues ces trois derni\u00e8res semaines : l\u2019Iran, premier bourreau mondial de femmes. Ne me parlez pas des bienfaits de l\u2019arriv\u00e9e au pouvoir en Iran de pr\u00e9tendus r\u00e9formateurs : on en voit encore qui se signalent, et qui sortent, en une ann\u00e9e depuis l\u2019entr\u00e9e en fonction de Pezechkian fin juillet 2024, soi-disant r\u00e9formateur. Vous l\u2019avez dit : le nombre de victimes a d\u00e9pass\u00e9 1\u202f600\u202f!<\/p>\n\n\n\n<p>R\u00e9sistance, mais mobilisation \u00e9galement, car non seulement les mollahs d\u00e9truisent les preuves de leurs crimes, mais forts de leur impunit\u00e9 \u00e0 ce jour\u2026 \u00c9coutez bien, on vous l\u2019a dit tout \u00e0 l\u2019heure : ils appellent au renouvellement de ce massacre\u202f! Cynisme\u202f! Horreur \u00e0 l\u2019\u00e9tat pur\u202f! Comment peut-on parler d\u2019un tel massacre comme d\u2019une exp\u00e9rience historique r\u00e9ussie \u00e0 renouveler\u202f?<\/p>\n\n\n\n<p>Alerte, alerte, alerte\u202f!<\/p>\n\n\n\n<h3 class=\"wp-block-heading\"><strong>Notre soutien, colonne vert\u00e9brale de la resistance<\/strong><\/h3>\n\n\n\n<p>Oui, est-ce qu\u2019il faut d\u00e9sormais uniquement r\u00e9sister\u202f? Au CNRI, \u00e0 l\u2019OMPI, sa principale composante, \u00e0 son extraordinaire pr\u00e9sidente Madame <a href=\"https:\/\/wncri.org\/fr\/maryam-rajavi\/\" target=\"_blank\" rel=\"noreferrer noopener\">Maryam Radjavi<\/a>, au peuple iranien d\u2019en d\u00e9cider. Nous, aujourd\u2019hui et partout dans le monde, notre devoir est d\u2019\u00eatre toujours \u00e0 leurs c\u00f4t\u00e9s.<\/p>\n\n\n\n<p>Je vous remercie.<\/p>\n","protected":false},"excerpt":{"rendered":"<p>Le 30 ao\u00fbt 2025, \u00e0 la mairie du 17e arrondissement de Paris, s\u2019est tenue une conf\u00e9rence intitul\u00e9e \u00ab Soul\u00e8vement de l\u2019Iran contre le r\u00e9gime des ex\u00e9cutions \u00bb, avec une intervention de Me Dominique Attias, pr\u00e9sidente du Conseil d\u2019administration de la Fondation des avocats europ\u00e9ens, pr\u00e9sidente du Barreau europ\u00e9en regroupant plus d\u2019un million de membres (2021\u20132022), [&hellip;]<\/p>\n","protected":false},"author":4,"featured_media":23669,"comment_status":"closed","ping_status":"closed","sticky":false,"template":"","format":"standard","meta":{"jnews-multi-image_gallery":[],"jnews_single_post":{"format":"standard"},"jnews_primary_category":[],"jnews_social_meta":[],"jnews_override_counter":[],"footnotes":""},"categories":[445],"tags":[373],"class_list":["post-23666","post","type-post","status-publish","format-standard","has-post-thumbnail","hentry","category-solidarite","tag-le-leadership-des-femmes"],"_links":{"self":[{"href":"https:\/\/wncri.org\/fr\/wp-json\/wp\/v2\/posts\/23666","targetHints":{"allow":["GET"]}}],"collection":[{"href":"https:\/\/wncri.org\/fr\/wp-json\/wp\/v2\/posts"}],"about":[{"href":"https:\/\/wncri.org\/fr\/wp-json\/wp\/v2\/types\/post"}],"author":[{"embeddable":true,"href":"https:\/\/wncri.org\/fr\/wp-json\/wp\/v2\/users\/4"}],"replies":[{"embeddable":true,"href":"https:\/\/wncri.org\/fr\/wp-json\/wp\/v2\/comments?post=23666"}],"version-history":[{"count":2,"href":"https:\/\/wncri.org\/fr\/wp-json\/wp\/v2\/posts\/23666\/revisions"}],"predecessor-version":[{"id":23672,"href":"https:\/\/wncri.org\/fr\/wp-json\/wp\/v2\/posts\/23666\/revisions\/23672"}],"wp:featuredmedia":[{"embeddable":true,"href":"https:\/\/wncri.org\/fr\/wp-json\/wp\/v2\/media\/23669"}],"wp:attachment":[{"href":"https:\/\/wncri.org\/fr\/wp-json\/wp\/v2\/media?parent=23666"}],"wp:term":[{"taxonomy":"category","embeddable":true,"href":"https:\/\/wncri.org\/fr\/wp-json\/wp\/v2\/categories?post=23666"},{"taxonomy":"post_tag","embeddable":true,"href":"https:\/\/wncri.org\/fr\/wp-json\/wp\/v2\/tags?post=23666"}],"curies":[{"name":"wp","href":"https:\/\/api.w.org\/{rel}","templated":true}]}}