{"id":23625,"date":"2025-09-05T08:56:14","date_gmt":"2025-09-05T06:56:14","guid":{"rendered":"https:\/\/wncri.org\/fr\/?p=23625"},"modified":"2025-09-05T08:56:15","modified_gmt":"2025-09-05T06:56:15","slug":"enseignants-retraites-et-instructeurs-du","status":"publish","type":"post","link":"https:\/\/wncri.org\/fr\/2025\/09\/05\/enseignants-retraites-et-instructeurs-du\/","title":{"rendered":"Enseignants retrait\u00e9s et instructeurs du Mouvement pour l\u2019alphab\u00e9tisation en manifestation"},"content":{"rendered":"\n<h4 class=\"wp-block-heading\">Le mardi 2 septembre 2025, le si\u00e8ge central du minist\u00e8re de l\u2019\u00c9ducation des mollahs \u00e0 T\u00e9h\u00e9ran a \u00e9t\u00e9 le th\u00e9\u00e2tre d\u2019une manifestation conjointe de deux groupes : les <a href=\"https:\/\/wncri.org\/fr\/2024\/11\/21\/enseignants-retraites-protestent\/\" target=\"_blank\" rel=\"noreferrer noopener\">enseignants retrait\u00e9s<\/a> et les instructeurs du Mouvement pour l\u2019alphab\u00e9tisation (Nehzat-e Savad Amouzi).<\/h4>\n\n\n\n<p>Les femmes \u00e9ducatrices ont jou\u00e9 un r\u00f4le central dans ces protestations, repr\u00e9sentant la majorit\u00e9 des participants.<\/p>\n\n\n\n<p>Les enseignants retrait\u00e9s \u2014 en particulier ceux qui ont quitt\u00e9 le service en 2023 \u2014 ont scand\u00e9 des slogans tels que : \u00ab Arr\u00eatez de dire qu\u2019il n\u2019y a pas de fonds ; nous sommes fatigu\u00e9s des promesses creuses \u00bb, exigeant le paiement imm\u00e9diat des ajustements salariaux en retard dans le cadre du plan de classement, des arri\u00e9r\u00e9s bloqu\u00e9s depuis plus de quatre ans.<\/p>\n\n\n<div class=\"wp-block-image\">\n<figure class=\"aligncenter size-full\"><img decoding=\"async\" src=\"data:image\/gif;base64,R0lGODlhAQABAIAAAAAAAP\/\/\/yH5BAEAAAAALAAAAAABAAEAAAIBRAA7\" data-src=\"https:\/\/wncri.org\/fr\/wp-content\/uploads\/2025\/09\/NCRI-Women-Retired-Teachers-and-Literacy-Movement-2-min.jpg\" alt=\"Enseignants retrait\u00e9s et instructeurs du Mouvement pour l\u2019alphab\u00e9tisation en manifestation\" class=\"wp-image-23627 lazyload\"\/><noscript><img decoding=\"async\" width=\"750\" height=\"375\" src=\"https:\/\/wncri.org\/fr\/wp-content\/uploads\/2025\/09\/NCRI-Women-Retired-Teachers-and-Literacy-Movement-2-min.jpg\" alt=\"Enseignants retrait\u00e9s et instructeurs du Mouvement pour l\u2019alphab\u00e9tisation en manifestation\" class=\"wp-image-23627 lazyload\" srcset=\"https:\/\/wncri.org\/fr\/wp-content\/uploads\/2025\/09\/NCRI-Women-Retired-Teachers-and-Literacy-Movement-2-min.jpg 750w, https:\/\/wncri.org\/fr\/wp-content\/uploads\/2025\/09\/NCRI-Women-Retired-Teachers-and-Literacy-Movement-2-min-300x150.jpg 300w, https:\/\/wncri.org\/fr\/wp-content\/uploads\/2025\/09\/NCRI-Women-Retired-Teachers-and-Literacy-Movement-2-min-360x180.jpg 360w\" sizes=\"(max-width: 750px) 100vw, 750px\" \/><\/noscript><\/figure>\n<\/div>\n\n\n<p>Parall\u00e8lement, les <a href=\"https:\/\/www.uil.unesco.org\/fr\/litbase\/literacy-students-illiterate-parents-iran\" target=\"_blank\" rel=\"noreferrer noopener\">instructeurs du Mouvement pour l\u2019alphab\u00e9tisation<\/a> se sont rassembl\u00e9s pour la troisi\u00e8me journ\u00e9e cons\u00e9cutive, r\u00e9clamant que le minist\u00e8re publie enfin les r\u00e8glements tant attendus qui garantiraient leurs droits en tant qu\u2019enseignants \u00e0 temps partiel. Ils ont averti que la persistance du m\u00e9pris de leurs revendications viole non seulement les droits fondamentaux des enseignants, mais risque aussi de plonger davantage le syst\u00e8me \u00e9ducatif dans la crise.<\/p>\n\n\n\n<p>La convergence de ces manifestations a montr\u00e9 une fois de plus que les \u00e9ducateurs d\u2019Iran \u2014 retrait\u00e9s comme actifs, et en particulier les femmes \u2014 restent \u00e0 l\u2019avant-garde de la d\u00e9fense des droits professionnels et \u00e9ducatifs, refusant d\u2019accepter le silence et l\u2019inaction des autorit\u00e9s.<\/p>\n","protected":false},"excerpt":{"rendered":"<p>Le mardi 2 septembre 2025, le si\u00e8ge central du minist\u00e8re de l\u2019\u00c9ducation des mollahs \u00e0 T\u00e9h\u00e9ran a \u00e9t\u00e9 le th\u00e9\u00e2tre d\u2019une manifestation conjointe de deux groupes : les enseignants retrait\u00e9s et les instructeurs du Mouvement pour l\u2019alphab\u00e9tisation (Nehzat-e Savad Amouzi). Les femmes \u00e9ducatrices ont jou\u00e9 un r\u00f4le central dans ces protestations, repr\u00e9sentant la majorit\u00e9 des [&hellip;]<\/p>\n","protected":false},"author":4,"featured_media":23626,"comment_status":"closed","ping_status":"closed","sticky":false,"template":"","format":"standard","meta":{"jnews-multi-image_gallery":[],"jnews_single_post":{"format":"standard"},"jnews_primary_category":[],"jnews_social_meta":[],"jnews_override_counter":[],"footnotes":""},"categories":[3],"tags":[369],"class_list":["post-23625","post","type-post","status-publish","format-standard","has-post-thumbnail","hentry","category-infos-des-femmes","tag-manifestations"],"_links":{"self":[{"href":"https:\/\/wncri.org\/fr\/wp-json\/wp\/v2\/posts\/23625","targetHints":{"allow":["GET"]}}],"collection":[{"href":"https:\/\/wncri.org\/fr\/wp-json\/wp\/v2\/posts"}],"about":[{"href":"https:\/\/wncri.org\/fr\/wp-json\/wp\/v2\/types\/post"}],"author":[{"embeddable":true,"href":"https:\/\/wncri.org\/fr\/wp-json\/wp\/v2\/users\/4"}],"replies":[{"embeddable":true,"href":"https:\/\/wncri.org\/fr\/wp-json\/wp\/v2\/comments?post=23625"}],"version-history":[{"count":1,"href":"https:\/\/wncri.org\/fr\/wp-json\/wp\/v2\/posts\/23625\/revisions"}],"predecessor-version":[{"id":23628,"href":"https:\/\/wncri.org\/fr\/wp-json\/wp\/v2\/posts\/23625\/revisions\/23628"}],"wp:featuredmedia":[{"embeddable":true,"href":"https:\/\/wncri.org\/fr\/wp-json\/wp\/v2\/media\/23626"}],"wp:attachment":[{"href":"https:\/\/wncri.org\/fr\/wp-json\/wp\/v2\/media?parent=23625"}],"wp:term":[{"taxonomy":"category","embeddable":true,"href":"https:\/\/wncri.org\/fr\/wp-json\/wp\/v2\/categories?post=23625"},{"taxonomy":"post_tag","embeddable":true,"href":"https:\/\/wncri.org\/fr\/wp-json\/wp\/v2\/tags?post=23625"}],"curies":[{"name":"wp","href":"https:\/\/api.w.org\/{rel}","templated":true}]}}