{"id":23563,"date":"2025-08-28T22:49:14","date_gmt":"2025-08-28T20:49:14","guid":{"rendered":"https:\/\/wncri.org\/fr\/?p=23563"},"modified":"2025-08-28T22:49:15","modified_gmt":"2025-08-28T20:49:15","slug":"fasa-2adolescentes-patrouille-du-hijab","status":"publish","type":"post","link":"https:\/\/wncri.org\/fr\/2025\/08\/28\/fasa-2adolescentes-patrouille-du-hijab\/","title":{"rendered":"Fasa : deux adolescentes arr\u00eat\u00e9es apr\u00e8s une confrontation avec une patrouille du hijab"},"content":{"rendered":"\n<h4 class=\"wp-block-heading\">Une confrontation d\u00e9clench\u00e9e par une patrouille du hijab dans la ville de <a href=\"https:\/\/fr.wikipedia.org\/wiki\/Fasa\" target=\"_blank\" rel=\"noreferrer noopener\">Fasa<\/a> au sujet de la tenue de deux adolescentes a d\u00e9g\u00e9n\u00e9r\u00e9 en altercation et a finalement conduit \u00e0 leur arrestation.<\/h4>\n\n\n\n<p class=\"wp-block-paragraph\">Le mercredi soir 20 ao\u00fbt, devant un caf\u00e9 situ\u00e9 dans un centre commercial de Fasa, une femme voil\u00e9e, membre d\u2019une patrouille du hijab, a interpell\u00e9 les deux adolescentes sous le pr\u00e9texte de \u00ab promouvoir la vertu et d\u2019interdire le vice \u00bb \u2014 un concept officiel utilis\u00e9 par l\u2019\u00c9tat pour justifier l\u2019ing\u00e9rence dans l\u2019habillement et le comportement personnels. L\u2019intervention s\u2019est rapidement transform\u00e9e en altercation anim\u00e9e, au cours de laquelle le public a soutenu les deux jeunes filles.<\/p>\n\n\n\n<p class=\"wp-block-paragraph\">Selon le procureur g\u00e9n\u00e9ral de la province du Fars, <a href=\"https:\/\/wncri.org\/fr\/2023\/08\/17\/promotion-de-la-vertu\/\" target=\"_blank\" rel=\"noreferrer noopener\">une proc\u00e9dure judiciaire a \u00e9t\u00e9 ouverte<\/a> contre les deux adolescentes, qui ont \u00e9t\u00e9 arr\u00eat\u00e9es, inculp\u00e9es et transf\u00e9r\u00e9es au centre de d\u00e9tention et de r\u00e9\u00e9ducation pour mineurs de Chiraz.<\/p>\n\n\n<div class=\"wp-block-image\">\n<figure class=\"aligncenter size-full\"><img decoding=\"async\" width=\"750\" height=\"375\" data-src=\"https:\/\/wncri.org\/fr\/wp-content\/uploads\/2025\/08\/NCRI-Women-Altercation-in-Fasa-2-min.jpg\" src=\"data:image\/gif;base64,R0lGODlhAQABAIAAAAAAAP\/\/\/yH5BAEAAAAALAAAAAABAAEAAAIBRAA7\" alt=\"Fasa : deux adolescentes arr\u00eat\u00e9es apr\u00e8s une confrontation avec une patrouille du hijab\" class=\"wp-image-23565 lazyload\"\/><noscript><img decoding=\"async\" width=\"750\" height=\"375\" src=\"https:\/\/wncri.org\/fr\/wp-content\/uploads\/2025\/08\/NCRI-Women-Altercation-in-Fasa-2-min.jpg\" alt=\"Fasa : deux adolescentes arr\u00eat\u00e9es apr\u00e8s une confrontation avec une patrouille du hijab\" class=\"wp-image-23565\" srcset=\"https:\/\/wncri.org\/fr\/wp-content\/uploads\/2025\/08\/NCRI-Women-Altercation-in-Fasa-2-min.jpg 750w, https:\/\/wncri.org\/fr\/wp-content\/uploads\/2025\/08\/NCRI-Women-Altercation-in-Fasa-2-min-300x150.jpg 300w, https:\/\/wncri.org\/fr\/wp-content\/uploads\/2025\/08\/NCRI-Women-Altercation-in-Fasa-2-min-360x180.jpg 360w\" sizes=\"(max-width: 750px) 100vw, 750px\" \/><\/noscript><\/figure>\n<\/div>\n\n\n<p class=\"wp-block-paragraph\">Les autorit\u00e9s ont \u00e9galement confirm\u00e9 que le mercredi 27 ao\u00fbt, l\u2019individu qui avait film\u00e9 et partag\u00e9 la vid\u00e9o avait \u00e9t\u00e9 arr\u00eat\u00e9.<\/p>\n\n\n\n<p class=\"wp-block-paragraph\">Dans le cadre de cette r\u00e9pression, le caf\u00e9 o\u00f9 s\u2019est d\u00e9roul\u00e9e la confrontation a \u00e9t\u00e9 scell\u00e9 par d\u00e9cision judiciaire. Les responsables ont en outre annonc\u00e9 que des enqu\u00eates \u00e9taient en cours pour identifier d\u2019autres personnes pr\u00e9sentes sur les lieux, les accusant \u00ab d\u2019encouragement et d\u2019incitation \u00bb des adolescentes.<\/p>\n","protected":false},"excerpt":{"rendered":"<p>Une confrontation d\u00e9clench\u00e9e par une patrouille du hijab dans la ville de Fasa au sujet de la tenue de deux adolescentes a d\u00e9g\u00e9n\u00e9r\u00e9 en altercation et a finalement conduit \u00e0 leur arrestation. Le mercredi soir 20 ao\u00fbt, devant un caf\u00e9 situ\u00e9 dans un centre commercial de Fasa, une femme voil\u00e9e, membre d\u2019une patrouille du hijab, [&hellip;]<\/p>\n","protected":false},"author":4,"featured_media":23564,"comment_status":"closed","ping_status":"closed","sticky":false,"template":"","format":"standard","meta":{"jnews-multi-image_gallery":[],"jnews_single_post":{"format":"standard"},"jnews_primary_category":[],"jnews_social_meta":[],"jnews_override_counter":[],"footnotes":""},"categories":[3],"tags":[375],"class_list":["post-23563","post","type-post","status-publish","format-standard","has-post-thumbnail","hentry","category-infos-des-femmes","tag-voile-obligatoire"],"_links":{"self":[{"href":"https:\/\/wncri.org\/fr\/wp-json\/wp\/v2\/posts\/23563","targetHints":{"allow":["GET"]}}],"collection":[{"href":"https:\/\/wncri.org\/fr\/wp-json\/wp\/v2\/posts"}],"about":[{"href":"https:\/\/wncri.org\/fr\/wp-json\/wp\/v2\/types\/post"}],"author":[{"embeddable":true,"href":"https:\/\/wncri.org\/fr\/wp-json\/wp\/v2\/users\/4"}],"replies":[{"embeddable":true,"href":"https:\/\/wncri.org\/fr\/wp-json\/wp\/v2\/comments?post=23563"}],"version-history":[{"count":1,"href":"https:\/\/wncri.org\/fr\/wp-json\/wp\/v2\/posts\/23563\/revisions"}],"predecessor-version":[{"id":23566,"href":"https:\/\/wncri.org\/fr\/wp-json\/wp\/v2\/posts\/23563\/revisions\/23566"}],"wp:featuredmedia":[{"embeddable":true,"href":"https:\/\/wncri.org\/fr\/wp-json\/wp\/v2\/media\/23564"}],"wp:attachment":[{"href":"https:\/\/wncri.org\/fr\/wp-json\/wp\/v2\/media?parent=23563"}],"wp:term":[{"taxonomy":"category","embeddable":true,"href":"https:\/\/wncri.org\/fr\/wp-json\/wp\/v2\/categories?post=23563"},{"taxonomy":"post_tag","embeddable":true,"href":"https:\/\/wncri.org\/fr\/wp-json\/wp\/v2\/tags?post=23563"}],"curies":[{"name":"wp","href":"https:\/\/api.w.org\/{rel}","templated":true}]}}