{"id":23533,"date":"2025-08-26T15:33:26","date_gmt":"2025-08-26T13:33:26","guid":{"rendered":"https:\/\/wncri.org\/fr\/?p=23533"},"modified":"2025-08-31T14:04:32","modified_gmt":"2025-08-31T12:04:32","slug":"soghra-khodadadi-la-bouchere-de-de-qarchak","status":"publish","type":"post","link":"https:\/\/wncri.org\/fr\/2025\/08\/26\/soghra-khodadadi-la-bouchere-de-de-qarchak\/","title":{"rendered":"Soghra Khodadadi, la Bouch\u00e8re de la prison de Qarchak"},"content":{"rendered":"\n<h4 class=\"wp-block-heading\">Sombre bilan de Soghra Khodadadi \u00e0 la prison de Qarchak : passages \u00e0 tabac, voile forc\u00e9, privation de soins et sanctions internationales<\/h4>\n\n\n\n<p>La prison de Qarchak \u00e0 <a href=\"https:\/\/fr.wikipedia.org\/wiki\/Varamin\" target=\"_blank\" rel=\"noreferrer noopener\">Varamin<\/a>, initialement construite comme un \u00e9levage de volailles abandonn\u00e9, est devenue l\u2019un des <a href=\"https:\/\/wncri.org\/fr\/2020\/04\/20\/regard-sur-la-situation-tragique-a-la-prison-pour-femmes-de-qarchak-en-iran\/\" target=\"_blank\" rel=\"noreferrer noopener\">centres de d\u00e9tention les plus notoires<\/a> pour les femmes en Iran. La surpopulation, les conditions inhumaines, l\u2019absence de soins m\u00e9dicaux et la violence exerc\u00e9e par les autorit\u00e9s p\u00e9nitentiaires en ont fait un symbole de la violation syst\u00e9matique des droits des femmes. Au centre de cette machine r\u00e9pressive se trouve <a href=\"https:\/\/wncri.org\/fr\/2020\/12\/21\/la-nouvelle-directrice-de-la-prison-de-qarchak\/\" target=\"_blank\" rel=\"noreferrer noopener\">Soghra Khodadadi, directrice de la prison<\/a>, tristement c\u00e9l\u00e8bre pour son r\u00f4le dans les abus et mauvais traitements inflig\u00e9s aux prisonni\u00e8res politiques.<\/p>\n\n\n\n<h3 class=\"wp-block-heading\"><strong>Une carri\u00e8re marqu\u00e9e par la r\u00e9pression<\/strong><\/h3>\n\n\n\n<p>N\u00e9e en 1971, Soghra Khodadadi a \u00e9t\u00e9 dipl\u00f4m\u00e9e en 2017 du Centre de formation appliqu\u00e9e de l\u2019Organisation p\u00e9nitentiaire iranienne \u00e0 <a href=\"https:\/\/fr.wikipedia.org\/wiki\/Ispahan\" target=\"_blank\" rel=\"noreferrer noopener\">Ispahan<\/a>.<\/p>\n\n\n\n<p>En d\u00e9cembre 2020, elle a \u00e9t\u00e9 nomm\u00e9e directrice de <a href=\"https:\/\/wncri.org\/fr\/2021\/12\/10\/les-conditions-des-femmes-prisons\/\" target=\"_blank\" rel=\"noreferrer noopener\">la prison de Qarchak<\/a>.<\/p>\n\n\n\n<p>Depuis, les rapports faisant \u00e9tat d\u2019une violence accrue contre les d\u00e9tenues \u2014 en particulier les prisonni\u00e8res politiques \u2014 se sont multipli\u00e9s. Elle est connue sous le surnom de \u00ab Bouch\u00e8re de Qarchak \u00bb pour son r\u00f4le constant dans les r\u00e9pressions brutales.<\/p>\n\n\n\n<h3 class=\"wp-block-heading\"><strong>L\u2019assaut contre la section 8 : la violence institutionnalis\u00e9e<\/strong><\/h3>\n\n\n\n<p>Quelques jours seulement apr\u00e8s sa prise de fonction, les forces de s\u00e9curit\u00e9 de Qarchak ont attaqu\u00e9 la section 8 pour <a href=\"https:\/\/wncri.org\/fr\/2020\/12\/14\/golrokh-iraee-brutalisee\/\" target=\"_blank\" rel=\"noreferrer noopener\">transf\u00e9rer de force Golrokh Ebrahimi Iraee<\/a> \u00e0 la prison d\u2019Evin.<\/p>\n\n\n\n<p>Des t\u00e9moins ont rapport\u00e9 que les gardiens l\u2019ont tra\u00een\u00e9e par les cheveux \u00e0 travers le sol. Les prisonni\u00e8res politiques Zahra Safaei, Maryam Ebrahimvand et Forough Taghipour ont \u00e9t\u00e9 <a href=\"https:\/\/wncri.org\/fr\/2020\/12\/19\/plus-de-details-sur-lattaque\/\" target=\"_blank\" rel=\"noreferrer noopener\">battues durant l\u2019attaque<\/a>, puis priv\u00e9es de soins m\u00e9dicaux.<\/p>\n\n\n\n<p>Cet \u00e9pisode violent a marqu\u00e9 le d\u00e9but de l\u2019approche r\u00e9pressive et brutale de Khodadadi envers les d\u00e9tenues.<\/p>\n\n\n<div class=\"wp-block-image\">\n<figure class=\"aligncenter size-full\"><img decoding=\"async\" src=\"data:image\/gif;base64,R0lGODlhAQABAIAAAAAAAP\/\/\/yH5BAEAAAAALAAAAAABAAEAAAIBRAA7\" data-src=\"https:\/\/wncri.org\/fr\/wp-content\/uploads\/2025\/08\/NCRI-Women-Golrokh-Iraee-min.jpg\" alt=\"Soghra Khodadadi, la Bouch\u00e8re de la prison de Qarchak\" class=\"wp-image-23535 lazyload\"\/><noscript><img decoding=\"async\" width=\"750\" height=\"375\" src=\"https:\/\/wncri.org\/fr\/wp-content\/uploads\/2025\/08\/NCRI-Women-Golrokh-Iraee-min.jpg\" alt=\"Soghra Khodadadi, la Bouch\u00e8re de la prison de Qarchak\" class=\"wp-image-23535 lazyload\" srcset=\"https:\/\/wncri.org\/fr\/wp-content\/uploads\/2025\/08\/NCRI-Women-Golrokh-Iraee-min.jpg 750w, https:\/\/wncri.org\/fr\/wp-content\/uploads\/2025\/08\/NCRI-Women-Golrokh-Iraee-min-300x150.jpg 300w, https:\/\/wncri.org\/fr\/wp-content\/uploads\/2025\/08\/NCRI-Women-Golrokh-Iraee-min-360x180.jpg 360w\" sizes=\"(max-width: 750px) 100vw, 750px\" \/><\/noscript><\/figure>\n<\/div>\n\n\n<h3 class=\"wp-block-heading\"><strong>Le \u00ab double hijab \u00bb forc\u00e9 et la discrimination sexiste<\/strong><\/h3>\n\n\n\n<p>Sous la direction de Soghra Khodadadi, les prisonni\u00e8res politiques ont \u00e9t\u00e9 <a href=\"https:\/\/wncri.org\/fr\/2020\/12\/21\/la-nouvelle-directrice-de-la-prison-de-qarchak\/\" target=\"_blank\" rel=\"noreferrer noopener\">contraintes de porter le chador<\/a>, une r\u00e8gle non pr\u00e9vue par le r\u00e8glement p\u00e9nitentiaire et largement per\u00e7ue comme une mesure suppl\u00e9mentaire d\u2019oppression bas\u00e9e sur le genre. Impos\u00e9e d\u00e8s les premi\u00e8res semaines de son mandat, cette politique discriminatoire illustre ses pratiques r\u00e9pressives.<\/p>\n\n\n\n<h3 class=\"wp-block-heading\"><strong>Violation du principe de s\u00e9paration des prisonni\u00e8res<\/strong><\/h3>\n\n\n\n<p>Soghra Khodadadi a \u00e0 plusieurs reprises plac\u00e9 des prisonni\u00e8res politiques aux c\u00f4t\u00e9s de d\u00e9tenues condamn\u00e9es pour crimes violents, les exposant ainsi \u00e0 des menaces et des abus. En janvier 2021, <a href=\"https:\/\/wncri.org\/2020\/03\/06\/cinema-director-maryam-ebrahimvand-2-years-uncertainty-in-qarchak\/\" target=\"_blank\" rel=\"noreferrer noopener\">Maryam Ebrahimvand<\/a> a \u00e9t\u00e9 transf\u00e9r\u00e9e de force au quartier des m\u00e8res, o\u00f9 elle a \u00e9t\u00e9 agress\u00e9e.<\/p>\n\n\n\n<p>Lorsqu\u2019elle a protest\u00e9, les autorit\u00e9s ont ripost\u00e9 en lui supprimant ses droits t\u00e9l\u00e9phoniques, l\u2019isolant de sa famille.<\/p>\n\n\n\n<h3 class=\"wp-block-heading\"><strong>Privation syst\u00e9matique de soins m\u00e9dicaux<\/strong><\/h3>\n\n\n\n<p>Les accusations les plus graves contre Soghra Khodadadi concernent la privation syst\u00e9matique de soins m\u00e9dicaux. <a href=\"https:\/\/wncri.org\/fr\/2021\/12\/15\/la-directrice-de-la-prison-soghra-khodadadi\/\" target=\"_blank\" rel=\"noreferrer noopener\">Zahra Safaei<\/a>, prisonni\u00e8re politique atteinte d\u2019une maladie cardiaque, s\u2019est vue refuser \u00e0 plusieurs reprises un transfert \u00e0 l\u2019h\u00f4pital. Apr\u00e8s une crise cardiaque, elle n\u2019a \u00e9t\u00e9 emmen\u00e9e \u00e0 l\u2019h\u00f4pital qu\u2019apr\u00e8s huit jours de retard, menott\u00e9e \u00e0 son lit, priv\u00e9e de soins appropri\u00e9s, puis renvoy\u00e9e en prison. Cette cruaut\u00e9 est devenue une marque de fabrique de l\u2019administration Soghra Khodadadi.<\/p>\n\n\n<div class=\"wp-block-image\">\n<figure class=\"aligncenter size-full\"><img decoding=\"async\" src=\"data:image\/gif;base64,R0lGODlhAQABAIAAAAAAAP\/\/\/yH5BAEAAAAALAAAAAABAAEAAAIBRAA7\" data-src=\"https:\/\/wncri.org\/fr\/wp-content\/uploads\/2025\/08\/NCRI-Women-Zahra-Safaei-min.jpg\" alt=\"Soghra Khodadadi, la Bouch\u00e8re de la prison de Qarchak\" class=\"wp-image-23536 lazyload\"\/><noscript><img decoding=\"async\" width=\"750\" height=\"375\" src=\"https:\/\/wncri.org\/fr\/wp-content\/uploads\/2025\/08\/NCRI-Women-Zahra-Safaei-min.jpg\" alt=\"Soghra Khodadadi, la Bouch\u00e8re de la prison de Qarchak\" class=\"wp-image-23536 lazyload\" srcset=\"https:\/\/wncri.org\/fr\/wp-content\/uploads\/2025\/08\/NCRI-Women-Zahra-Safaei-min.jpg 750w, https:\/\/wncri.org\/fr\/wp-content\/uploads\/2025\/08\/NCRI-Women-Zahra-Safaei-min-300x150.jpg 300w, https:\/\/wncri.org\/fr\/wp-content\/uploads\/2025\/08\/NCRI-Women-Zahra-Safaei-min-360x180.jpg 360w\" sizes=\"(max-width: 750px) 100vw, 750px\" \/><\/noscript><\/figure>\n<\/div>\n\n\n<h3 class=\"wp-block-heading\"><strong>R\u00e9probation internationale et sanctions<\/strong><\/h3>\n\n\n\n<p>Le bilan de Soghra Khodadadi n\u2019est pas pass\u00e9 inaper\u00e7u \u00e0 l\u2019\u00e9tranger. En d\u00e9cembre 2021, le D\u00e9partement du Tr\u00e9sor am\u00e9ricain l\u2019a sanctionn\u00e9e pour avoir ordonn\u00e9 directement des r\u00e9pressions violentes contre des prisonni\u00e8res, incluant passages \u00e0 tabac \u00e0 coups de matraques et usage de d\u00e9charges \u00e9lectriques. Cette d\u00e9signation a soulign\u00e9 son r\u00f4le central dans la r\u00e9pression des femmes en Iran.<\/p>\n\n\n\n<h3 class=\"wp-block-heading\"><strong>Un symbole de la r\u00e9pression d\u2019\u00c9tat contre les femmes<\/strong><\/h3>\n\n\n\n<p>Aujourd\u2019hui, le nom de Soghra Khodadadi d\u00e9passe les murs de la prison de Qarchak. Elle est devenue le symbole de la guerre men\u00e9e par le r\u00e9gime iranien contre les femmes \u2014 incarnant un syst\u00e8me qui soumet les prisonni\u00e8res \u00e0 des passages \u00e0 tabac, au voile forc\u00e9, \u00e0 la privation de soins m\u00e9dicaux, au travail forc\u00e9 et aux abus psychologiques.<\/p>\n\n\n\n<p>Sous sa direction, Qarchak n\u2019a pas chang\u00e9 : la prison a consolid\u00e9 sa r\u00e9putation d\u2019\u00ab enfer des prisonni\u00e8res \u00bb en Iran.<\/p>\n","protected":false},"excerpt":{"rendered":"<p>Sombre bilan de Soghra Khodadadi \u00e0 la prison de Qarchak : passages \u00e0 tabac, voile forc\u00e9, privation de soins et sanctions internationales La prison de Qarchak \u00e0 Varamin, initialement construite comme un \u00e9levage de volailles abandonn\u00e9, est devenue l\u2019un des centres de d\u00e9tention les plus notoires pour les femmes en Iran. La surpopulation, les conditions [&hellip;]<\/p>\n","protected":false},"author":4,"featured_media":23534,"comment_status":"closed","ping_status":"closed","sticky":false,"template":"","format":"standard","meta":{"jnews-multi-image_gallery":[],"jnews_single_post":{"format":"standard"},"jnews_primary_category":[],"jnews_social_meta":[],"jnews_override_counter":[],"footnotes":""},"categories":[8],"tags":[370,376],"class_list":["post-23533","post","type-post","status-publish","format-standard","has-post-thumbnail","hentry","category-articles","tag-prisonnieres","tag-violence-contre-les-femmes"],"_links":{"self":[{"href":"https:\/\/wncri.org\/fr\/wp-json\/wp\/v2\/posts\/23533","targetHints":{"allow":["GET"]}}],"collection":[{"href":"https:\/\/wncri.org\/fr\/wp-json\/wp\/v2\/posts"}],"about":[{"href":"https:\/\/wncri.org\/fr\/wp-json\/wp\/v2\/types\/post"}],"author":[{"embeddable":true,"href":"https:\/\/wncri.org\/fr\/wp-json\/wp\/v2\/users\/4"}],"replies":[{"embeddable":true,"href":"https:\/\/wncri.org\/fr\/wp-json\/wp\/v2\/comments?post=23533"}],"version-history":[{"count":1,"href":"https:\/\/wncri.org\/fr\/wp-json\/wp\/v2\/posts\/23533\/revisions"}],"predecessor-version":[{"id":23537,"href":"https:\/\/wncri.org\/fr\/wp-json\/wp\/v2\/posts\/23533\/revisions\/23537"}],"wp:featuredmedia":[{"embeddable":true,"href":"https:\/\/wncri.org\/fr\/wp-json\/wp\/v2\/media\/23534"}],"wp:attachment":[{"href":"https:\/\/wncri.org\/fr\/wp-json\/wp\/v2\/media?parent=23533"}],"wp:term":[{"taxonomy":"category","embeddable":true,"href":"https:\/\/wncri.org\/fr\/wp-json\/wp\/v2\/categories?post=23533"},{"taxonomy":"post_tag","embeddable":true,"href":"https:\/\/wncri.org\/fr\/wp-json\/wp\/v2\/tags?post=23533"}],"curies":[{"name":"wp","href":"https:\/\/api.w.org\/{rel}","templated":true}]}}