{"id":23519,"date":"2025-08-26T18:00:00","date_gmt":"2025-08-26T16:00:00","guid":{"rendered":"https:\/\/wncri.org\/fr\/?p=23519"},"modified":"2025-10-27T12:39:58","modified_gmt":"2025-10-27T11:39:58","slug":"la-loi-sur-la-croissance-demographique","status":"publish","type":"post","link":"https:\/\/wncri.org\/fr\/2025\/08\/26\/la-loi-sur-la-croissance-demographique\/","title":{"rendered":"Iran : L\u2019\u00e9chec de la loi sur la croissance d\u00e9mographique malgr\u00e9 la r\u00e9pression des femmes"},"content":{"rendered":"\n<h2 class=\"wp-block-heading\"><strong>Un regard sur une politique co\u00fbteuse et inefficace<\/strong><\/h2>\n\n\n\n<h4 class=\"wp-block-heading\"><strong>La \u00ab Loi du rajeunissement de la population\u00bb en Iran face aux droits humains des femmes<\/strong><\/h4>\n\n\n\n<h4 class=\"wp-block-heading\">\u00c0 la suite d\u2019une directive \u00e9mise en mai 2013 par le Guide supr\u00eame des mollahs, Ali Khamenei, pour accro\u00eetre les naissances, la \u00ab Loi sur la protection de la famille et rajeunissement de la population \u00bb a \u00e9t\u00e9 adopt\u00e9e en 2021 par le Parlement iranien. L\u2019objectif affich\u00e9 de la loi sur la croissance d\u00e9mographique \u00e9tait d\u2019augmenter le taux de f\u00e9condit\u00e9 et de contrer le d\u00e9clin d\u00e9mographique en soutenant les familles. Cependant, la r\u00e9alit\u00e9 est bien diff\u00e9rente. De nombreuses dispositions de ce texte \u2013 en particulier celles relatives \u00e0 la sant\u00e9 reproductive, \u00e0 l\u2019emploi et aux libert\u00e9s personnelles des femmes \u2013 violent les droits humains reconnus au niveau international.<\/h4>\n\n\n\n<div data-wp-interactive=\"core\/file\" class=\"wp-block-file\"><object data-wp-bind--hidden=\"!state.hasPdfPreview\" hidden class=\"wp-block-file__embed\" data=\"https:\/\/wncri.org\/fr\/wp-content\/uploads\/2025\/08\/Lechec-de-la-loi-sur-la-croissance-demographique_FR-20250825.pdf\" type=\"application\/pdf\" style=\"width:100%;height:600px\" aria-label=\"Embed of L\u2019\u00e9chec de la loi sur la croissance d\u00e9mographique_FR 20250825.\"><\/object><a id=\"wp-block-file--media-5d886f14-e087-4d9f-bdfa-aab03219e0ec\" href=\"https:\/\/wncri.org\/fr\/wp-content\/uploads\/2025\/08\/Lechec-de-la-loi-sur-la-croissance-demographique_FR-20250825.pdf\">L\u2019\u00e9chec de la loi sur la croissance d\u00e9mographique_FR 20250825<\/a><a href=\"https:\/\/wncri.org\/fr\/wp-content\/uploads\/2025\/08\/Lechec-de-la-loi-sur-la-croissance-demographique_FR-20250825.pdf\" class=\"wp-block-file__button wp-element-button\" download aria-describedby=\"wp-block-file--media-5d886f14-e087-4d9f-bdfa-aab03219e0ec\">Download<\/a><\/div>\n\n\n\n<p>Pour Khamenei et le r\u00e9gime, la question de la population ne repose sur aucune base humanitaire nationale. Son v\u00e9ritable objectif est d\u2019accro\u00eetre son pouvoir r\u00e9gional. Marzieh Vahid Dastjerdi, secr\u00e9taire du Quartier g\u00e9n\u00e9ral de la population du r\u00e9gime, a reconnu cette vision s\u00e9curitaire : \u00ab Lorsqu\u2019un pays compte 30 millions d\u2019habitants et son voisin 300 millions, l\u2019\u00e9quilibre des forces est rompu. \u00bb (quotidien Arman-e Emrooz \u2013 20 mai 2025)<\/p>\n\n\n<div class=\"wp-block-image\">\n<figure class=\"aligncenter size-full\"><img decoding=\"async\" src=\"data:image\/gif;base64,R0lGODlhAQABAIAAAAAAAP\/\/\/yH5BAEAAAAALAAAAAABAAEAAAIBRAA7\" data-src=\"https:\/\/wncri.org\/fr\/wp-content\/uploads\/2025\/08\/The-Failure-of-the-Population-Youth-Law-in-Iran_FR-min.jpg\" alt=\"Iran : L\u2019\u00e9chec de la loi sur la croissance d\u00e9mographique malgr\u00e9 la r\u00e9pression des femmes\" class=\"wp-image-23521 lazyload\"\/><noscript><img decoding=\"async\" width=\"750\" height=\"375\" src=\"https:\/\/wncri.org\/fr\/wp-content\/uploads\/2025\/08\/The-Failure-of-the-Population-Youth-Law-in-Iran_FR-min.jpg\" alt=\"Iran : L\u2019\u00e9chec de la loi sur la croissance d\u00e9mographique malgr\u00e9 la r\u00e9pression des femmes\" class=\"wp-image-23521 lazyload\" srcset=\"https:\/\/wncri.org\/fr\/wp-content\/uploads\/2025\/08\/The-Failure-of-the-Population-Youth-Law-in-Iran_FR-min.jpg 750w, https:\/\/wncri.org\/fr\/wp-content\/uploads\/2025\/08\/The-Failure-of-the-Population-Youth-Law-in-Iran_FR-min-300x150.jpg 300w, https:\/\/wncri.org\/fr\/wp-content\/uploads\/2025\/08\/The-Failure-of-the-Population-Youth-Law-in-Iran_FR-min-360x180.jpg 360w\" sizes=\"(max-width: 750px) 100vw, 750px\" \/><\/noscript><\/figure>\n<\/div>\n\n\n<p>Le caract\u00e8re anti-national et anti-populaire de cette loi se manifeste dans son recours \u00e0 la contrainte et \u00e0 la r\u00e9pression, au lieu d\u2019un soutien \u00e9tatique r\u00e9el \u2013 au prix de la sant\u00e9 et de l\u2019avenir des femmes. La croissance d\u00e9mographique ne peut \u00eatre impos\u00e9e, et apr\u00e8s quatre ans de mise en \u0153uvre, l\u2019\u00e9chec de cette politique est ouvertement reconnu par les experts et m\u00e9dias affili\u00e9s au r\u00e9gime.<\/p>\n\n\n\n<p>enfants. \u00bb (Asriran \u2013 9 f\u00e9vrier 2025)<\/p>\n\n\n\n<h3 class=\"wp-block-heading\"><strong>Une d\u00e9faite in\u00e9vitable<\/strong><\/h3>\n\n\n\n<p>En d\u00e9pit de toutes les souffrances inflig\u00e9es aux <a href=\"https:\/\/wncri.org\/fr\/2025\/04\/02\/csw69-beijing30-cnrifemmes\/\" target=\"_blank\" rel=\"noreferrer noopener\">femmes iraniennes<\/a>, le r\u00e9gime des mollahs a fini par reconna\u00eetre son \u00e9chec dans ce domaine. En mai 2025, le Centre national des statistiques a tir\u00e9 la sonnette d\u2019alarme sur le vieillissement de la population, indiquant qu\u2019en 2025, 8 Iraniens sur 100 avaient plus de 65 ans. Selon ses estimations, en raison de la baisse continue des taux de natalit\u00e9, le taux de croissance d\u00e9mographique chutera \u00e0 0,72 % entre 2021 et 2026. (Etemad \u2013 20 mai 2025)<\/p>\n\n\n\n<p>Dans ce contexte, Marzieh Vahid Dastjerdi a \u00e9galement annonc\u00e9 que le taux de f\u00e9condit\u00e9 \u00e9tait tomb\u00e9 \u00e0 1,44, bien en dessous du seuil de remplacement de 2,1, n\u00e9cessaire pour maintenir la population sans croissance ni d\u00e9clin. (Javan \u2013 20 mai 2025)<\/p>\n\n\n\n<p>Le m\u00eame jour, le journal Resalat \u00e9crivait : \u00ab La tendance acc\u00e9l\u00e9r\u00e9e au vieillissement a conduit \u00e0 l\u2019adoption de la Loi sur la protection de la famille et rajeunissement de la population il y a trois ans, mais il semble que cette loi n\u2019ait pas \u00e9t\u00e9 tr\u00e8s efficace. \u00bb (Resalat \u2013 20 mai 2025)<\/p>\n\n\n<div class=\"wp-block-image\">\n<figure class=\"aligncenter size-full\"><img decoding=\"async\" src=\"data:image\/gif;base64,R0lGODlhAQABAIAAAAAAAP\/\/\/yH5BAEAAAAALAAAAAABAAEAAAIBRAA7\" data-src=\"https:\/\/wncri.org\/fr\/wp-content\/uploads\/2025\/08\/The-Failure-of-the-Population-Youth-Law-in-Iran_FR-2-min.jpg\" alt=\"Iran : L\u2019\u00e9chec de la loi sur la croissance d\u00e9mographique malgr\u00e9 la r\u00e9pression des femmes\" class=\"wp-image-23522 lazyload\"\/><noscript><img decoding=\"async\" width=\"750\" height=\"375\" src=\"https:\/\/wncri.org\/fr\/wp-content\/uploads\/2025\/08\/The-Failure-of-the-Population-Youth-Law-in-Iran_FR-2-min.jpg\" alt=\"Iran : L\u2019\u00e9chec de la loi sur la croissance d\u00e9mographique malgr\u00e9 la r\u00e9pression des femmes\" class=\"wp-image-23522 lazyload\" srcset=\"https:\/\/wncri.org\/fr\/wp-content\/uploads\/2025\/08\/The-Failure-of-the-Population-Youth-Law-in-Iran_FR-2-min.jpg 750w, https:\/\/wncri.org\/fr\/wp-content\/uploads\/2025\/08\/The-Failure-of-the-Population-Youth-Law-in-Iran_FR-2-min-300x150.jpg 300w, https:\/\/wncri.org\/fr\/wp-content\/uploads\/2025\/08\/The-Failure-of-the-Population-Youth-Law-in-Iran_FR-2-min-360x180.jpg 360w\" sizes=\"(max-width: 750px) 100vw, 750px\" \/><\/noscript><\/figure>\n<\/div>\n\n\n<p>Saleh Ghassemi, secr\u00e9taire du Centre strat\u00e9gique d\u2019\u00e9tudes d\u00e9mographiques, a averti que si cette tendance se poursuit, le taux de croissance d\u00e9mographique de l\u2019Iran atteindra z\u00e9ro vers 2036 et deviendra n\u00e9gatif \u00e0 partir de 2041.<\/p>\n\n\n\n<p>Trois ans apr\u00e8s l\u2019adoption de la loi, les preuves s\u2019accumulent sur l\u2019inaction, les retards et le manque de s\u00e9rieux de nombreux organismes publics \u00e0 remplir leurs obligations l\u00e9gales. L\u2019une des plus claires et indiscutables est l\u2019obligation de cr\u00e9er et fournir des cr\u00e8ches sur les lieux de travail ou \u00e0 proximit\u00e9. Or, moins d\u2019un quart des institutions s\u2019y sont conform\u00e9es. Cette situation pr\u00e9occupante sape non seulement la cr\u00e9dibilit\u00e9 de la loi, mais envoie aussi un message clair aux familles : le syst\u00e8me ex\u00e9cutif du pays n\u2019a toujours pas la volont\u00e9 de soutenir efficacement les parents qui travaillent.<\/p>\n\n\n\n<p>Malheureusement, bien que la Loi sur la protection de la famille et rajeunissement de la population comporte 154 articles et promesses d\u2019incitations \u00e0 la natalit\u00e9, chacun assign\u00e9 \u00e0 une agence sp\u00e9cifique, les \u00e9tudes montrent qu\u2019une infime partie seulement a \u00e9t\u00e9 appliqu\u00e9e. La fen\u00eatre de f\u00e9condit\u00e9 est extr\u00eamement \u00e9troite et se refermera dans quatre ans. Apr\u00e8s cela, il sera beaucoup plus difficile d\u2019inverser la tendance, car le nombre de personnes en \u00e2ge de procr\u00e9er chutera brutalement. (Resalat \u2013 20 mai 2025)<\/p>\n\n\n\n<p>Alireza Raeisi a aussi reconnu un autre aspect de cet \u00e9chec : \u00ab L\u2019\u00e2ge moyen du divorce augmente et le taux le plus \u00e9lev\u00e9 de divorces se produit au cours des cinq premi\u00e8res ann\u00e9es de mariage. D\u00e8s cette ann\u00e9e, dans certaines provinces, le nombre de d\u00e9c\u00e8s d\u00e9passe celui des naissances. \u00bb (Etemad \u2013 20 mai 2025)<\/p>\n\n\n\n<p>Mohammad-Jafar Ghaem Panah, adjoint aux affaires ex\u00e9cutives du pr\u00e9sident du r\u00e9gime, a lui aussi admis : \u00ab Le nombre de naissances est tomb\u00e9 sous la barre du million par an, un chiffre in\u00e9dit dans l\u2019histoire moderne du pays, avec des cons\u00e9quences irr\u00e9versibles dans les d\u00e9cennies \u00e0 venir. Actuellement, les personnes \u00e2g\u00e9es repr\u00e9sentent 10,4 % de la population, mais dans 25 ans, cette proportion atteindra 26,5 %. \u00bb (Etemad \u2013 20 mai 2025)<\/p>\n\n\n\n<p>Du point de vue misogyne du r\u00e9gime, ce sont les femmes qui portent la plus grande part des souffrances li\u00e9es au vieillissement et \u00e0 la solitude. Selon Mojgan Rezazadeh, responsable du secr\u00e9tariat du Conseil national du vieillissement, la population des femmes \u00e2g\u00e9es a largement d\u00e9pass\u00e9 celle des hommes \u00e2g\u00e9s. On pr\u00e9voit qu\u2019en 2051, le nombre de \u00ab femmes \u00e2g\u00e9es vivant seules \u00bb aura tripl\u00e9. Or, seulement 29 % d\u2019entre elles disposent d\u2019un revenu stable et d\u00e9fini. (IRNA \u2013 19 janvier 2025)<\/p>\n\n\n\n<h3 class=\"wp-block-heading\"><strong>Conclusion<\/strong><\/h3>\n\n\n\n<p>La loi sur la croissance d\u00e9mographique en Iran est un exemple manifeste de la misogynie institutionnalis\u00e9e du r\u00e9gime cl\u00e9rical et de l\u2019exploitation des femmes par ce pouvoir. En examinant les titres des projets de loi relatifs aux femmes pr\u00e9sent\u00e9s au parlement des mollahs \u2014 tels que la \u00ab Loi du rajeunissement de la population et la protection de la famille \u00bb, la \u00ab Protection de la famille par la promotion de la culture de <a href=\"https:\/\/wncri.org\/fr\/2024\/12\/07\/la-nouvelle-loi-sur-le-hijab\/\" target=\"_blank\" rel=\"noreferrer noopener\">la modestie et du hijab <\/a>\u00bb ou encore le \u00ab Projet de loi pour pr\u00e9server la dignit\u00e9 et soutenir les femmes et les familles \u00bb \u2014 il appara\u00eet clairement, m\u00eame sans analyser leur contenu misogyne, que ce r\u00e9gime ne reconna\u00eet aucune identit\u00e9 propre aux femmes.<\/p>\n\n\n\n<p>Avec cette vision, il nie tout droit aux femmes, qui repr\u00e9sentent pourtant la moiti\u00e9 de la population active et influente du pays, et qui jouent un r\u00f4le d\u00e9cisif dans tous les aspects et d\u00e9fis de la vie.<\/p>\n\n\n<div class=\"wp-block-image\">\n<figure class=\"aligncenter size-full\"><img decoding=\"async\" src=\"data:image\/gif;base64,R0lGODlhAQABAIAAAAAAAP\/\/\/yH5BAEAAAAALAAAAAABAAEAAAIBRAA7\" data-src=\"https:\/\/wncri.org\/fr\/wp-content\/uploads\/2025\/08\/NCRI-women_Failure-of-Iran-Population-Growth-Law_EN-3-min.jpg\" alt=\"Iran : L\u2019\u00e9chec de la loi sur la croissance d\u00e9mographique malgr\u00e9 la r\u00e9pression des femmes\" class=\"wp-image-23523 lazyload\"\/><noscript><img decoding=\"async\" width=\"750\" height=\"375\" src=\"https:\/\/wncri.org\/fr\/wp-content\/uploads\/2025\/08\/NCRI-women_Failure-of-Iran-Population-Growth-Law_EN-3-min.jpg\" alt=\"Iran : L\u2019\u00e9chec de la loi sur la croissance d\u00e9mographique malgr\u00e9 la r\u00e9pression des femmes\" class=\"wp-image-23523 lazyload\" srcset=\"https:\/\/wncri.org\/fr\/wp-content\/uploads\/2025\/08\/NCRI-women_Failure-of-Iran-Population-Growth-Law_EN-3-min.jpg 750w, https:\/\/wncri.org\/fr\/wp-content\/uploads\/2025\/08\/NCRI-women_Failure-of-Iran-Population-Growth-Law_EN-3-min-300x150.jpg 300w, https:\/\/wncri.org\/fr\/wp-content\/uploads\/2025\/08\/NCRI-women_Failure-of-Iran-Population-Growth-Law_EN-3-min-360x180.jpg 360w\" sizes=\"(max-width: 750px) 100vw, 750px\" \/><\/noscript><\/figure>\n<\/div>\n\n\n<p>En Iran, sous la domination cl\u00e9ricale, la violation constante des droits des femmes dans tous les domaines \u2014 que ce soit par des lois misogynes, par la r\u00e9pression brutale dans les rues, les universit\u00e9s, les lieux de travail, et surtout au sein de la famille \u2014 est devenue l\u2019une des causes profondes de la violence domestique, de la <a href=\"https:\/\/wncri.org\/fr\/2020\/06\/09\/misogynie-institutionnalisee\/\" target=\"_blank\" rel=\"noreferrer noopener\">discrimination syst\u00e9mique<\/a> et des privations inimaginables qui marquent la soci\u00e9t\u00e9 et les recoins les plus cach\u00e9s de la vie des femmes.<\/p>\n\n\n\n<p>La seule solution pour lib\u00e9rer les femmes iraniennes de cet enfer fa\u00e7onn\u00e9 par la dictature religieuse au pouvoir est le renversement rapide de ce r\u00e9gime misogyne et l\u2019instauration d\u2019une r\u00e9publique d\u00e9mocratique fond\u00e9e sur la s\u00e9paration de la religion et de l\u2019\u00c9tat et sur l\u2019\u00e9galit\u00e9 entre les sexes. Cette r\u00e9publique annoncerait l\u2019av\u00e8nement d\u2019une soci\u00e9t\u00e9 libre et \u00e9galitaire pour tous les Iraniens, fond\u00e9e sur le plan en <a href=\"https:\/\/www.maryam-rajavi.com\/fr\/points-de-vue\/plan-pour-liran-de-demain\/\" target=\"_blank\" rel=\"noreferrer noopener\">dix points de Maryam Radjavi<\/a>, pierre angulaire d\u2019un Iran d\u00e9mocratique et condition n\u00e9cessaire \u00e0 la paix et au d\u00e9veloppement dans la r\u00e9gion et dans le monde.<\/p>\n\n\n\n<p>Ce combat dure depuis 46 ans, men\u00e9 par le peuple insurg\u00e9 d\u2019Iran, avec \u00e0 sa t\u00eate les femmes iraniennes courageuses, les jeunes intr\u00e9pides et les unit\u00e9s de r\u00e9sistance h\u00e9ro\u00efques. Elles ont aujourd\u2019hui un besoin urgent de votre soutien pour vaincre ce monstre \u00e0 sept t\u00eates.<\/p>\n\n\n\n<p>L\u2019int\u00e9grisme religieux, dont le c\u0153ur bat \u00e0 T\u00e9h\u00e9ran, est une menace mondiale. Les femmes, les jeunes et le peuple iranien ont besoin de l\u2019aide et du soutien de chacun pour abattre ce monstre une bonne fois pour toutes !<\/p>\n","protected":false},"excerpt":{"rendered":"<p>Un regard sur une politique co\u00fbteuse et inefficace La \u00ab Loi du rajeunissement de la population\u00bb en Iran face aux droits humains des femmes \u00c0 la suite d\u2019une directive \u00e9mise en mai 2013 par le Guide supr\u00eame des mollahs, Ali Khamenei, pour accro\u00eetre les naissances, la \u00ab Loi sur la protection de la famille et [&hellip;]<\/p>\n","protected":false},"author":4,"featured_media":23520,"comment_status":"closed","ping_status":"closed","sticky":false,"template":"","format":"standard","meta":{"jnews-multi-image_gallery":[],"jnews_single_post":{"format":"standard"},"jnews_primary_category":[],"jnews_social_meta":[],"jnews_override_counter":[],"footnotes":""},"categories":[9],"tags":[371,376],"class_list":["post-23519","post","type-post","status-publish","format-standard","has-post-thumbnail","hentry","category-documents","tag-pauvrete","tag-violence-contre-les-femmes"],"_links":{"self":[{"href":"https:\/\/wncri.org\/fr\/wp-json\/wp\/v2\/posts\/23519","targetHints":{"allow":["GET"]}}],"collection":[{"href":"https:\/\/wncri.org\/fr\/wp-json\/wp\/v2\/posts"}],"about":[{"href":"https:\/\/wncri.org\/fr\/wp-json\/wp\/v2\/types\/post"}],"author":[{"embeddable":true,"href":"https:\/\/wncri.org\/fr\/wp-json\/wp\/v2\/users\/4"}],"replies":[{"embeddable":true,"href":"https:\/\/wncri.org\/fr\/wp-json\/wp\/v2\/comments?post=23519"}],"version-history":[{"count":6,"href":"https:\/\/wncri.org\/fr\/wp-json\/wp\/v2\/posts\/23519\/revisions"}],"predecessor-version":[{"id":23532,"href":"https:\/\/wncri.org\/fr\/wp-json\/wp\/v2\/posts\/23519\/revisions\/23532"}],"wp:featuredmedia":[{"embeddable":true,"href":"https:\/\/wncri.org\/fr\/wp-json\/wp\/v2\/media\/23520"}],"wp:attachment":[{"href":"https:\/\/wncri.org\/fr\/wp-json\/wp\/v2\/media?parent=23519"}],"wp:term":[{"taxonomy":"category","embeddable":true,"href":"https:\/\/wncri.org\/fr\/wp-json\/wp\/v2\/categories?post=23519"},{"taxonomy":"post_tag","embeddable":true,"href":"https:\/\/wncri.org\/fr\/wp-json\/wp\/v2\/tags?post=23519"}],"curies":[{"name":"wp","href":"https:\/\/api.w.org\/{rel}","templated":true}]}}