{"id":23516,"date":"2025-08-24T22:21:18","date_gmt":"2025-08-24T20:21:18","guid":{"rendered":"https:\/\/wncri.org\/fr\/?p=23516"},"modified":"2025-08-24T22:21:19","modified_gmt":"2025-08-24T20:21:19","slug":"elaheh-fouladi-la-sante-dune-se-degrade","status":"publish","type":"post","link":"https:\/\/wncri.org\/fr\/2025\/08\/24\/elaheh-fouladi-la-sante-dune-se-degrade\/","title":{"rendered":"Elaheh Fouladi : la sant\u00e9 d\u2019une prisonni\u00e8re politique se d\u00e9grade \u00e0 la prison de Qarchak"},"content":{"rendered":"\n<h4 class=\"wp-block-heading\">Elaheh Fouladi, prisonni\u00e8re politique d\u00e9tenue \u00e0 la prison de Qarchak \u00e0 Varamin, conna\u00eet une grave d\u00e9t\u00e9rioration de son \u00e9tat de sant\u00e9 en raison de sa maladie cardiaque.<\/h4>\n\n\n\n<p>Fouladi avait \u00e9t\u00e9 initialement transf\u00e9r\u00e9e \u00e0 la <a href=\"https:\/\/wncri.org\/fr\/2021\/12\/10\/les-conditions-des-femmes-prisons\/\" target=\"_blank\" rel=\"noreferrer noopener\">prison d\u2019Evin<\/a> le 12 d\u00e9cembre 2023 pour purger sa peine, avant d\u2019\u00eatre envoy\u00e9e \u00e0 la prison de Qarchak. Les <a href=\"https:\/\/wncri.org\/fr\/2025\/08\/22\/crise-a-la-prison-de-qarchak-prisonniere\/\" target=\"_blank\" rel=\"noreferrer noopener\">conditions dures et insalubres de la prison<\/a> de Qarchak ont aggrav\u00e9 sa maladie et, selon ses proches, elle n\u2019est plus physiquement capable de supporter l\u2019incarc\u00e9ration.<\/p>\n\n\n\n<p>Malgr\u00e9 son <a href=\"https:\/\/wncri.org\/fr\/2024\/06\/02\/elaheh-fouladi\/\">\u00e9tat critique<\/a>, les autorit\u00e9s judiciaires et p\u00e9nitentiaires ont jusqu\u2019\u00e0 pr\u00e9sent refus\u00e9 de lui accorder une permission m\u00e9dicale ou une lib\u00e9ration conditionnelle, la laissant dans une situation physique et psychologique d\u00e9sesp\u00e9r\u00e9e.<\/p>\n\n\n\n<h3 class=\"wp-block-heading\"><strong>Qui est Elaheh Fouladi ?<\/strong><\/h3>\n\n\n\n<p>N\u00e9e en 1978 \u00e0 <a href=\"https:\/\/en.wikipedia.org\/wiki\/Khalkhal_County\" target=\"_blank\" rel=\"noreferrer noopener\">Khalkhal<\/a>, Elaheh Fouladi est mari\u00e9e et m\u00e8re d\u2019un enfant. Elle \u00e9tait \u00e9tudiante en fin de cycle universitaire lorsqu\u2019elle a \u00e9t\u00e9 arr\u00eat\u00e9e avec son mari, Sattar Babaei, dans un a\u00e9roport le 23 janvier 2020, puis transf\u00e9r\u00e9e \u00e0 la prison d\u2019Evin. Apr\u00e8s plusieurs mois d\u2019interrogatoires, elle a \u00e9t\u00e9 lib\u00e9r\u00e9e sous caution en ao\u00fbt 2020.<\/p>\n\n\n\n<p>Par la suite, le tribunal r\u00e9volutionnaire de T\u00e9h\u00e9ran l\u2019a condamn\u00e9e \u00e0 huit ans de prison pour \u00ab collusion et complot par des liens avec l\u2019Organisation des Moudjahidine du peuple d\u2019Iran (OMPI) \u00bb et pour \u00ab propagande contre l\u2019\u00c9tat \u00bb.<\/p>\n\n\n\n<p>Sa d\u00e9tention continue \u00e0 la <a href=\"https:\/\/wncri.org\/fr\/2020\/04\/20\/regard-sur-la-situation-tragique-a-la-prison-pour-femmes-de-qarchak-en-iran\/\" target=\"_blank\" rel=\"noreferrer noopener\">prison de Qarchak<\/a>, combin\u00e9e \u00e0 la d\u00e9gradation de sa sant\u00e9, illustre une nouvelle fois les violations syst\u00e9matiques des droits des prisonniers politiques et le m\u00e9pris d\u00e9lib\u00e9r\u00e9 du r\u00e9gime pour leur sant\u00e9 et leur vie.<\/p>\n\n\n\n<p><\/p>\n","protected":false},"excerpt":{"rendered":"<p>Elaheh Fouladi, prisonni\u00e8re politique d\u00e9tenue \u00e0 la prison de Qarchak \u00e0 Varamin, conna\u00eet une grave d\u00e9t\u00e9rioration de son \u00e9tat de sant\u00e9 en raison de sa maladie cardiaque. Fouladi avait \u00e9t\u00e9 initialement transf\u00e9r\u00e9e \u00e0 la prison d\u2019Evin le 12 d\u00e9cembre 2023 pour purger sa peine, avant d\u2019\u00eatre envoy\u00e9e \u00e0 la prison de Qarchak. Les conditions dures [&hellip;]<\/p>\n","protected":false},"author":4,"featured_media":23517,"comment_status":"closed","ping_status":"closed","sticky":false,"template":"","format":"standard","meta":{"jnews-multi-image_gallery":[],"jnews_single_post":{"format":"standard"},"jnews_primary_category":[],"jnews_social_meta":[],"jnews_override_counter":[],"footnotes":""},"categories":[3],"tags":[370],"class_list":["post-23516","post","type-post","status-publish","format-standard","has-post-thumbnail","hentry","category-infos-des-femmes","tag-prisonnieres"],"_links":{"self":[{"href":"https:\/\/wncri.org\/fr\/wp-json\/wp\/v2\/posts\/23516","targetHints":{"allow":["GET"]}}],"collection":[{"href":"https:\/\/wncri.org\/fr\/wp-json\/wp\/v2\/posts"}],"about":[{"href":"https:\/\/wncri.org\/fr\/wp-json\/wp\/v2\/types\/post"}],"author":[{"embeddable":true,"href":"https:\/\/wncri.org\/fr\/wp-json\/wp\/v2\/users\/4"}],"replies":[{"embeddable":true,"href":"https:\/\/wncri.org\/fr\/wp-json\/wp\/v2\/comments?post=23516"}],"version-history":[{"count":1,"href":"https:\/\/wncri.org\/fr\/wp-json\/wp\/v2\/posts\/23516\/revisions"}],"predecessor-version":[{"id":23518,"href":"https:\/\/wncri.org\/fr\/wp-json\/wp\/v2\/posts\/23516\/revisions\/23518"}],"wp:featuredmedia":[{"embeddable":true,"href":"https:\/\/wncri.org\/fr\/wp-json\/wp\/v2\/media\/23517"}],"wp:attachment":[{"href":"https:\/\/wncri.org\/fr\/wp-json\/wp\/v2\/media?parent=23516"}],"wp:term":[{"taxonomy":"category","embeddable":true,"href":"https:\/\/wncri.org\/fr\/wp-json\/wp\/v2\/categories?post=23516"},{"taxonomy":"post_tag","embeddable":true,"href":"https:\/\/wncri.org\/fr\/wp-json\/wp\/v2\/tags?post=23516"}],"curies":[{"name":"wp","href":"https:\/\/api.w.org\/{rel}","templated":true}]}}