{"id":23477,"date":"2025-08-19T22:49:50","date_gmt":"2025-08-19T20:49:50","guid":{"rendered":"https:\/\/wncri.org\/fr\/?p=23477"},"modified":"2025-08-20T18:29:14","modified_gmt":"2025-08-20T16:29:14","slug":"82e-semaine-de-la-campagne-non-aux-executions-du-mardi","status":"publish","type":"post","link":"https:\/\/wncri.org\/fr\/2025\/08\/19\/82e-semaine-de-la-campagne-non-aux-executions-du-mardi\/","title":{"rendered":"82e semaine de la campagne \u00ab Non aux Ex\u00e9cutions du Mardi \u00bb dans 49 prisons en Iran"},"content":{"rendered":"\n<h4 class=\"wp-block-heading\">Lors de la 82e semaine cons\u00e9cutive de la <a href=\"https:\/\/wncri.org\/fr\/2025\/08\/13\/81-de-la-campagne-non-aux-executions\/\" target=\"_blank\" rel=\"noreferrer noopener\">campagne nationale<\/a> \u00ab Non aux Ex\u00e9cutions du Mardi \u00bb, les prisonniers de 49 \u00e9tablissements \u00e0 travers l\u2019Iran ont une fois de plus \u00e9lev\u00e9 une voix unie contre l\u2019\u00e9mission et l\u2019application des peines de mort.<\/h4>\n\n\n\n<p>Ce qui avait commenc\u00e9 comme une initiative lanc\u00e9e par des prisonniers politiques de la prison de Ghezel Hesar \u00e0 Karaj est devenu aujourd\u2019hui l\u2019une des plateformes de r\u00e9sistance les plus importantes contre la peine capitale en Iran.<\/p>\n\n\n\n<p>La d\u00e9claration de cette semaine a soulign\u00e9 <a href=\"https:\/\/fr.ncr-iran.org\/communiques-cnri\/droits-humains\/iran-manque-dinformations-sur-5-prisonniers-politiques-condamnes-a-mort-pour-appartenance-a-lompi\/\" target=\"_blank\" rel=\"noreferrer noopener\">l\u2019incertitude persistante concernant le sort<\/a> de cinq prisonniers politiques condamn\u00e9s \u00e0 mort.<\/p>\n\n\n\n<p>La campagne a \u00e9galement attir\u00e9 l\u2019attention sur la <a href=\"https:\/\/wncri.org\/fr\/2025\/08\/16\/sharifeh-mohammadi-peine-de-mort-confirmee\/\" target=\"_blank\" rel=\"noreferrer noopener\">confirmation par la Cour supr\u00eame de la condamnation \u00e0 mort de Sharifeh Mohammadi<\/a>, militante des droits du travail et prisonni\u00e8re politique. Cette d\u00e9cision a une fois de plus mis en \u00e9vidence la r\u00e9pression impitoyable et l\u2019injustice profonde du syst\u00e8me judiciaire iranien.<\/p>\n\n\n\n<h3 class=\"wp-block-heading\"><strong>Protestations et rassemblements des familles<\/strong><\/h3>\n\n\n\n<p>Un \u00e9l\u00e9ment marquant de la campagne de cette semaine a \u00e9t\u00e9 la pr\u00e9sence des <a href=\"https:\/\/wncri.org\/fr\/2025\/08\/18\/la-soeur-du-prisonnier-politique-condamne\/\" target=\"_blank\" rel=\"noreferrer noopener\">familles des prisonniers condamn\u00e9s \u00e0 mort<\/a>. Malgr\u00e9 de graves difficult\u00e9s \u00e9conomiques et une pression s\u00e9curitaire constante, des m\u00e8res et des p\u00e8res ont port\u00e9 les portraits de leurs enfants et r\u00e9affirm\u00e9 leur exigence de justice avec le slogan : \u00ab Non aux Ex\u00e9cutions \u00bb.<\/p>\n\n\n\n<p>Dans une d\u00e9claration vid\u00e9o, les familles ont affirm\u00e9 :<\/p>\n\n\n<div class=\"wp-block-image\">\n<figure class=\"aligncenter size-full\"><img decoding=\"async\" src=\"data:image\/gif;base64,R0lGODlhAQABAIAAAAAAAP\/\/\/yH5BAEAAAAALAAAAAABAAEAAAIBRAA7\" data-src=\"https:\/\/wncri.org\/fr\/wp-content\/uploads\/2025\/08\/NCRI-Women-Families-of-political-prisoners-1-min.jpg\" alt=\"82e semaine de la campagne \u00ab Non aux Ex\u00e9cutions du Mardi \u00bb dans 49 prisons en Iran\" class=\"wp-image-23479 lazyload\"\/><noscript><img decoding=\"async\" width=\"750\" height=\"375\" src=\"https:\/\/wncri.org\/fr\/wp-content\/uploads\/2025\/08\/NCRI-Women-Families-of-political-prisoners-1-min.jpg\" alt=\"82e semaine de la campagne \u00ab Non aux Ex\u00e9cutions du Mardi \u00bb dans 49 prisons en Iran\" class=\"wp-image-23479 lazyload\" srcset=\"https:\/\/wncri.org\/fr\/wp-content\/uploads\/2025\/08\/NCRI-Women-Families-of-political-prisoners-1-min.jpg 750w, https:\/\/wncri.org\/fr\/wp-content\/uploads\/2025\/08\/NCRI-Women-Families-of-political-prisoners-1-min-300x150.jpg 300w, https:\/\/wncri.org\/fr\/wp-content\/uploads\/2025\/08\/NCRI-Women-Families-of-political-prisoners-1-min-360x180.jpg 360w\" sizes=\"(max-width: 750px) 100vw, 750px\" \/><\/noscript><\/figure>\n<\/div>\n\n\n<p>\u00ab Aujourd\u2019hui, mardi 19 ao\u00fbt 2025, nous \u2014 familles de prisonniers politiques \u2014 nous tenons aux c\u00f4t\u00e9s de la campagne \u201cNon aux Ex\u00e9cutions du Mardi\u201d et demandons l\u2019abolition des condamnations \u00e0 mort contre nos enfants ainsi que leur lib\u00e9ration imm\u00e9diate. \u00bb<\/p>\n\n\n\n<p>Parmi ces familles, la vid\u00e9o de la m\u00e8re d\u2019Akbar Danshvarkar a largement attir\u00e9 l\u2019attention sur les r\u00e9seaux sociaux. Tenant la photo de son fils d\u2019une voix tremblante et douloureuse, elle a d\u00e9clar\u00e9 :<\/p>\n\n\n\n<p>\u00ab Depuis qu\u2019ils ont enlev\u00e9 mon fils, mon c\u0153ur est bris\u00e9. Quand j\u2019ai entendu la nouvelle, j\u2019ai fait une crise cardiaque. Mon mari est lui aussi malade, incapable de parler, et son c\u0153ur est en danger. Je supplie les organisations internationales d\u2019entendre notre appel au secours. \u00bb<\/p>\n\n\n<div class=\"wp-block-image\">\n<figure class=\"aligncenter size-full\"><img decoding=\"async\" src=\"data:image\/gif;base64,R0lGODlhAQABAIAAAAAAAP\/\/\/yH5BAEAAAAALAAAAAABAAEAAAIBRAA7\" data-src=\"https:\/\/wncri.org\/fr\/wp-content\/uploads\/2025\/08\/NCRI-Women-Families-of-political-prisoners-2-min.jpg\" alt=\"82e semaine de la campagne \u00ab Non aux Ex\u00e9cutions du Mardi \u00bb dans 49 prisons en Iran\" class=\"wp-image-23480 lazyload\"\/><noscript><img decoding=\"async\" width=\"750\" height=\"375\" src=\"https:\/\/wncri.org\/fr\/wp-content\/uploads\/2025\/08\/NCRI-Women-Families-of-political-prisoners-2-min.jpg\" alt=\"82e semaine de la campagne \u00ab Non aux Ex\u00e9cutions du Mardi \u00bb dans 49 prisons en Iran\" class=\"wp-image-23480 lazyload\" srcset=\"https:\/\/wncri.org\/fr\/wp-content\/uploads\/2025\/08\/NCRI-Women-Families-of-political-prisoners-2-min.jpg 750w, https:\/\/wncri.org\/fr\/wp-content\/uploads\/2025\/08\/NCRI-Women-Families-of-political-prisoners-2-min-300x150.jpg 300w, https:\/\/wncri.org\/fr\/wp-content\/uploads\/2025\/08\/NCRI-Women-Families-of-political-prisoners-2-min-360x180.jpg 360w\" sizes=\"(max-width: 750px) 100vw, 750px\" \/><\/noscript><\/figure>\n<\/div>\n\n\n<p>Ses paroles ont dress\u00e9 un portrait profond\u00e9ment humain et bouleversant des politiques d\u2019ex\u00e9cution en Iran, qui non seulement menacent la vie des prisonniers, mais plongent aussi leurs familles dans la maladie, le d\u00e9sespoir et l\u2019effondrement social.<\/p>\n","protected":false},"excerpt":{"rendered":"<p>Lors de la 82e semaine cons\u00e9cutive de la campagne nationale \u00ab Non aux Ex\u00e9cutions du Mardi \u00bb, les prisonniers de 49 \u00e9tablissements \u00e0 travers l\u2019Iran ont une fois de plus \u00e9lev\u00e9 une voix unie contre l\u2019\u00e9mission et l\u2019application des peines de mort. Ce qui avait commenc\u00e9 comme une initiative lanc\u00e9e par des prisonniers politiques de [&hellip;]<\/p>\n","protected":false},"author":4,"featured_media":23478,"comment_status":"closed","ping_status":"closed","sticky":false,"template":"","format":"standard","meta":{"jnews-multi-image_gallery":[],"jnews_single_post":{"format":"standard"},"jnews_primary_category":[],"jnews_social_meta":[],"jnews_override_counter":[],"footnotes":""},"categories":[3],"tags":[369],"class_list":["post-23477","post","type-post","status-publish","format-standard","has-post-thumbnail","hentry","category-infos-des-femmes","tag-manifestations"],"_links":{"self":[{"href":"https:\/\/wncri.org\/fr\/wp-json\/wp\/v2\/posts\/23477","targetHints":{"allow":["GET"]}}],"collection":[{"href":"https:\/\/wncri.org\/fr\/wp-json\/wp\/v2\/posts"}],"about":[{"href":"https:\/\/wncri.org\/fr\/wp-json\/wp\/v2\/types\/post"}],"author":[{"embeddable":true,"href":"https:\/\/wncri.org\/fr\/wp-json\/wp\/v2\/users\/4"}],"replies":[{"embeddable":true,"href":"https:\/\/wncri.org\/fr\/wp-json\/wp\/v2\/comments?post=23477"}],"version-history":[{"count":2,"href":"https:\/\/wncri.org\/fr\/wp-json\/wp\/v2\/posts\/23477\/revisions"}],"predecessor-version":[{"id":23487,"href":"https:\/\/wncri.org\/fr\/wp-json\/wp\/v2\/posts\/23477\/revisions\/23487"}],"wp:featuredmedia":[{"embeddable":true,"href":"https:\/\/wncri.org\/fr\/wp-json\/wp\/v2\/media\/23478"}],"wp:attachment":[{"href":"https:\/\/wncri.org\/fr\/wp-json\/wp\/v2\/media?parent=23477"}],"wp:term":[{"taxonomy":"category","embeddable":true,"href":"https:\/\/wncri.org\/fr\/wp-json\/wp\/v2\/categories?post=23477"},{"taxonomy":"post_tag","embeddable":true,"href":"https:\/\/wncri.org\/fr\/wp-json\/wp\/v2\/tags?post=23477"}],"curies":[{"name":"wp","href":"https:\/\/api.w.org\/{rel}","templated":true}]}}