{"id":23464,"date":"2025-08-18T14:10:22","date_gmt":"2025-08-18T12:10:22","guid":{"rendered":"https:\/\/wncri.org\/fr\/?p=23464"},"modified":"2025-08-18T14:10:23","modified_gmt":"2025-08-18T12:10:23","slug":"ete-meurtrier-prison-de-qarchak-la-vie-des","status":"publish","type":"post","link":"https:\/\/wncri.org\/fr\/2025\/08\/18\/ete-meurtrier-prison-de-qarchak-la-vie-des\/","title":{"rendered":"\u00c9t\u00e9 meurtrier \u00e0 la prison de Qarchak : la vie des prisonni\u00e8res politiques iraniennes en p\u00e9ril"},"content":{"rendered":"\n<h4 class=\"wp-block-heading\">L\u2019\u00e9t\u00e9 2025 a transform\u00e9 la <a href=\"https:\/\/wncri.org\/fr\/2020\/04\/20\/regard-sur-la-situation-tragique-a-la-prison-pour-femmes-de-qarchak-en-iran\/\">prison de Qarchak<\/a> en un symbole accablant de cruaut\u00e9 syst\u00e9mique et de violations des droits humains contre les prisonni\u00e8res politiques iraniennes. Des informations v\u00e9rifi\u00e9es de l\u2019int\u00e9rieur de l\u2019\u00e9tablissement dressent un tableau accablant d\u2019une crise humanitaire : coupures d\u2019\u00e9lectricit\u00e9 prolong\u00e9es en pleine chaleur extr\u00eame, absence de soins m\u00e9dicaux et <a href=\"https:\/\/wncri.org\/fr\/2025\/06\/27\/prison-de-qarchak-prisonnieres-politiques\/\" target=\"_blank\" rel=\"noreferrer noopener\">conditions de vie inhumaines<\/a> ont pouss\u00e9 la sant\u00e9 et la vie de dizaines de femmes incarc\u00e9r\u00e9es au bord de l\u2019effondrement.<\/h4>\n\n\n\n<p>Ces derniers jours, l\u2019\u00e9lectricit\u00e9 dans la section des prisonni\u00e8res politiques \u2013 d\u00e9sign\u00e9e euph\u00e9miquement comme le \u00ab Club \u00bb \u2013 a \u00e9t\u00e9 coup\u00e9e jusqu\u2019\u00e0 cinq heures par jour, aux heures les plus chaudes. Sans climatisation ni m\u00eame ventilateurs de base, cet espace clos et sans fen\u00eatres se transforme en un enfer suffocant, satur\u00e9 d\u2019odeurs et d\u2019humidit\u00e9 \u2013 des conditions si extr\u00eames qu\u2019une seule journ\u00e9e d\u2019exposition peut constituer une menace grave pour la sant\u00e9. Le quartier, qui abrite des femmes exil\u00e9es de la prison d\u2019Evin, ne ressemble en rien \u00e0 un lieu de vie humaine.<\/p>\n\n\n\n<h3 class=\"wp-block-heading\"><strong>Pi\u00e9g\u00e9es dans la chaleur, la maladie et la n\u00e9gligence syst\u00e9mique<\/strong><\/h3>\n\n\n\n<p>En plus de la chaleur mortelle et des coupures d\u2019\u00e9lectricit\u00e9, les d\u00e9tenues de Qarchak subissent de graves p\u00e9nuries d\u2019eau potable et d\u2019infrastructures d\u2019hygi\u00e8ne de base. Avec seulement trois douches et trois toilettes pour des dizaines de femmes, le syst\u00e8me d\u2019\u00e9gouts ext\u00e9rieur de l\u2019\u00e9tablissement est lourdement contamin\u00e9 et grouille d\u2019insectes et de rongeurs. De nombreuses prisonni\u00e8res sont contraintes d\u2019endurer cet environnement infest\u00e9 de nuisibles pendant des jours, alors m\u00eame que certaines souffrent de maladies chroniques, de vieillesse et d\u2019une extr\u00eame fragilit\u00e9 physique.<\/p>\n\n\n\n<p>Aucun m\u00e9decin de confiance ni service d\u2019urgence n\u2019est disponible dans la prison, et cette n\u00e9gligence flagrante met directement et imm\u00e9diatement en danger la vie de ces femmes.<\/p>\n\n\n\n<p>La prison de Qarchak \u00e0 <a href=\"https:\/\/fr.wikipedia.org\/wiki\/Varamin\" target=\"_blank\" rel=\"noreferrer noopener\">Varamin<\/a> \u2013 depuis longtemps tristement c\u00e9l\u00e8bre pour ses pratiques abusives \u2013 a d\u00e9sormais atteint un \u00e9tat d\u2019effondrement humanitaire total. Garder le silence face \u00e0 ces conditions revient \u00e0 cautionner la torture blanche et la destruction lente et syst\u00e9matique des prisonni\u00e8res politiques iraniennes.<\/p>\n","protected":false},"excerpt":{"rendered":"<p>L\u2019\u00e9t\u00e9 2025 a transform\u00e9 la prison de Qarchak en un symbole accablant de cruaut\u00e9 syst\u00e9mique et de violations des droits humains contre les prisonni\u00e8res politiques iraniennes. Des informations v\u00e9rifi\u00e9es de l\u2019int\u00e9rieur de l\u2019\u00e9tablissement dressent un tableau accablant d\u2019une crise humanitaire : coupures d\u2019\u00e9lectricit\u00e9 prolong\u00e9es en pleine chaleur extr\u00eame, absence de soins m\u00e9dicaux et conditions de [&hellip;]<\/p>\n","protected":false},"author":4,"featured_media":15948,"comment_status":"closed","ping_status":"closed","sticky":false,"template":"","format":"standard","meta":{"jnews-multi-image_gallery":[],"jnews_single_post":{"format":"standard"},"jnews_primary_category":[],"jnews_social_meta":[],"jnews_override_counter":[],"footnotes":""},"categories":[3],"tags":[370],"class_list":["post-23464","post","type-post","status-publish","format-standard","has-post-thumbnail","hentry","category-infos-des-femmes","tag-prisonnieres"],"_links":{"self":[{"href":"https:\/\/wncri.org\/fr\/wp-json\/wp\/v2\/posts\/23464","targetHints":{"allow":["GET"]}}],"collection":[{"href":"https:\/\/wncri.org\/fr\/wp-json\/wp\/v2\/posts"}],"about":[{"href":"https:\/\/wncri.org\/fr\/wp-json\/wp\/v2\/types\/post"}],"author":[{"embeddable":true,"href":"https:\/\/wncri.org\/fr\/wp-json\/wp\/v2\/users\/4"}],"replies":[{"embeddable":true,"href":"https:\/\/wncri.org\/fr\/wp-json\/wp\/v2\/comments?post=23464"}],"version-history":[{"count":1,"href":"https:\/\/wncri.org\/fr\/wp-json\/wp\/v2\/posts\/23464\/revisions"}],"predecessor-version":[{"id":23465,"href":"https:\/\/wncri.org\/fr\/wp-json\/wp\/v2\/posts\/23464\/revisions\/23465"}],"wp:featuredmedia":[{"embeddable":true,"href":"https:\/\/wncri.org\/fr\/wp-json\/wp\/v2\/media\/15948"}],"wp:attachment":[{"href":"https:\/\/wncri.org\/fr\/wp-json\/wp\/v2\/media?parent=23464"}],"wp:term":[{"taxonomy":"category","embeddable":true,"href":"https:\/\/wncri.org\/fr\/wp-json\/wp\/v2\/categories?post=23464"},{"taxonomy":"post_tag","embeddable":true,"href":"https:\/\/wncri.org\/fr\/wp-json\/wp\/v2\/tags?post=23464"}],"curies":[{"name":"wp","href":"https:\/\/api.w.org\/{rel}","templated":true}]}}