{"id":23433,"date":"2025-08-13T20:48:57","date_gmt":"2025-08-13T18:48:57","guid":{"rendered":"https:\/\/wncri.org\/fr\/?p=23433"},"modified":"2025-08-13T20:48:59","modified_gmt":"2025-08-13T18:48:59","slug":"enseignantes-de-maternelle-a-teheran","status":"publish","type":"post","link":"https:\/\/wncri.org\/fr\/2025\/08\/13\/enseignantes-de-maternelle-a-teheran\/","title":{"rendered":"Enseignantes de maternelle \u00e0 T\u00e9h\u00e9ran : protestations contre les politiques r\u00e9pressives"},"content":{"rendered":"\n<h4 class=\"wp-block-heading\">Le mardi 12 ao\u00fbt 2025, des enseignantes de maternelle \u00e0 T\u00e9h\u00e9ran ont organis\u00e9 une manifestation devant le bureau de Mohammad Reza Hajibabaei, vice-pr\u00e9sident du parlement du r\u00e9gime cl\u00e9rical.<\/h4>\n\n\n\n<p>Les femmes, majoritaires parmi les manifestants, ont men\u00e9 le rassemblement en scandant : \u00ab L\u2019emploi est notre droit absolu \u00bb et \u00ab Une enseignante peut mourir mais n\u2019acceptera pas l\u2019humiliation \u00bb.<\/p>\n\n\n\n<p>Les enseignantes de maternelle ont exig\u00e9 l\u2019envoi imm\u00e9diat du d\u00e9cret pour <a href=\"https:\/\/wncri.org\/fr\/2024\/10\/05\/le-statut-des-enseignantes-en-iran\/\" target=\"_blank\" rel=\"noreferrer noopener\">changer leur statut d\u2019emploi.<\/a><\/p>\n\n\n<div class=\"wp-block-image\">\n<figure class=\"aligncenter size-full\"><img decoding=\"async\" src=\"data:image\/gif;base64,R0lGODlhAQABAIAAAAAAAP\/\/\/yH5BAEAAAAALAAAAAABAAEAAAIBRAA7\" data-src=\"https:\/\/wncri.org\/fr\/wp-content\/uploads\/2025\/08\/NCRI-Women-Radiology-Workers-Zanjan-2-min.jpg\" alt=\"Enseignantes de maternelle \u00e0 T\u00e9h\u00e9ran : protestations contre les politiques r\u00e9pressives\" class=\"wp-image-23438 lazyload\"\/><noscript><img decoding=\"async\" width=\"750\" height=\"375\" src=\"https:\/\/wncri.org\/fr\/wp-content\/uploads\/2025\/08\/NCRI-Women-Radiology-Workers-Zanjan-2-min.jpg\" alt=\"Enseignantes de maternelle \u00e0 T\u00e9h\u00e9ran : protestations contre les politiques r\u00e9pressives\" class=\"wp-image-23438 lazyload\" srcset=\"https:\/\/wncri.org\/fr\/wp-content\/uploads\/2025\/08\/NCRI-Women-Radiology-Workers-Zanjan-2-min.jpg 750w, https:\/\/wncri.org\/fr\/wp-content\/uploads\/2025\/08\/NCRI-Women-Radiology-Workers-Zanjan-2-min-300x150.jpg 300w, https:\/\/wncri.org\/fr\/wp-content\/uploads\/2025\/08\/NCRI-Women-Radiology-Workers-Zanjan-2-min-360x180.jpg 360w\" sizes=\"(max-width: 750px) 100vw, 750px\" \/><\/noscript><\/figure>\n<\/div>\n\n\n<h3 class=\"wp-block-heading\"><strong>Manifestation des enseignantes \u00e0 Chirvan, province du Khorassan du Nord<\/strong><\/h3>\n\n\n\n<p>Le lundi 11 ao\u00fbt 2025, un groupe d\u2019enseignantes \u00e0 <a href=\"https:\/\/fr.wikipedia.org\/wiki\/Chirvan_(Iran)\" target=\"_blank\" rel=\"noreferrer noopener\">Chirvan<\/a>, dans la province iranienne du Khorassan du Nord, s\u2019est rassembl\u00e9 devant le bureau du gouverneur pour protester contre les coupures de courant r\u00e9p\u00e9t\u00e9es et non planifi\u00e9es.<\/p>\n\n\n\n<p>Elles ont d\u00e9clar\u00e9 que les fr\u00e9quentes pannes d\u2019\u00e9lectricit\u00e9 perturbaient non seulement l\u2019\u00e9ducation et la vie quotidienne, mais causaient \u00e9galement des dommages financiers et psychologiques importants aux habitants.<\/p>\n\n\n\n<p>Chirvan est l\u2019un des plus anciens centres de culture, de civilisation et d\u2019histoire de la province du Khorassan du Nord.<\/p>\n\n\n\n<h3 class=\"wp-block-heading\"><strong>Manifestations nationales des professionnels de radiologie<\/strong><\/h3>\n\n\n\n<p>Le 10 ao\u00fbt 2025, des professionnels de la radiologie ont organis\u00e9 des manifestations \u00e0 T\u00e9h\u00e9ran, Machhad, Ispahan, Kermanchah, Tabriz, Zandjan, Sanandadj, Birjand, Ilam et Arak.<\/p>\n\n\n<div class=\"wp-block-image\">\n<figure class=\"aligncenter size-full\"><img decoding=\"async\" src=\"data:image\/gif;base64,R0lGODlhAQABAIAAAAAAAP\/\/\/yH5BAEAAAAALAAAAAABAAEAAAIBRAA7\" data-src=\"https:\/\/wncri.org\/fr\/wp-content\/uploads\/2025\/08\/NCRI-Women-Radiology-Workers-Arak-and-Qazvin-3-min.jpg\" alt=\"Enseignantes de maternelle \u00e0 T\u00e9h\u00e9ran : protestations contre les politiques r\u00e9pressives\" class=\"wp-image-23435 lazyload\"\/><noscript><img decoding=\"async\" width=\"750\" height=\"375\" src=\"https:\/\/wncri.org\/fr\/wp-content\/uploads\/2025\/08\/NCRI-Women-Radiology-Workers-Arak-and-Qazvin-3-min.jpg\" alt=\"Enseignantes de maternelle \u00e0 T\u00e9h\u00e9ran : protestations contre les politiques r\u00e9pressives\" class=\"wp-image-23435 lazyload\" srcset=\"https:\/\/wncri.org\/fr\/wp-content\/uploads\/2025\/08\/NCRI-Women-Radiology-Workers-Arak-and-Qazvin-3-min.jpg 750w, https:\/\/wncri.org\/fr\/wp-content\/uploads\/2025\/08\/NCRI-Women-Radiology-Workers-Arak-and-Qazvin-3-min-300x150.jpg 300w, https:\/\/wncri.org\/fr\/wp-content\/uploads\/2025\/08\/NCRI-Women-Radiology-Workers-Arak-and-Qazvin-3-min-360x180.jpg 360w\" sizes=\"(max-width: 750px) 100vw, 750px\" \/><\/noscript><\/figure>\n<\/div>\n\n\n<p>Leurs revendications incluaient :<\/p>\n\n\n\n<p>\u2022 La d\u00e9livrance d\u2019un num\u00e9ro de licence professionnelle pour les travailleurs de radiologie<\/p>\n\n\n\n<p>\u2022 La cr\u00e9ation d\u2019une Direction g\u00e9n\u00e9rale des affaires de radiologie au sein du minist\u00e8re de la Sant\u00e9<\/p>\n\n\n\n<p>\u2022 L\u2019inclusion dans la Loi sur la promotion de la productivit\u00e9<\/p>\n\n\n\n<p>\u2022 Une tarification \u00e9quitable et fond\u00e9e sur l\u2019expertise des services d\u2019imagerie m\u00e9dicale<\/p>\n\n\n\n<p>Les femmes ont particip\u00e9 activement \u00e0 toutes ces manifestations, tenant de grandes pancartes portant leurs revendications.<\/p>\n\n\n<div class=\"wp-block-image\">\n<figure class=\"aligncenter size-full\"><img decoding=\"async\" src=\"data:image\/gif;base64,R0lGODlhAQABAIAAAAAAAP\/\/\/yH5BAEAAAAALAAAAAABAAEAAAIBRAA7\" data-src=\"https:\/\/wncri.org\/fr\/wp-content\/uploads\/2025\/08\/NCRI-Women-Radiology-Workers-Isfahan-4-min.jpg\" alt=\"Enseignantes de maternelle \u00e0 T\u00e9h\u00e9ran : protestations contre les politiques r\u00e9pressives\" class=\"wp-image-23437 lazyload\"\/><noscript><img decoding=\"async\" width=\"750\" height=\"375\" src=\"https:\/\/wncri.org\/fr\/wp-content\/uploads\/2025\/08\/NCRI-Women-Radiology-Workers-Isfahan-4-min.jpg\" alt=\"Enseignantes de maternelle \u00e0 T\u00e9h\u00e9ran : protestations contre les politiques r\u00e9pressives\" class=\"wp-image-23437 lazyload\" srcset=\"https:\/\/wncri.org\/fr\/wp-content\/uploads\/2025\/08\/NCRI-Women-Radiology-Workers-Isfahan-4-min.jpg 750w, https:\/\/wncri.org\/fr\/wp-content\/uploads\/2025\/08\/NCRI-Women-Radiology-Workers-Isfahan-4-min-300x150.jpg 300w, https:\/\/wncri.org\/fr\/wp-content\/uploads\/2025\/08\/NCRI-Women-Radiology-Workers-Isfahan-4-min-360x180.jpg 360w\" sizes=\"(max-width: 750px) 100vw, 750px\" \/><\/noscript><\/figure>\n<\/div>\n\n\n<h3 class=\"wp-block-heading\"><strong>Protestations contre les coupures de courant massives et impr\u00e9vues<\/strong><\/h3>\n\n\n\n<p>Face aux coupures de courant \u00e9tendues et non planifi\u00e9es, le 10 ao\u00fbt 2025, des habitants en col\u00e8re de plusieurs villes \u2014 dont Babolsar, Golestan, <a href=\"https:\/\/en.wikipedia.org\/wiki\/Salehieh\" target=\"_blank\" rel=\"noreferrer noopener\">Salehieh<\/a> et Talech, dans la province de Guilan \u2014 sont descendus dans la rue.<\/p>\n\n\n\n<p>\u00c0 Babolsar, dans le nord de la province de Mazandaran, l\u2019\u00e9lectricit\u00e9 a \u00e9t\u00e9 coup\u00e9e cinq fois en 24 heures, dont une panne ayant dur\u00e9 jusqu\u2019\u00e0 sept heures.<\/p>\n\n\n\n<p>\u00c0 Golestan et Salehieh, dans la province de T\u00e9h\u00e9ran, les coupures de courants ont dur\u00e9 15 heures cons\u00e9cutives d\u00e8s la matin\u00e9e du 10 ao\u00fbt.<\/p>\n\n\n\n<p>Les femmes ont jou\u00e9 un r\u00f4le important dans toutes ces manifestations, scandant : \u00ab L\u2019eau et l\u2019\u00e9lectricit\u00e9 sont notre droit absolu \u00bb.<\/p>\n\n\n\n<p>Le m\u00eame jour, des retrait\u00e9s de la <a href=\"https:\/\/wncri.org\/fr\/2024\/11\/17\/infirmieres-et-retraites-protestent\/\" target=\"_blank\" rel=\"noreferrer noopener\">s\u00e9curit\u00e9 sociale<\/a> \u00e0 Ahvaz, Kermanchah, Rasht et T\u00e9h\u00e9ran ont \u00e9galement protest\u00e9, r\u00e9clamant des mesures sur leurs revendications, notamment l\u2019\u00e9galisation des pensions et le retrait de l\u2019Organisation de la s\u00e9curit\u00e9 sociale du monopole gouvernemental. Les femmes ont \u00e9galement jou\u00e9 un r\u00f4le actif dans ces protestations de retrait\u00e9s.<\/p>\n\n\n<div class=\"wp-block-image\">\n<figure class=\"aligncenter size-full\"><img decoding=\"async\" src=\"data:image\/gif;base64,R0lGODlhAQABAIAAAAAAAP\/\/\/yH5BAEAAAAALAAAAAABAAEAAAIBRAA7\" data-src=\"https:\/\/wncri.org\/fr\/wp-content\/uploads\/2025\/08\/NCRI-Women-Social-Security-Retirees-5-min.jpg\" alt=\"Enseignantes de maternelle \u00e0 T\u00e9h\u00e9ran : protestations contre les politiques r\u00e9pressives\" class=\"wp-image-23436 lazyload\"\/><noscript><img decoding=\"async\" width=\"750\" height=\"375\" src=\"https:\/\/wncri.org\/fr\/wp-content\/uploads\/2025\/08\/NCRI-Women-Social-Security-Retirees-5-min.jpg\" alt=\"Enseignantes de maternelle \u00e0 T\u00e9h\u00e9ran : protestations contre les politiques r\u00e9pressives\" class=\"wp-image-23436 lazyload\" srcset=\"https:\/\/wncri.org\/fr\/wp-content\/uploads\/2025\/08\/NCRI-Women-Social-Security-Retirees-5-min.jpg 750w, https:\/\/wncri.org\/fr\/wp-content\/uploads\/2025\/08\/NCRI-Women-Social-Security-Retirees-5-min-300x150.jpg 300w, https:\/\/wncri.org\/fr\/wp-content\/uploads\/2025\/08\/NCRI-Women-Social-Security-Retirees-5-min-360x180.jpg 360w\" sizes=\"(max-width: 750px) 100vw, 750px\" \/><\/noscript><\/figure>\n<\/div>\n\n\n<h3 class=\"wp-block-heading\"><strong>Protester, r\u00e9sister et se soulever !<\/strong><\/h3>\n\n\n\n<p>Mme Maryam Radjavi, pr\u00e9sidente \u00e9lue du Conseil national de la R\u00e9sistance iranienne<a href=\"https:\/\/x.com\/Maryam_Rajavi_F\/status\/1954532491844305397\" target=\"_blank\" rel=\"noreferrer noopener\">, a salu\u00e9 sur X<\/a> le peuple en col\u00e8re et s\u2019est adress\u00e9e aux femmes et \u00e0 la jeunesse manifestantes :<\/p>\n\n\n\n<p>\u00ab Ex\u00e9cutions et massacres, corruption et discrimination, pauvret\u00e9 \u00e9crasante, inflation galopante, p\u00e9nuries d\u2019eau et d\u2019\u00e9lectricit\u00e9, destruction de l\u2019environnement \u2014 voil\u00e0 les sombres r\u00e9alit\u00e9s de la vie sous le r\u00e9gime des mollahs, qui a ravag\u00e9 \u00e0 la fois notre terre et notre peuple.<\/p>\n\n\n\n<p>Il n\u2019y a qu\u2019une seule r\u00e9ponse : protester, r\u00e9sister, se soulever ! \u00bb<\/p>\n","protected":false},"excerpt":{"rendered":"<p>Le mardi 12 ao\u00fbt 2025, des enseignantes de maternelle \u00e0 T\u00e9h\u00e9ran ont organis\u00e9 une manifestation devant le bureau de Mohammad Reza Hajibabaei, vice-pr\u00e9sident du parlement du r\u00e9gime cl\u00e9rical. Les femmes, majoritaires parmi les manifestants, ont men\u00e9 le rassemblement en scandant : \u00ab L\u2019emploi est notre droit absolu \u00bb et \u00ab Une enseignante peut mourir mais [&hellip;]<\/p>\n","protected":false},"author":4,"featured_media":23434,"comment_status":"closed","ping_status":"closed","sticky":false,"template":"","format":"standard","meta":{"jnews-multi-image_gallery":[],"jnews_single_post":{"format":"standard"},"jnews_primary_category":[],"jnews_social_meta":[],"jnews_override_counter":[],"footnotes":""},"categories":[3],"tags":[369],"class_list":["post-23433","post","type-post","status-publish","format-standard","has-post-thumbnail","hentry","category-infos-des-femmes","tag-manifestations"],"_links":{"self":[{"href":"https:\/\/wncri.org\/fr\/wp-json\/wp\/v2\/posts\/23433","targetHints":{"allow":["GET"]}}],"collection":[{"href":"https:\/\/wncri.org\/fr\/wp-json\/wp\/v2\/posts"}],"about":[{"href":"https:\/\/wncri.org\/fr\/wp-json\/wp\/v2\/types\/post"}],"author":[{"embeddable":true,"href":"https:\/\/wncri.org\/fr\/wp-json\/wp\/v2\/users\/4"}],"replies":[{"embeddable":true,"href":"https:\/\/wncri.org\/fr\/wp-json\/wp\/v2\/comments?post=23433"}],"version-history":[{"count":1,"href":"https:\/\/wncri.org\/fr\/wp-json\/wp\/v2\/posts\/23433\/revisions"}],"predecessor-version":[{"id":23439,"href":"https:\/\/wncri.org\/fr\/wp-json\/wp\/v2\/posts\/23433\/revisions\/23439"}],"wp:featuredmedia":[{"embeddable":true,"href":"https:\/\/wncri.org\/fr\/wp-json\/wp\/v2\/media\/23434"}],"wp:attachment":[{"href":"https:\/\/wncri.org\/fr\/wp-json\/wp\/v2\/media?parent=23433"}],"wp:term":[{"taxonomy":"category","embeddable":true,"href":"https:\/\/wncri.org\/fr\/wp-json\/wp\/v2\/categories?post=23433"},{"taxonomy":"post_tag","embeddable":true,"href":"https:\/\/wncri.org\/fr\/wp-json\/wp\/v2\/tags?post=23433"}],"curies":[{"name":"wp","href":"https:\/\/api.w.org\/{rel}","templated":true}]}}