{"id":2343,"date":"2017-06-15T14:37:46","date_gmt":"2017-06-15T14:37:46","guid":{"rendered":"https:\/\/wncri.org\/frdev\/2017\/06\/15\/iran-les-meres-endeuillees-contestent-les-allegations-des-mollahs-sur-daech\/"},"modified":"2017-06-15T14:37:46","modified_gmt":"2017-06-15T14:37:46","slug":"iran-les-meres-endeuillees-contestent-les-allegations-des-mollahs-sur-daech","status":"publish","type":"post","link":"https:\/\/wncri.org\/fr\/2017\/06\/15\/iran-les-meres-endeuillees-contestent-les-allegations-des-mollahs-sur-daech\/","title":{"rendered":"Iran: les m\u00e8res endeuill\u00e9es contestent les all\u00e9gations des mollahs sur Daech"},"content":{"rendered":"<p>CNRI Femmes &#8211; \u00c0 la suite des attentats du 7 juin \u00e0 T\u00e9h\u00e9ran o\u00f9 le parlement des mollahs et le mausol\u00e9e de Khomeiny ont \u00e9t\u00e9 apparemment attaqu\u00e9s par Daech, les M\u00e8res du parc Laleh ont \u200b\u200bpubli\u00e9 une d\u00e9claration le 11 juin dans laquelle elles contestent les all\u00e9gations des autorit\u00e9s sur les incidents et le fait qu\u2019ils aient \u00e9t\u00e9 commis par Daech.<\/p>\n<p>  <!--more-->  <\/p>\n<p>\u00ab Nous voulons savoir, \u00e9crivent-elles, comment se fait-il que les autorit\u00e9s judiciaires et les responsables de la s\u00e9curit\u00e9 peuvent arr\u00eater et interroger les meilleurs enfants de notre jeunesse chaque jour sous pr\u00e9texte de prot\u00e9ger la s\u00e9curit\u00e9, mais ne sont pas capables de freiner et de contenir une telle op\u00e9ration\u00a0qui s\u2019est d\u00e9roul\u00e9e en plein jour et au centre de la ville ?\u00ab\u00a0 Nous voudrions bien croire que cette op\u00e9ration terroriste de Daech a \u00e9t\u00e9 effectu\u00e9e sans la demande et l&#8217;assistance des forces \u00e0 l&#8217;int\u00e9rieur du pays. Cependant, nous ne pourrons pas y croire, tant que tous les d\u00e9tails n\u2019auront pas \u00e9t\u00e9 r\u00e9v\u00e9l\u00e9s, parce que nous avons 38 ans d&#8217;exp\u00e9rience avec ce pouvoir au lourd pass\u00e9 de crimes, de mensonges et de blessures contre notre peuple\u00a0\u00bb, peut-on lire sur le site des M\u00e8re du Parc Laleh du 21 juin 2017.Parall\u00e8lement, Mme Shahine Mahinfar, qui a perdu son fils lors du soul\u00e8vement du 27 d\u00e9cembre 2009, \u00e9cras\u00e9 par un v\u00e9hicule de la police, a publi\u00e9 un article disant que ceux qui ont tu\u00e9 son fils \u00e9taient eux-m\u00eames de Daech.\u00ab\u00a0Je connais de Daech. Je ne les ai pas personnellement rencontr\u00e9s, mais je les connais. Daech n&#8217;a pas de c\u0153ur. Il n&#8217;a aucun honneur ni aucune d\u00e9cence. Je connais Daech. Ce sont des tueurs qui prennent plaisir \u00e0 tuer. Ils ont un dieu qui est aux antipodes du mien. Mon Dieu est amour et aime (son peuple), mais le dieu de Daech est impitoyable et oppresseur. Je n&#8217;ai pas rencontr\u00e9 Daech mais je le connais. Quand ils t\u2019ont tu\u00e9 (mon fils) pour gagner de l&#8217;argent et un bon poste. Je connais Daech.\u00a0\u00bb<\/p>\n","protected":false},"excerpt":{"rendered":"<p>CNRI Femmes &#8211; \u00c0 la suite des attentats du 7 juin \u00e0 T\u00e9h\u00e9ran o\u00f9 le parlement des mollahs et le mausol\u00e9e de Khomeiny ont \u00e9t\u00e9 apparemment attaqu\u00e9s par Daech, les M\u00e8res du parc Laleh ont \u200b\u200bpubli\u00e9 une d\u00e9claration le 11 juin dans laquelle elles contestent les all\u00e9gations des autorit\u00e9s sur les incidents et le fait [&hellip;]<\/p>\n","protected":false},"author":1,"featured_media":4957,"comment_status":"open","ping_status":"open","sticky":false,"template":"","format":"standard","meta":{"jnews-multi-image_gallery":[],"jnews_single_post":[],"jnews_primary_category":[],"jnews_social_meta":[],"jnews_override_counter":[],"footnotes":""},"categories":[3],"tags":[],"class_list":["post-2343","post","type-post","status-publish","format-standard","has-post-thumbnail","hentry","category-infos-des-femmes"],"_links":{"self":[{"href":"https:\/\/wncri.org\/fr\/wp-json\/wp\/v2\/posts\/2343","targetHints":{"allow":["GET"]}}],"collection":[{"href":"https:\/\/wncri.org\/fr\/wp-json\/wp\/v2\/posts"}],"about":[{"href":"https:\/\/wncri.org\/fr\/wp-json\/wp\/v2\/types\/post"}],"author":[{"embeddable":true,"href":"https:\/\/wncri.org\/fr\/wp-json\/wp\/v2\/users\/1"}],"replies":[{"embeddable":true,"href":"https:\/\/wncri.org\/fr\/wp-json\/wp\/v2\/comments?post=2343"}],"version-history":[{"count":0,"href":"https:\/\/wncri.org\/fr\/wp-json\/wp\/v2\/posts\/2343\/revisions"}],"wp:featuredmedia":[{"embeddable":true,"href":"https:\/\/wncri.org\/fr\/wp-json\/wp\/v2\/media\/4957"}],"wp:attachment":[{"href":"https:\/\/wncri.org\/fr\/wp-json\/wp\/v2\/media?parent=2343"}],"wp:term":[{"taxonomy":"category","embeddable":true,"href":"https:\/\/wncri.org\/fr\/wp-json\/wp\/v2\/categories?post=2343"},{"taxonomy":"post_tag","embeddable":true,"href":"https:\/\/wncri.org\/fr\/wp-json\/wp\/v2\/tags?post=2343"}],"curies":[{"name":"wp","href":"https:\/\/api.w.org\/{rel}","templated":true}]}}