{"id":2340,"date":"2017-06-15T00:12:29","date_gmt":"2017-06-15T00:12:29","guid":{"rendered":"https:\/\/wncri.org\/frdev\/2017\/06\/15\/iran-atena-daemi-enfin-soignee-apres-sa-greve-de-la-faim\/"},"modified":"2017-06-15T00:12:29","modified_gmt":"2017-06-15T00:12:29","slug":"iran-atena-daemi-enfin-soignee-apres-sa-greve-de-la-faim","status":"publish","type":"post","link":"https:\/\/wncri.org\/fr\/2017\/06\/15\/iran-atena-daemi-enfin-soignee-apres-sa-greve-de-la-faim\/","title":{"rendered":"Iran: Atena Daemi enfin soign\u00e9e apr\u00e8s sa gr\u00e8ve de la faim"},"content":{"rendered":"<p>CNRI Femmes &#8211; La d\u00e9fenseure des droits humains et des enfants en Iran, Atena Daemi a \u00e9t\u00e9 envoy\u00e9e \u00e0 l&#8217;h\u00f4pital le 8 juin pour un examen neurologique.<\/p>\n<p>  <!--more-->  <\/p>\n<p>Une source inform\u00e9e a d\u00e9clar\u00e9 que vu son \u00e9tat physique, il faudrait aussi qu\u2019elle fasse rapidement des examens de la thyro\u00efde, des reins et du foie, ce qui n\u2019est pas garanti.Ag\u00e9e de 29 ans, Atena Daemi, a mis fin \u00e0 54 jours de gr\u00e8ve de la faim le 31 mai 2017, apr\u00e8s que les peines d&#8217;emprisonnement prononc\u00e9es contre ses s\u0153urs aient \u00e9t\u00e9 annul\u00e9es par le tribunal.<\/p>\n","protected":false},"excerpt":{"rendered":"<p>CNRI Femmes &#8211; La d\u00e9fenseure des droits humains et des enfants en Iran, Atena Daemi a \u00e9t\u00e9 envoy\u00e9e \u00e0 l&#8217;h\u00f4pital le 8 juin pour un examen neurologique.<\/p>\n","protected":false},"author":1,"featured_media":4953,"comment_status":"open","ping_status":"open","sticky":false,"template":"","format":"standard","meta":{"jnews-multi-image_gallery":[],"jnews_single_post":[],"jnews_primary_category":[],"jnews_social_meta":[],"jnews_override_counter":[],"footnotes":""},"categories":[3],"tags":[],"class_list":["post-2340","post","type-post","status-publish","format-standard","has-post-thumbnail","hentry","category-infos-des-femmes"],"_links":{"self":[{"href":"https:\/\/wncri.org\/fr\/wp-json\/wp\/v2\/posts\/2340","targetHints":{"allow":["GET"]}}],"collection":[{"href":"https:\/\/wncri.org\/fr\/wp-json\/wp\/v2\/posts"}],"about":[{"href":"https:\/\/wncri.org\/fr\/wp-json\/wp\/v2\/types\/post"}],"author":[{"embeddable":true,"href":"https:\/\/wncri.org\/fr\/wp-json\/wp\/v2\/users\/1"}],"replies":[{"embeddable":true,"href":"https:\/\/wncri.org\/fr\/wp-json\/wp\/v2\/comments?post=2340"}],"version-history":[{"count":0,"href":"https:\/\/wncri.org\/fr\/wp-json\/wp\/v2\/posts\/2340\/revisions"}],"wp:featuredmedia":[{"embeddable":true,"href":"https:\/\/wncri.org\/fr\/wp-json\/wp\/v2\/media\/4953"}],"wp:attachment":[{"href":"https:\/\/wncri.org\/fr\/wp-json\/wp\/v2\/media?parent=2340"}],"wp:term":[{"taxonomy":"category","embeddable":true,"href":"https:\/\/wncri.org\/fr\/wp-json\/wp\/v2\/categories?post=2340"},{"taxonomy":"post_tag","embeddable":true,"href":"https:\/\/wncri.org\/fr\/wp-json\/wp\/v2\/tags?post=2340"}],"curies":[{"name":"wp","href":"https:\/\/api.w.org\/{rel}","templated":true}]}}