{"id":2332,"date":"2017-06-10T17:52:09","date_gmt":"2017-06-10T17:52:09","guid":{"rendered":"https:\/\/wncri.org\/frdev\/2017\/06\/10\/iran-ghadrieh-ghaderi-remise-en-liberte-avec-un-retard-de-23-jours\/"},"modified":"2017-06-10T17:52:09","modified_gmt":"2017-06-10T17:52:09","slug":"iran-ghadrieh-ghaderi-remise-en-liberte-avec-un-retard-de-23-jours","status":"publish","type":"post","link":"https:\/\/wncri.org\/fr\/2017\/06\/10\/iran-ghadrieh-ghaderi-remise-en-liberte-avec-un-retard-de-23-jours\/","title":{"rendered":"Iran: Ghadrieh Ghaderi remise en libert\u00e9 avec un retard de 23 jours"},"content":{"rendered":"<p>CNRI Femmes \u2013 C\u2019est avec 23 jours de retard, que la prisonni\u00e8re politique Ghadrieh Ghaderi a \u00e9t\u00e9 lib\u00e9r\u00e9e de la prison centrale de Yassouj en Iran le 7 juin 2017.Sa peine de sept ans s&#8217;est termin\u00e9e le 16 mai 2017.<\/p>\n<p>  <!--more-->  <\/p>\n<p>Elle avait \u00e9t\u00e9 arr\u00eat\u00e9e le 8 juin 2010 \u00e0 Oroumieh dans le nord-ouest de l&#8217;Iran. Elle a \u00e9t\u00e9 interrog\u00e9e pendant trois mois dans le centre de d\u00e9tention de cette ville. La prisonni\u00e8re politique souffre d&#8217;une \u00abgrande douleur et d\u2019un engourdissement du bras gauche et de l&#8217;oreille\u00bb depuis des ann\u00e9es. Cependant, elle n&#8217;a re\u00e7u aucun soin.<\/p>\n<p>\u00a0<\/p>\n","protected":false},"excerpt":{"rendered":"<p>CNRI Femmes \u2013 C\u2019est avec 23 jours de retard, que la prisonni\u00e8re politique Ghadrieh Ghaderi a \u00e9t\u00e9 lib\u00e9r\u00e9e de la prison centrale de Yassouj en Iran le 7 juin 2017.Sa peine de sept ans s&#8217;est termin\u00e9e le 16 mai 2017.<\/p>\n","protected":false},"author":1,"featured_media":4942,"comment_status":"open","ping_status":"open","sticky":false,"template":"","format":"standard","meta":{"jnews-multi-image_gallery":[],"jnews_single_post":[],"jnews_primary_category":[],"jnews_social_meta":[],"jnews_override_counter":[],"footnotes":""},"categories":[3],"tags":[],"class_list":["post-2332","post","type-post","status-publish","format-standard","has-post-thumbnail","hentry","category-infos-des-femmes"],"_links":{"self":[{"href":"https:\/\/wncri.org\/fr\/wp-json\/wp\/v2\/posts\/2332","targetHints":{"allow":["GET"]}}],"collection":[{"href":"https:\/\/wncri.org\/fr\/wp-json\/wp\/v2\/posts"}],"about":[{"href":"https:\/\/wncri.org\/fr\/wp-json\/wp\/v2\/types\/post"}],"author":[{"embeddable":true,"href":"https:\/\/wncri.org\/fr\/wp-json\/wp\/v2\/users\/1"}],"replies":[{"embeddable":true,"href":"https:\/\/wncri.org\/fr\/wp-json\/wp\/v2\/comments?post=2332"}],"version-history":[{"count":0,"href":"https:\/\/wncri.org\/fr\/wp-json\/wp\/v2\/posts\/2332\/revisions"}],"wp:featuredmedia":[{"embeddable":true,"href":"https:\/\/wncri.org\/fr\/wp-json\/wp\/v2\/media\/4942"}],"wp:attachment":[{"href":"https:\/\/wncri.org\/fr\/wp-json\/wp\/v2\/media?parent=2332"}],"wp:term":[{"taxonomy":"category","embeddable":true,"href":"https:\/\/wncri.org\/fr\/wp-json\/wp\/v2\/categories?post=2332"},{"taxonomy":"post_tag","embeddable":true,"href":"https:\/\/wncri.org\/fr\/wp-json\/wp\/v2\/tags?post=2332"}],"curies":[{"name":"wp","href":"https:\/\/api.w.org\/{rel}","templated":true}]}}