{"id":2331,"date":"2017-06-10T15:42:54","date_gmt":"2017-06-10T15:42:54","guid":{"rendered":"https:\/\/wncri.org\/frdev\/2017\/06\/10\/parvine-mohammadi-denonce-l-interdiction-faite-aux-travailleurs-de-protester-en-iran\/"},"modified":"2017-06-10T15:42:54","modified_gmt":"2017-06-10T15:42:54","slug":"parvine-mohammadi-denonce-l-interdiction-faite-aux-travailleurs-de-protester-en-iran","status":"publish","type":"post","link":"https:\/\/wncri.org\/fr\/2017\/06\/10\/parvine-mohammadi-denonce-l-interdiction-faite-aux-travailleurs-de-protester-en-iran\/","title":{"rendered":"Parvine Mohammadi d\u00e9nonce l\u2019interdiction faite aux travailleurs de protester en Iran"},"content":{"rendered":"<p>CNRI Femmes \u2013 \u00ab\u00a0Le gouvernement n&#8217;a pas le droit de nous priver de pain et en plus de nous fermer la bouche\u00a0\u00bb, a d\u00e9clar\u00e9 Parvine Mohammadi, syndicaliste et vice-pr\u00e9sidente de l&#8217;Union libre des travailleurs en Iran.<\/p>\n<p>  <!--more-->  <\/p>\n<p>Elle r\u00e9agissait \u00e0 la r\u00e9pression des travailleurs.\u00ab\u00a0Le gouvernement n&#8217;a pas le droit d&#8217;imposer autant d&#8217;injustice aux travailleurs iraniens et en plus de les emp\u00eacher de mener leurs activit\u00e9s et leurs manifestations. Le gouvernement n&#8217;a pas le droit de nous priver de pain et en plus de nous fermer la bouche\u00a0\u00bb, a-t-elle martel\u00e9.\u00ab\u00a0\u00c0 mon avis, le pire probl\u00e8me des travailleurs iraniens est d\u2019\u00eatre priv\u00e9 du droit de protester contre ce niveau de salaires impay\u00e9s. Ces derni\u00e8res ann\u00e9es, l&#8217;ensemble du syst\u00e8me gouvernemental a tent\u00e9 d&#8217;emp\u00eacher les travailleurs de r\u00e9clamer leurs salaires avec des accusations de s\u00e9curit\u00e9 contre et en leur imposant de lourdes peines judiciaires\u00a0\u00bb, a-t-elle d\u00e9plor\u00e9.\u00ab\u00a0Je pense que l&#8217;organisation internationale du Travail devrait faire pression sur le gouvernement iranien pour que les travailleurs aient le droit de cr\u00e9er librement leurs syndicats ind\u00e9pendants dans leurs lieux de travail\u00a0\u00bb, a ajout\u00e9 Mme Mohammadi.<\/p>\n","protected":false},"excerpt":{"rendered":"<p>CNRI Femmes \u2013 \u00ab\u00a0Le gouvernement n&#8217;a pas le droit de nous priver de pain et en plus de nous fermer la bouche\u00a0\u00bb, a d\u00e9clar\u00e9 Parvine Mohammadi, syndicaliste et vice-pr\u00e9sidente de l&#8217;Union libre des travailleurs en Iran.<\/p>\n","protected":false},"author":1,"featured_media":4941,"comment_status":"open","ping_status":"open","sticky":false,"template":"","format":"standard","meta":{"jnews-multi-image_gallery":[],"jnews_single_post":[],"jnews_primary_category":[],"jnews_social_meta":[],"jnews_override_counter":[],"footnotes":""},"categories":[3],"tags":[],"class_list":["post-2331","post","type-post","status-publish","format-standard","has-post-thumbnail","hentry","category-infos-des-femmes"],"_links":{"self":[{"href":"https:\/\/wncri.org\/fr\/wp-json\/wp\/v2\/posts\/2331","targetHints":{"allow":["GET"]}}],"collection":[{"href":"https:\/\/wncri.org\/fr\/wp-json\/wp\/v2\/posts"}],"about":[{"href":"https:\/\/wncri.org\/fr\/wp-json\/wp\/v2\/types\/post"}],"author":[{"embeddable":true,"href":"https:\/\/wncri.org\/fr\/wp-json\/wp\/v2\/users\/1"}],"replies":[{"embeddable":true,"href":"https:\/\/wncri.org\/fr\/wp-json\/wp\/v2\/comments?post=2331"}],"version-history":[{"count":0,"href":"https:\/\/wncri.org\/fr\/wp-json\/wp\/v2\/posts\/2331\/revisions"}],"wp:featuredmedia":[{"embeddable":true,"href":"https:\/\/wncri.org\/fr\/wp-json\/wp\/v2\/media\/4941"}],"wp:attachment":[{"href":"https:\/\/wncri.org\/fr\/wp-json\/wp\/v2\/media?parent=2331"}],"wp:term":[{"taxonomy":"category","embeddable":true,"href":"https:\/\/wncri.org\/fr\/wp-json\/wp\/v2\/categories?post=2331"},{"taxonomy":"post_tag","embeddable":true,"href":"https:\/\/wncri.org\/fr\/wp-json\/wp\/v2\/tags?post=2331"}],"curies":[{"name":"wp","href":"https:\/\/api.w.org\/{rel}","templated":true}]}}