{"id":23207,"date":"2025-07-20T22:02:59","date_gmt":"2025-07-20T20:02:59","guid":{"rendered":"https:\/\/wncri.org\/fr\/?p=23207"},"modified":"2025-07-20T22:03:00","modified_gmt":"2025-07-20T20:03:00","slug":"fariba-ahmadi-meurt-apres-une-descente","status":"publish","type":"post","link":"https:\/\/wncri.org\/fr\/2025\/07\/20\/fariba-ahmadi-meurt-apres-une-descente\/","title":{"rendered":"Fariba Ahmadi meurt apr\u00e8s une descente visant la famille d\u2019un prisonnier politique"},"content":{"rendered":"\n<h4 class=\"wp-block-heading\">Fariba Ahmadi, belle-m\u00e8re \u00e2g\u00e9e et malade du prisonnier politique Pejman Tobreh-Rizi, est d\u00e9c\u00e9d\u00e9e d\u2019une crise cardiaque apr\u00e8s une descente nocturne violente men\u00e9e par les forces de s\u00e9curit\u00e9 iraniennes \u00e0 son domicile de <a href=\"https:\/\/fr.wikipedia.org\/wiki\/Kermanchah\" target=\"_blank\" rel=\"noreferrer noopener\">Kermanchah<\/a>.<\/h4>\n\n\n\n<p>L\u2019op\u00e9ration a eu lieu dans la nuit du lundi 14 juillet 2025 et visait la maison de la famille de Pejman Tobreh-Rizi. Selon des t\u00e9moins, les agents ont fait irruption dans son domicile de mani\u00e8re agressive et intimidante, sans tenir compte de l\u2019\u00e9tat de sant\u00e9 des personnes \u00e2g\u00e9es pr\u00e9sentes. Fariba Ahmadi, alit\u00e9e en raison d\u2019un cancer, aurait succomb\u00e9 \u00e0 une crise cardiaque sous l\u2019effet du chaos et de la terreur provoqu\u00e9s par l\u2019intervention.<\/p>\n\n\n\n<p>L\u2019objectif d\u00e9clar\u00e9 de la descente \u00e9tait l\u2019arrestation du fr\u00e8re cadet de Pejman Tobreh-Rizi et la recherche pr\u00e9sum\u00e9e d\u2019armes. Toutefois, apr\u00e8s plusieurs heures de fouilles invasives, aucune arme ni preuve incriminante n\u2019a \u00e9t\u00e9 trouv\u00e9e. Les agents ont uniquement confisqu\u00e9 deux t\u00e9l\u00e9phones portables avant de quitter les lieux.<\/p>\n\n\n\n<h3 class=\"wp-block-heading\"><strong>Un prisonnier politique priv\u00e9 de soins m\u00e9dicaux<\/strong><\/h3>\n\n\n\n<p>Pejman Tobreh-Rizi, 32 ans, originaire de Kermanchah, \u00e9tait auparavant d\u00e9tenu \u00e0 la <a href=\"https:\/\/wncri.org\/fr\/2021\/12\/10\/les-conditions-des-femmes-prisons\/\" target=\"_blank\" rel=\"noreferrer noopener\">prison d\u2019Evin<\/a> avant le d\u00e9mant\u00e8lement de ses sections r\u00e9serv\u00e9es aux prisonniers politiques. Il est actuellement incarc\u00e9r\u00e9 dans la prison du Grand T\u00e9h\u00e9ran (Fachafouyeh) dans des conditions de sant\u00e9 critiques. Souffrant d\u2019une maladie cardiaque, il se voit refuser l\u2019acc\u00e8s \u00e0 des soins m\u00e9dicaux appropri\u00e9s, ce qui suscite de vives inqui\u00e9tudes quant \u00e0 une volont\u00e9 d\u00e9lib\u00e9r\u00e9e de pression et de n\u00e9gligence syst\u00e9matique de la part des autorit\u00e9s p\u00e9nitentiaires.<\/p>\n\n\n\n<h3 class=\"wp-block-heading\"><strong>Un enterrement sous surveillance s\u00e9curitaire<\/strong><\/h3>\n\n\n\n<p>Fariba Ahmadi a \u00e9t\u00e9 enterr\u00e9e d\u00e8s le lendemain, mardi 15 juillet, dans sa ville natale de Bilehvar. Les fun\u00e9railles se sont d\u00e9roul\u00e9es sous une forte surveillance s\u00e9curitaire. Des agents du renseignement \u00e9taient pr\u00e9sents durant toute la c\u00e9r\u00e9monie afin d\u2019emp\u00eacher toute expression publique de protestation ou de dissidence.<\/p>\n\n\n\n<p>Avant l\u2019enterrement, la famille Tobreh-Rizi a \u00e9t\u00e9 formellement avertie de ne pas attribuer la mort de Fariba Ahmadi \u00e0 la descente polici\u00e8re. Elle a \u00e9galement \u00e9t\u00e9 menac\u00e9e de repr\u00e9sailles si des informations sur l\u2019incident venaient \u00e0 \u00eatre rendues publiques.<\/p>\n\n\n\n<h3 class=\"wp-block-heading\"><strong>Cause du d\u00e9c\u00e8s falsifi\u00e9e<\/strong><\/h3>\n\n\n\n<p>Le corps de Fariba Ahmadi a \u00e9t\u00e9 transf\u00e9r\u00e9 \u00e0 l\u2019h\u00f4pital Imam Reza de Kermanchah. En coordination avec les autorit\u00e9s s\u00e9curitaires, le rapport m\u00e9dical officiel a indiqu\u00e9 que le d\u00e9c\u00e8s \u00e9tait d\u00fb au cancer \u2014 en contradiction avec les affirmations de la famille, qui soutient que la v\u00e9ritable cause est une crise cardiaque provoqu\u00e9e par le raid.<\/p>\n","protected":false},"excerpt":{"rendered":"<p>Fariba Ahmadi, belle-m\u00e8re \u00e2g\u00e9e et malade du prisonnier politique Pejman Tobreh-Rizi, est d\u00e9c\u00e9d\u00e9e d\u2019une crise cardiaque apr\u00e8s une descente nocturne violente men\u00e9e par les forces de s\u00e9curit\u00e9 iraniennes \u00e0 son domicile de Kermanchah. L\u2019op\u00e9ration a eu lieu dans la nuit du lundi 14 juillet 2025 et visait la maison de la famille de Pejman Tobreh-Rizi. [&hellip;]<\/p>\n","protected":false},"author":4,"featured_media":23208,"comment_status":"closed","ping_status":"closed","sticky":false,"template":"","format":"standard","meta":{"jnews-multi-image_gallery":[],"jnews_single_post":{"format":"standard"},"jnews_primary_category":[],"jnews_social_meta":[],"jnews_override_counter":[],"footnotes":""},"categories":[3],"tags":[],"class_list":["post-23207","post","type-post","status-publish","format-standard","has-post-thumbnail","hentry","category-infos-des-femmes"],"_links":{"self":[{"href":"https:\/\/wncri.org\/fr\/wp-json\/wp\/v2\/posts\/23207","targetHints":{"allow":["GET"]}}],"collection":[{"href":"https:\/\/wncri.org\/fr\/wp-json\/wp\/v2\/posts"}],"about":[{"href":"https:\/\/wncri.org\/fr\/wp-json\/wp\/v2\/types\/post"}],"author":[{"embeddable":true,"href":"https:\/\/wncri.org\/fr\/wp-json\/wp\/v2\/users\/4"}],"replies":[{"embeddable":true,"href":"https:\/\/wncri.org\/fr\/wp-json\/wp\/v2\/comments?post=23207"}],"version-history":[{"count":1,"href":"https:\/\/wncri.org\/fr\/wp-json\/wp\/v2\/posts\/23207\/revisions"}],"predecessor-version":[{"id":23209,"href":"https:\/\/wncri.org\/fr\/wp-json\/wp\/v2\/posts\/23207\/revisions\/23209"}],"wp:featuredmedia":[{"embeddable":true,"href":"https:\/\/wncri.org\/fr\/wp-json\/wp\/v2\/media\/23208"}],"wp:attachment":[{"href":"https:\/\/wncri.org\/fr\/wp-json\/wp\/v2\/media?parent=23207"}],"wp:term":[{"taxonomy":"category","embeddable":true,"href":"https:\/\/wncri.org\/fr\/wp-json\/wp\/v2\/categories?post=23207"},{"taxonomy":"post_tag","embeddable":true,"href":"https:\/\/wncri.org\/fr\/wp-json\/wp\/v2\/tags?post=23207"}],"curies":[{"name":"wp","href":"https:\/\/api.w.org\/{rel}","templated":true}]}}