{"id":23200,"date":"2025-07-17T15:16:14","date_gmt":"2025-07-17T13:16:14","guid":{"rendered":"https:\/\/wncri.org\/fr\/?p=23200"},"modified":"2025-07-17T15:16:15","modified_gmt":"2025-07-17T13:16:15","slug":"sara-gowhari-etudiante-afghane-29-arretee","status":"publish","type":"post","link":"https:\/\/wncri.org\/fr\/2025\/07\/17\/sara-gowhari-etudiante-afghane-29-arretee\/","title":{"rendered":"Sara Gowhari, \u00e9tudiante afghane de 29 ans, arr\u00eat\u00e9e par le minist\u00e8re du Renseignement"},"content":{"rendered":"\n<h4 class=\"wp-block-heading\">Sara Gowhari, citoyenne afghane de 29 ans et \u00e9tudiante en sociologie \u00e0 l\u2019universit\u00e9 de T\u00e9h\u00e9ran, a \u00e9t\u00e9 arr\u00eat\u00e9e le 6 juillet 2025 pr\u00e8s de la r\u00e9gion frontali\u00e8re de <a href=\"https:\/\/fr.wikipedia.org\/wiki\/Taybad\" target=\"_blank\" rel=\"noreferrer noopener\">Taybad<\/a> par les forces de s\u00e9curit\u00e9 iraniennes et emmen\u00e9e vers un lieu tenu secret.<\/h4>\n\n\n\n<p>Selon des sources proches de sa famille, l\u2019arrestation a \u00e9t\u00e9 men\u00e9e par le minist\u00e8re du Renseignement iranien, <a href=\"https:\/\/wncri.org\/2021\/07\/10\/women-arbitrarily-detained-by-the-ministry-of-intelligence-and-the-irgc\/\" target=\"_blank\" rel=\"noreferrer noopener\">sans pr\u00e9sentation d\u2019un mandat d\u2019arr\u00eat ni de document officiel<\/a> \u00e9manant du pouvoir judiciaire.<\/p>\n\n\n\n<p>Avant son arrestation, Sara Gowhari avait publi\u00e9 sur son compte Instagram personnel qu\u2019elle pr\u00e9voyait un voyage de recherche ind\u00e9pendant dans la r\u00e9gion frontali\u00e8re de Taybad. Son projet visait \u00e0 documenter les exp\u00e9riences v\u00e9cues des migrants afghans \u00e0 travers des entretiens et des r\u00e9cits personnels, afin de mettre en lumi\u00e8re la r\u00e9alit\u00e9 de la vie \u00e0 la fronti\u00e8re irano-afghane.<\/p>\n\n\n\n<p>Plus de dix jours apr\u00e8s son arrestation, Sara Gowhari est toujours priv\u00e9e de ses droits juridiques les plus fondamentaux, y compris l\u2019acc\u00e8s \u00e0 un avocat et la possibilit\u00e9 de contacter sa famille.<\/p>\n\n\n\n<p>Malgr\u00e9 des demandes r\u00e9p\u00e9t\u00e9es, sa famille n\u2019a re\u00e7u aucune information officielle concernant sa localisation, son \u00e9tat physique ou les charges retenues contre elle.<\/p>\n\n\n\n<p>Son arrestation s\u2019inscrit dans le cadre de la politique continue de r\u00e9pression et d\u2019intimidation men\u00e9e par le r\u00e9gime iranien \u00e0 l\u2019encontre des migrants et demandeurs d\u2019asile afghans.<\/p>\n","protected":false},"excerpt":{"rendered":"<p>Sara Gowhari, citoyenne afghane de 29 ans et \u00e9tudiante en sociologie \u00e0 l\u2019universit\u00e9 de T\u00e9h\u00e9ran, a \u00e9t\u00e9 arr\u00eat\u00e9e le 6 juillet 2025 pr\u00e8s de la r\u00e9gion frontali\u00e8re de Taybad par les forces de s\u00e9curit\u00e9 iraniennes et emmen\u00e9e vers un lieu tenu secret. Selon des sources proches de sa famille, l\u2019arrestation a \u00e9t\u00e9 men\u00e9e par le [&hellip;]<\/p>\n","protected":false},"author":4,"featured_media":23201,"comment_status":"closed","ping_status":"closed","sticky":false,"template":"","format":"standard","meta":{"jnews-multi-image_gallery":[],"jnews_single_post":{"format":"standard"},"jnews_primary_category":[],"jnews_social_meta":[],"jnews_override_counter":[],"footnotes":""},"categories":[3],"tags":[370],"class_list":["post-23200","post","type-post","status-publish","format-standard","has-post-thumbnail","hentry","category-infos-des-femmes","tag-prisonnieres"],"_links":{"self":[{"href":"https:\/\/wncri.org\/fr\/wp-json\/wp\/v2\/posts\/23200","targetHints":{"allow":["GET"]}}],"collection":[{"href":"https:\/\/wncri.org\/fr\/wp-json\/wp\/v2\/posts"}],"about":[{"href":"https:\/\/wncri.org\/fr\/wp-json\/wp\/v2\/types\/post"}],"author":[{"embeddable":true,"href":"https:\/\/wncri.org\/fr\/wp-json\/wp\/v2\/users\/4"}],"replies":[{"embeddable":true,"href":"https:\/\/wncri.org\/fr\/wp-json\/wp\/v2\/comments?post=23200"}],"version-history":[{"count":1,"href":"https:\/\/wncri.org\/fr\/wp-json\/wp\/v2\/posts\/23200\/revisions"}],"predecessor-version":[{"id":23202,"href":"https:\/\/wncri.org\/fr\/wp-json\/wp\/v2\/posts\/23200\/revisions\/23202"}],"wp:featuredmedia":[{"embeddable":true,"href":"https:\/\/wncri.org\/fr\/wp-json\/wp\/v2\/media\/23201"}],"wp:attachment":[{"href":"https:\/\/wncri.org\/fr\/wp-json\/wp\/v2\/media?parent=23200"}],"wp:term":[{"taxonomy":"category","embeddable":true,"href":"https:\/\/wncri.org\/fr\/wp-json\/wp\/v2\/categories?post=23200"},{"taxonomy":"post_tag","embeddable":true,"href":"https:\/\/wncri.org\/fr\/wp-json\/wp\/v2\/tags?post=23200"}],"curies":[{"name":"wp","href":"https:\/\/api.w.org\/{rel}","templated":true}]}}