{"id":23184,"date":"2025-07-14T23:23:43","date_gmt":"2025-07-14T21:23:43","guid":{"rendered":"https:\/\/wncri.org\/fr\/?p=23184"},"modified":"2025-07-15T21:09:17","modified_gmt":"2025-07-15T19:09:17","slug":"sauver-les-prisonniers-politiques-en-iran","status":"publish","type":"post","link":"https:\/\/wncri.org\/fr\/2025\/07\/14\/sauver-les-prisonniers-politiques-en-iran\/","title":{"rendered":"Appel pour sauver les prisonniers politiques en Iran\u00a0"},"content":{"rendered":"\n<h4 class=\"wp-block-heading\">Appel pour sauver les prisonniers politiques en Iran&nbsp;<\/h4>\n\n\n\n<p>La R\u00e9sistance iranienne a r\u00e9cemment r\u00e9v\u00e9l\u00e9 de nouvelles informations sur le lieu de <a href=\"https:\/\/wncri.org\/fr\/2025\/07\/04\/appel-urgent-pour-sauver-arghavan-fallahi\/\" target=\"_blank\" rel=\"noreferrer noopener\">d\u00e9tention d\u2019Arghavan Fallahi<\/a>, une jeune femme de 25 ans, ainsi que de trois autres prisonniers politiques affili\u00e9s \u00e0 l\u2019Organisation des Moudjahidine du peuple d\u2019Iran (OMPI).<\/p>\n\n\n\n<iframe class=\"lazyload\" data-src=\"https:\/\/www.buzzsprout.com\/1908986\/episodes\/17504814-appel-pour-sauver-les-prisonniers-politiques-en-iran-francais?client_source=small_player&#038;iframe=true\" loading=\"lazy\" width=\"100%\" height=\"200\" frameborder=\"0\" scrolling=\"no\" title='NCRI Women's Committee, Appel pour sauver les prisonniers politiques en Iran (Francais)'><\/iframe>\n\n\n\n<p>Ces prisonniers politiques subissent actuellement des tortures destin\u00e9es \u00e0 leur arracher des aveux forc\u00e9s et fabriqu\u00e9s, dans le cadre d\u2019une affaire mont\u00e9e de toutes pi\u00e8ces autour des assassinats de deux bourreaux notoires du r\u00e9gime cl\u00e9rical, les juges Mohammad Moghiseh et Ali Razini, tu\u00e9s le 18 janvier 2025.<\/p>\n\n\n\n<p>Seule femme parmi ces prisonniers politiques, Arghavan Fallahi a \u00e9t\u00e9 arr\u00eat\u00e9e le 25 janvier 2025 \u00e0 son domicile de <a href=\"https:\/\/en.wikipedia.org\/wiki\/Parand\" target=\"_blank\" rel=\"noreferrer noopener\">Parand<\/a>, pr\u00e8s de T\u00e9h\u00e9ran. Elle a d\u2019abord \u00e9t\u00e9 transf\u00e9r\u00e9e dans la section 241 de la prison d\u2019Evin, plac\u00e9e sous le contr\u00f4le de l\u2019Unit\u00e9 de protection du renseignement du pouvoir judiciaire. Apr\u00e8s pr\u00e8s de cinq mois d\u2019isolement total, elle a \u00e9t\u00e9 d\u00e9plac\u00e9e vers une cellule individuelle \u00e0 la prison de Fashafouyeh (aussi appel\u00e9e Grande prison de T\u00e9h\u00e9ran), \u00e0 la suite du bombardement et de l\u2019\u00e9vacuation d\u2019Evin. Depuis, elle reste enferm\u00e9e dans des conditions de pression psychologique et physique extr\u00eames, comme nombre de prisonniers politiques en Iran.<\/p>\n\n\n\n<p>Le dossier d\u2019Arghavan est entre les mains du juge Iman Afshari, tristement c\u00e9l\u00e8bre pour ses verdicts exp\u00e9ditifs, si\u00e9geant \u00e0 la 26e chambre du tribunal r\u00e9volutionnaire de T\u00e9h\u00e9ran \u2014 un organe largement instrumentalis\u00e9 pour pers\u00e9cuter les prisonniers politiques, en particulier les partisans de l\u2019OMPI, par le biais de condamnations lourdes et de violations syst\u00e9matiques des droits fondamentaux.<\/p>\n\n\n\n<p>Ce n\u2019est pas la premi\u00e8re fois qu\u2019Arghavan Fallahi est victime de la r\u00e9pression du r\u00e9gime. Elle avait d\u00e9j\u00e0 \u00e9t\u00e9 arr\u00eat\u00e9e lors du soul\u00e8vement national de novembre 2022, aux c\u00f4t\u00e9s de son p\u00e8re, Nasrollah Fallahi, lui-m\u00eame ancien prisonnier politique dans les ann\u00e9es 1980, aujourd\u2019hui \u00e9galement d\u00e9tenu \u00e0 Fashafouyeh.<\/p>\n\n\n\n<p>Les trois autres prisonniers politiques \u2014 Bijan Kazemi, Amirhossein Akbari Monfared, et son p\u00e8re Mohammad Akbari Monfared \u2014 sont eux aussi maintenus en isolement et soumis \u00e0 la torture. Les services de renseignement du r\u00e9gime les accusent d\u2019avoir jou\u00e9 un r\u00f4le dans la mort de Moghiseh et Razini. Par le biais d\u2019interrogatoires brutaux, les autorit\u00e9s cherchent \u00e0 b\u00e2tir un r\u00e9cit accusatoire reposant sur des aveux obtenus sous la contrainte.<\/p>\n\n\n\n<p>Devant cette situation critique, la R\u00e9sistance iranienne appelle urgemment le Haut-Commissaire des Nations Unies aux droits de l\u2019homme, le Conseil des droits de l\u2019homme de l\u2019ONU et le Rapporteur sp\u00e9cial sur la situation des droits humains en Iran \u00e0 intervenir imm\u00e9diatement. La vie d\u2019Arghavan Fallahi et de ces prisonniers politiques en danger doit \u00eatre prot\u00e9g\u00e9e sans d\u00e9lai<\/p>\n","protected":false},"excerpt":{"rendered":"<p>Appel pour sauver les prisonniers politiques en Iran&nbsp; La R\u00e9sistance iranienne a r\u00e9cemment r\u00e9v\u00e9l\u00e9 de nouvelles informations sur le lieu de d\u00e9tention d\u2019Arghavan Fallahi, une jeune femme de 25 ans, ainsi que de trois autres prisonniers politiques affili\u00e9s \u00e0 l\u2019Organisation des Moudjahidine du peuple d\u2019Iran (OMPI).<\/p>\n","protected":false},"author":4,"featured_media":23185,"comment_status":"closed","ping_status":"closed","sticky":false,"template":"","format":"standard","meta":{"jnews-multi-image_gallery":[],"jnews_single_post":{"format":"standard"},"jnews_primary_category":[],"jnews_social_meta":[],"jnews_override_counter":[],"footnotes":""},"categories":[431],"tags":[370],"class_list":["post-23184","post","type-post","status-publish","format-standard","has-post-thumbnail","hentry","category-podcast","tag-prisonnieres"],"_links":{"self":[{"href":"https:\/\/wncri.org\/fr\/wp-json\/wp\/v2\/posts\/23184","targetHints":{"allow":["GET"]}}],"collection":[{"href":"https:\/\/wncri.org\/fr\/wp-json\/wp\/v2\/posts"}],"about":[{"href":"https:\/\/wncri.org\/fr\/wp-json\/wp\/v2\/types\/post"}],"author":[{"embeddable":true,"href":"https:\/\/wncri.org\/fr\/wp-json\/wp\/v2\/users\/4"}],"replies":[{"embeddable":true,"href":"https:\/\/wncri.org\/fr\/wp-json\/wp\/v2\/comments?post=23184"}],"version-history":[{"count":3,"href":"https:\/\/wncri.org\/fr\/wp-json\/wp\/v2\/posts\/23184\/revisions"}],"predecessor-version":[{"id":23190,"href":"https:\/\/wncri.org\/fr\/wp-json\/wp\/v2\/posts\/23184\/revisions\/23190"}],"wp:featuredmedia":[{"embeddable":true,"href":"https:\/\/wncri.org\/fr\/wp-json\/wp\/v2\/media\/23185"}],"wp:attachment":[{"href":"https:\/\/wncri.org\/fr\/wp-json\/wp\/v2\/media?parent=23184"}],"wp:term":[{"taxonomy":"category","embeddable":true,"href":"https:\/\/wncri.org\/fr\/wp-json\/wp\/v2\/categories?post=23184"},{"taxonomy":"post_tag","embeddable":true,"href":"https:\/\/wncri.org\/fr\/wp-json\/wp\/v2\/tags?post=23184"}],"curies":[{"name":"wp","href":"https:\/\/api.w.org\/{rel}","templated":true}]}}