{"id":2318,"date":"2017-06-04T17:11:09","date_gmt":"2017-06-04T17:11:09","guid":{"rendered":"https:\/\/wncri.org\/frdev\/2017\/06\/04\/atena-daemi-54-jours-de-greve-de-la-faim-pour-etre-la-voix-des-sans-voix-en-iran\/"},"modified":"2017-06-04T17:11:09","modified_gmt":"2017-06-04T17:11:09","slug":"atena-daemi-54-jours-de-greve-de-la-faim-pour-etre-la-voix-des-sans-voix-en-iran","status":"publish","type":"post","link":"https:\/\/wncri.org\/fr\/2017\/06\/04\/atena-daemi-54-jours-de-greve-de-la-faim-pour-etre-la-voix-des-sans-voix-en-iran\/","title":{"rendered":"Atena Daemi : 54 jours de gr\u00e8ve de la faim pour \u00eatre la voix des sans voix en Iran"},"content":{"rendered":"<p><strong>CNRI Femmes &#8211; Voici la lettre de la prisonni\u00e8re politique en Iran Atena Daemi qui a mis fin \u00e0 sa gr\u00e8ve de la faim le 31 mai 2017, quand le tribunal a annul\u00e9 la pleine de prison pour ses s\u0153urs.<\/strong><\/p>\n<p>  <!--more-->  <\/p>\n<p><strong>\u00a0<\/strong>Je me suis mise en gr\u00e8ve de la faim pour \u00eatre la voix des sans voix. D&#8217;abord, ils ont harcel\u00e9 mon p\u00e8re. Ensuite, ils ont d\u00e9pos\u00e9 une nouvelle plainte et ont condamn\u00e9 mes s\u0153urs \u00e0 la prison. Une peine injuste et ill\u00e9gale destin\u00e9e \u00e0 nuire \u00e0 mes sentiments et \u00e0 me faire taire. Comme je l&#8217;ai dit aux autorit\u00e9s, peu importe que la peine de mes s\u0153urs soit d\u2019un jour ou d\u2019un an, qu&#8217;elle soit avec sursis ou ferme, je proteste contre le simple fait d&#8217;avoir pris en otage des familles de prisonniers politiques et de martyrs tomb\u00e9s pour libert\u00e9. Et sur cette voie, je n&#8217;ai pas peur de la mort. La mort sera mon dernier bunker.<\/p>\n<p>Je voulais \u00eatre la voix de tous ceux qui ont souffert en famille pendant toutes ces ann\u00e9es. Mes s\u0153urs ont \u00e9t\u00e9 mon excuse pour \u00eatre la voix de Maryam et Reza Akbari Monfared, dont quatre fr\u00e8res et s\u0153urs ont \u00e9t\u00e9 ex\u00e9cut\u00e9es il y a 38 ans. Ils sont tous deux emprisonn\u00e9s aujourd\u2019hui pour avoir r\u00e9clam\u00e9 justice. Apr\u00e8s avoir pass\u00e9 huit ans en prison sans un seul jour de permission de sortie, Maryam a \u00e9t\u00e9 convoqu\u00e9e r\u00e9cemment par les forces de s\u00e9curit\u00e9 et a menac\u00e9e une autre peine d&#8217;emprisonnement. Comme si l&#8217;ombre d&#8217;une peine injuste de 15 ans n&#8217;\u00e9tait pas suffisante pour ses trois petites filles.<\/p>\n<p>Je voulais \u00eatre la voix de Fatemeh Mosanna qui n&#8217;avait que 13 ans quand elle a \u00e9t\u00e9 arr\u00eat\u00e9e pour la premi\u00e8re fois alors que ses trois fr\u00e8res avaient \u00e9t\u00e9 ex\u00e9cut\u00e9s. Maintenant, elle et son mari, Hassan Sadeghi, sont en prison avec une peine de 15 ans.<\/p>\n<p>Je voulais \u00eatre la voix de Fariba Kamalabadi et Mahvash Sahriari qui sont d\u00e9j\u00e0 en prison depuis dix ans et qui n&#8217;ont pas pu assister aux mariages de leurs enfants. Je voulais \u00eatre la voix des m\u00e8res emprisonn\u00e9es. Du couple emprisonn\u00e9 Elham Farahani et Adel Namimi, dont le fils Shamim a \u00e9t\u00e9 r\u00e9cemment lib\u00e9r\u00e9 apr\u00e8s 4 ans de prison.<\/p>\n<p>Je voulais \u00eatre la voix d&#8217;Azita Rafizadeh et de son mari, Payman Koushky, dont l&#8217;enfant de 7 ans, Bashir, forge ses souvenirs d&#8217;enfance sur la route entre les prisons d\u2019Evine et de Raja\u00efchahr. Je voulais \u00eatre la voix des fr\u00e8res, Mehdi et Hossein Honarmandi, qui purgent leurs peine ensemble. S\u2019\u2019ils avaient \u00e9t\u00e9 des laquais du gouvernement, ils auraient \u00e9t\u00e9 certainement lib\u00e9r\u00e9s \u00e0 l&#8217;heure actuelle et le son de leurs instruments aurait assourdi le monde.<\/p>\n<p>Je voulais \u00eatre la voix des couples emprisonn\u00e9s. Afarine Neissari et Karen Vafadari dont la maison commune est [la prison d\u2019] Evine. Aussi la voix d&#8217;Arash et de Golrokh. Arash dont la m\u00e8re a \u00e9t\u00e9 tu\u00e9e par les forces de s\u00e9curit\u00e9, doit maintenant vivre sa vie avec Golrokh sous les hauts plafonds d&#8217;Evine en purgeant une lourde peine.<\/p>\n<p>Je voulais \u00eatre la voix de la famille Daneshpour. La voix des parents de Behnoud Ramezani qui ont \u00e9t\u00e9 condamn\u00e9s \u00e0 la prison pour avoir voulu savoir pourquoi leur fils a \u00e9t\u00e9 tu\u00e9.Je voulais \u00eatre la voix de Mansoureh Behkish qui a interrog\u00e9 sur la raison de l&#8217;ex\u00e9cution de ses six fr\u00e8res et s\u0153urs et o\u00f9 ils ont \u00e9t\u00e9 enterr\u00e9s et qui a re\u00e7u pour r\u00e9ponse une longue peine de prison. Ou la famille Zeinali qui a demand\u00e9 : \u00ab\u00a0O\u00f9 est notre fils, Sa\u00efd\u00a0\u00bb, et qui \u00e9t\u00e9 arr\u00eat\u00e9e et emprisonn\u00e9e.<\/p>\n<p>Je voulais \u00eatre la voix de notre m\u00e8re Chahnaz qui a dit : \u00ab\u00a0Tu as tu\u00e9 mon fils. Maintenant, au lieu de punir les auteurs du meurtre de Mostafa, lib\u00e8re tous les prisonniers politiques.\u00a0\u00bb \u00a0Mais voil\u00e0 qu\u2019elle est devenue elle-m\u00eame une prisonni\u00e8re politique.<\/p>\n<p>Je voulais \u00eatre la voix de Payman Arefi dont la m\u00e8re et la s\u0153ur innocentes ont \u00e9t\u00e9 tu\u00e9es dans un accident alors qu\u2019elles venaient lui rendre visite Ou la m\u00e8re de Mohsen Ghashgha\u00ef.Je voulais \u00eatre la voix de Zanyar et Loghman Moradi. Zanyar pr\u00e9f\u00e8re endurer la prison sans la visite de ses parents plut\u00f4t que de voir le calvaire de ses parents. Malgr\u00e9 son jeune \u00e2ge, Zanyar passe des jours amers sous la menace d\u2019une ex\u00e9cution.<\/p>\n<p>Je voulais \u00eatre la voix de tous les prisonniers kurdes qui font bravement face \u00e0 toute sorte de torture, \u00e0 des confession forc\u00e9es et enfin \u00e0 la potence pour prot\u00e9ger leurs familles contre les menaces des forces de s\u00e9curit\u00e9. Les chers fr\u00e8res Dehghani, Shahram, Bahram et Hamed Ahmadi. Il est terrible que le nombre des personnes arr\u00eat\u00e9es dans la famille Hossein Panahi au Kurdistan augmente de jour en jour.<\/p>\n<p>Je voulais \u00eatre la voix de Maryam Olangi dont le mari, Mohsen Dokmechi, est mort en prison en raison de la n\u00e9gligence des autorit\u00e9s et maintenant Maryam est en prison pour avoir pr\u00eat\u00e9 attention \u00e0 son mari.Je voulais \u00eatre la voix de Shabnam et Farzad Madadzadeh, Jila Bani Yaghub et Bahman Amouyi, Nika et Nava Kholoussi, Kayvan et Kamran Rahimian et Faran Hessami. La voix de Shamisse Mohajer et Shahab Dehghan et je voulais \u00eatre la voix de Parastou Forouhar et Masoumeh Dehghan, et la voix de Siamak et Bagher Namazi actuellement d\u00e9tenus en isolement cellulaire !<\/p>\n<p>Je voulais \u00eatre la voix de tous ceux qui ont quitt\u00e9 le pays par manque de s\u00e9curit\u00e9 apr\u00e8s avoir \u00e9t\u00e9 lib\u00e9r\u00e9s de prison. Qui pourrait comprendre les difficult\u00e9s de l&#8217;exil forc\u00e9 \u00e0 part eux et leurs familles?<\/p>\n<p>Je voulais aussi \u00eatre la voix de la pierre tombale de la m\u00e8re de Shahine Najafi (chanteuse exil\u00e9e) pendant qu\u2019ils \u00e9taient en train de la briser, pour dire que non seulement nous, les critiques, les opposants et les prisonniers politiques, mais aussi nos familles sont en danger d\u2019arrestation et d\u2019emprisonnement, en plus de toutes les menaces, les insultes et les pressions qu&#8217;elles doivent supporter en raison de la pers\u00e9cution de leurs proches.<\/p>\n<p>Il y a cinquante-quatre jours, j&#8217;ai commenc\u00e9 ma gr\u00e8ve de la faim, mais je ne voulais pas \u00eatre une pression suppl\u00e9mentaire pour mes compagnes de cellule qui souffrent. N\u00e9anmoins, durant tous ces jours o\u00f9 j&#8217;avais soif d&#8217;une seule goutte d&#8217;eau, je les voyais vomir leur vie \u00e0 chaque fois que je vomissais ou avais des naus\u00e9es. J&#8217;avais honte qu\u2019elles soient t\u00e9moin de mes souffrances. Leurs cris de protestation contre le manque d&#8217;attention des autorit\u00e9s devant mon \u00e9tat ont fait trembler les murs de la cellule. Elles ont \u00e9t\u00e9 menac\u00e9es et punies mais ne m&#8217;ont pas abandonn\u00e9e. Je m&#8217;incline devant chacune d\u2019elle.<\/p>\n<p>J&#8217;\u00e9tais en gr\u00e8ve de la faim pendant 54 jours et ma famille a \u00e9t\u00e9 tortur\u00e9e en me voyant monter dans un \u00e9tat de faiblesse les escaliers du parquet et du tribunal alors que les autorit\u00e9s n\u2019y attachaient pas d\u2019importance. Elle a fondu avec moi, et elle m\u2019a accompagn\u00e9e pour devenir ma voix par leur r\u00e9sistance courageuse et unique. Le minist\u00e8re du renseignement a menac\u00e9 mes parents, mais ils ont fermement r\u00e9sist\u00e9 et continu\u00e9 \u00e0 me soutenir. J&#8217;embrasse les pieds fatigu\u00e9s de mon p\u00e8re et les mains de ma m\u00e8re qui \u00e9crivaient pour moi. J&#8217;embrasse les yeux pleins de larmes de mes s\u0153urs qui ne voulaient pas me voir blesser pour elles, alors qu&#8217;en r\u00e9alit\u00e9 elles \u00e9taient celles qui avaient \u00e9t\u00e9 cibl\u00e9es \u00e0 cause de moi. Je les remercie d&#8217;\u00eatre \u00e0 mes c\u00f4t\u00e9s.<\/p>\n<p>Oui, je voulais \u00eatre la voix des sans voix, mais j&#8217;ai \u00e9t\u00e9 \u00e9cras\u00e9e par la propagande au plus fort de la campagne \u00e9lectorale.<\/p>\n<p>Cependant, c&#8217;est vous, les gens honorables qui \u00eates devenus ma voix et qui \u00eates rest\u00e9s avec ma famille. Je ne vous connais pas et je ne vous connaitrai jamais. Ou les amis sinc\u00e8res qui ont toujours \u00e9t\u00e9 \u00e0 c\u00f4t\u00e9 de moi. Sans vous, je n&#8217;aurais jamais r\u00e9ussi au bout de 54 jours. Certes, je dois nommer beaucoup de personnes mais je ne peux pas pour des raisons de s\u00e9curit\u00e9.<\/p>\n<p>Au bout de 54 jours, ce n&#8217;est pas moi, mais vous, qui avez r\u00e9ussi avec votre ample soutien, vos stylos, vos cris, vos po\u00e8mes, vos chansons, vos peintures, etc. Vous avez remport\u00e9 cette victoire par tous les moyens possibles, ce qui est tr\u00e8s doux pour nous tous.Je remercie toutes les organisations de d\u00e9fense des droits humains.Apr\u00e8s 54 jours de gr\u00e8ve de la faim, vous et moi, avons gagn\u00e9 le verdict de non-lieu de mes s\u0153urs et ce n&#8217;est que le d\u00e9but.<\/p>\n<p>C&#8217;est le d\u00e9but du chemin de r\u00e9sistance \u00e0 la pers\u00e9cution et au harc\u00e8lement des familles des martyrs et des prisonniers politiques.Avec cette victoire qui a \u00e9t\u00e9 rendue possible avec votre soutien, chers amis et sympathisants, je termine cette gr\u00e8ve de la faim le 31 mai 2017. Et je remercie tous vos compagnons.Dans l&#8217;espoir de la libert\u00e9<\/p>\n<p>Atena Daemi<\/p>\n<p>31 mai 2017<\/p>\n<p>Section des femmes de la prison d\u2019Evine<\/p><\/p>\n","protected":false},"excerpt":{"rendered":"<p>CNRI Femmes &#8211; Voici la lettre de la prisonni\u00e8re politique en Iran Atena Daemi qui a mis fin \u00e0 sa gr\u00e8ve de la faim le 31 mai 2017, quand le tribunal a annul\u00e9 la pleine de prison pour ses s\u0153urs.<\/p>\n","protected":false},"author":1,"featured_media":4928,"comment_status":"open","ping_status":"open","sticky":false,"template":"","format":"standard","meta":{"jnews-multi-image_gallery":[],"jnews_single_post":[],"jnews_primary_category":[],"jnews_social_meta":[],"jnews_override_counter":[],"footnotes":""},"categories":[8],"tags":[],"class_list":["post-2318","post","type-post","status-publish","format-standard","has-post-thumbnail","hentry","category-articles"],"_links":{"self":[{"href":"https:\/\/wncri.org\/fr\/wp-json\/wp\/v2\/posts\/2318","targetHints":{"allow":["GET"]}}],"collection":[{"href":"https:\/\/wncri.org\/fr\/wp-json\/wp\/v2\/posts"}],"about":[{"href":"https:\/\/wncri.org\/fr\/wp-json\/wp\/v2\/types\/post"}],"author":[{"embeddable":true,"href":"https:\/\/wncri.org\/fr\/wp-json\/wp\/v2\/users\/1"}],"replies":[{"embeddable":true,"href":"https:\/\/wncri.org\/fr\/wp-json\/wp\/v2\/comments?post=2318"}],"version-history":[{"count":0,"href":"https:\/\/wncri.org\/fr\/wp-json\/wp\/v2\/posts\/2318\/revisions"}],"wp:featuredmedia":[{"embeddable":true,"href":"https:\/\/wncri.org\/fr\/wp-json\/wp\/v2\/media\/4928"}],"wp:attachment":[{"href":"https:\/\/wncri.org\/fr\/wp-json\/wp\/v2\/media?parent=2318"}],"wp:term":[{"taxonomy":"category","embeddable":true,"href":"https:\/\/wncri.org\/fr\/wp-json\/wp\/v2\/categories?post=2318"},{"taxonomy":"post_tag","embeddable":true,"href":"https:\/\/wncri.org\/fr\/wp-json\/wp\/v2\/tags?post=2318"}],"curies":[{"name":"wp","href":"https:\/\/api.w.org\/{rel}","templated":true}]}}