{"id":23172,"date":"2025-07-14T18:27:20","date_gmt":"2025-07-14T16:27:20","guid":{"rendered":"https:\/\/wncri.org\/fr\/?p=23172"},"modified":"2025-07-25T17:16:57","modified_gmt":"2025-07-25T15:16:57","slug":"crise-humanitaire-a-la-prison-de-qarchak","status":"publish","type":"post","link":"https:\/\/wncri.org\/fr\/2025\/07\/14\/crise-humanitaire-a-la-prison-de-qarchak\/","title":{"rendered":"Crise humanitaire \u00e0 la prison de Qarchak : la vie des prisonni\u00e8res politiques en danger"},"content":{"rendered":"\n<h4 class=\"wp-block-heading\">Les prisonni\u00e8res politiques r\u00e9cemment <a href=\"https:\/\/wncri.org\/fr\/2025\/06\/27\/prison-de-qarchak-prisonnieres-politiques\/\" target=\"_blank\" rel=\"noreferrer noopener\">transf\u00e9r\u00e9es de la prison d\u2019Evin<\/a> \u00e0 la prison de Qarchak, \u00e0 <a href=\"https:\/\/fr.wikipedia.org\/wiki\/Varamin\" target=\"_blank\" rel=\"noreferrer noopener\">Varamin<\/a>, sont d\u00e9tenues dans des conditions \u00e9pouvantables, inhumaines et dangereusement inf\u00e9rieures aux normes. Leur sant\u00e9, leur dignit\u00e9 et m\u00eame leur vie sont d\u00e9sormais gravement et imm\u00e9diatement menac\u00e9es.<\/h4>\n\n\n\n<p>Ce transfert a eu lieu \u00e0 la suite de la destruction de la prison d\u2019Evin le 23 juin 2025. Les femmes n\u2019ont pas \u00e9t\u00e9 transf\u00e9r\u00e9es dans un centre adapt\u00e9, mais dans un hall abandonn\u00e9 de la <a href=\"https:\/\/wncri.org\/fr\/2020\/04\/20\/regard-sur-la-situation-tragique-a-la-prison-pour-femmes-de-qarchak-en-iran\/\" target=\"_blank\" rel=\"noreferrer noopener\">prison de Qarchak<\/a>, autrefois utilis\u00e9 pour la d\u00e9tention de personnes d\u00e9pendantes aux drogues.<\/p>\n\n\n\n<p>Le lieu \u00e9tait dans un \u00e9tat de salet\u00e9 extr\u00eame, impr\u00e9gn\u00e9 de l\u2019odeur de putr\u00e9faction, infest\u00e9 de rongeurs et totalement d\u00e9pourvu de ventilation. Les prisonni\u00e8res elles-m\u00eames sans aucune aide officielle ont tent\u00e9 de nettoyer les lieux autant que possible. Malgr\u00e9 cela, les conditions restent inacceptables et constituent une violation flagrante des droits humains fondamentaux.<\/p>\n\n\n\n<h3 class=\"wp-block-heading\"><strong>Qarchak : une prison dans la prison<\/strong><\/h3>\n\n\n\n<p>Environ 60 prisonni\u00e8res politiques sont actuellement maintenues en quarantaine forc\u00e9e dans cette aile isol\u00e9e. Elles sont compl\u00e8tement coup\u00e9es du reste de la prison.<\/p>\n\n\n\n<p>L\u2019espace ne dispose que de trois toilettes et trois douches pour l\u2019ensemble des d\u00e9tenues.<\/p>\n\n\n\n<p>La surpopulation est critique : dans une pi\u00e8ce de 20 m\u00e8tres carr\u00e9s, 13 femmes sont entass\u00e9es, rendant impossible tout repos ou mouvement ad\u00e9quat. Nombre d\u2019entre elles, notamment les personnes \u00e2g\u00e9es ou malades, sont contraintes de dormir \u00e0 m\u00eame le sol<\/p>\n\n\n\n<p>La situation est aggrav\u00e9e par l\u2019insalubrit\u00e9 : eaux us\u00e9es stagnantes, rats et insectes ont transform\u00e9 le lieu en foyer de maladies. Le syst\u00e8me de climatisation d\u00e9gage de mauvaises odeurs, et l\u2019absence de ventilation ad\u00e9quate rend l\u2019air \u00e9touffant, chaud, humide et malsain.<\/p>\n\n\n\n<h3 class=\"wp-block-heading\"><strong>Isolement et privation de soins m\u00e9dicaux<\/strong><\/h3>\n\n\n\n<p>Les prisonni\u00e8res se voient refuser tout contact r\u00e9gulier avec leurs familles. L\u2019acc\u00e8s \u00e0 la biblioth\u00e8que, aux soins m\u00e9dicaux et aux m\u00e9dicaments essentiels est fortement limit\u00e9 voire totalement interrompu. De nombreuses femmes n\u2019ont toujours pas re\u00e7u leurs effets personnels et traitements prescrits, rest\u00e9s \u00e0 la prison d\u2019Evin.<\/p>\n\n\n\n<h3 class=\"wp-block-heading\"><strong>Sant\u00e9 critique de plusieurs prisonni\u00e8res politiques<\/strong><\/h3>\n\n\n\n<p>La d\u00e9gradation de l\u2019\u00e9tat de sant\u00e9 de plusieurs d\u00e9tenues est particuli\u00e8rement pr\u00e9occupante :<\/p>\n\n\n\n<p><a href=\"https:\/\/wncri.org\/fr\/2025\/07\/07\/la-vie-dazar-korvandi-63prison-de-qarchak\/\" target=\"_blank\" rel=\"noreferrer noopener\"><strong>Azar Korvandi<\/strong><\/a> souffre de graves troubles cardiaques, de pertes d\u2019audition et d\u2019une hernie discale cervicale. Son \u00e9tat se d\u00e9t\u00e9riore en raison de l\u2019absence de soins sp\u00e9cialis\u00e9s.<\/p>\n\n\n\n<p><a href=\"https:\/\/wncri.org\/fr\/2025\/03\/13\/raheleh-rahemipour-72-ans-condamnee-a-plus-de-4-ans-de-prison\/\" target=\"_blank\" rel=\"noreferrer noopener\"><strong>Raheleh Rahemipour<\/strong><\/a>, ainsi que plusieurs autres femmes de plus de 70 ans, ne supportent pas les conditions de d\u00e9tention et subissent des troubles li\u00e9s \u00e0 l\u2019\u00e2ge sans aucun suivi m\u00e9dical.<\/p>\n\n\n\n<p><a href=\"https:\/\/wncri.org\/fr\/2024\/08\/01\/moloud-safaei\/\" target=\"_blank\" rel=\"noreferrer noopener\"><strong>Moloud Safaei<\/strong><\/a> a besoin d\u2019une op\u00e9ration urgente pour une hernie diaphragmatique et a subi une perte de vision due \u00e0 une cataracte non trait\u00e9e. Malgr\u00e9 les promesses, elle n\u2019a pas b\u00e9n\u00e9fici\u00e9 d\u2019un cong\u00e9 m\u00e9dical.<\/p>\n\n\n\n<p><a href=\"https:\/\/wncri.org\/fr\/2024\/10\/28\/parvin-mirasan-67-ans-soin-medicaux\/\" target=\"_blank\" rel=\"noreferrer noopener\"><strong>Parvin Mirasan<\/strong><\/a> vit avec de multiples maladies chroniques, dont le diab\u00e8te, la maladie de Parkinson, des adh\u00e9rences intestinales et des troubles articulaires sans acc\u00e8s aux traitements n\u00e9cessaires.<\/p>\n\n\n\n<p><a href=\"https:\/\/wncri.org\/2020\/10\/27\/political-prisoner-maryam-banou-nassiri-transferred-to-qarchak-prison\/\" target=\"_blank\" rel=\"noreferrer noopener\"><strong>Maryam Banou Nassiri<\/strong><\/a> souffre d\u2019apn\u00e9e du sommeil, de troubles respiratoires et d\u2019ulc\u00e8res gastriques. L\u2019absence de m\u00e9dicaments a mis sa vie en danger.<\/p>\n\n\n\n<p>D\u2019autres d\u00e9tenues atteintes de maladies chroniques comme l\u2019hypertension, le diab\u00e8te ou des pathologies cardiaques sont elles aussi gravement menac\u00e9es en raison du manque total de soins m\u00e9dicaux.<\/p>\n\n\n<div class=\"wp-block-image\">\n<figure class=\"aligncenter size-full\"><img decoding=\"async\" src=\"data:image\/gif;base64,R0lGODlhAQABAIAAAAAAAP\/\/\/yH5BAEAAAAALAAAAAABAAEAAAIBRAA7\" data-src=\"https:\/\/wncri.org\/fr\/wp-content\/uploads\/2022\/07\/The-mothers-ward-min.jpg\" alt=\"Crise humanitaire \u00e0 la prison de Qarchak : la vie des prisonni\u00e8res politiques en danger\" class=\"wp-image-16054 lazyload\"\/><noscript><img decoding=\"async\" width=\"792\" height=\"493\" src=\"https:\/\/wncri.org\/fr\/wp-content\/uploads\/2022\/07\/The-mothers-ward-min.jpg\" alt=\"Crise humanitaire \u00e0 la prison de Qarchak : la vie des prisonni\u00e8res politiques en danger\" class=\"wp-image-16054 lazyload\" srcset=\"https:\/\/wncri.org\/fr\/wp-content\/uploads\/2022\/07\/The-mothers-ward-min.jpg 792w, https:\/\/wncri.org\/fr\/wp-content\/uploads\/2022\/07\/The-mothers-ward-min-300x187.jpg 300w, https:\/\/wncri.org\/fr\/wp-content\/uploads\/2022\/07\/The-mothers-ward-min-768x478.jpg 768w, https:\/\/wncri.org\/fr\/wp-content\/uploads\/2022\/07\/The-mothers-ward-min-750x467.jpg 750w\" sizes=\"(max-width: 792px) 100vw, 792px\" \/><\/noscript><figcaption class=\"wp-element-caption\">prison de Qarchak<\/figcaption><\/figure>\n<\/div>\n\n\n<h3 class=\"wp-block-heading\"><strong>Violations syst\u00e9matiques des droits humains \u00e0 la prison de Qarchak<\/strong><\/h3>\n\n\n\n<p>La tristement c\u00e9l\u00e8bre prison de Qarchak, \u00e0 Varamin, est la seule prison r\u00e9serv\u00e9e aux femmes en Iran utilis\u00e9e pour incarc\u00e9rer \u00e0 la fois des femmes condamn\u00e9es pour des d\u00e9lits violents et des prisonni\u00e8res politiques en exil int\u00e9rieur. Il n\u2019y a aucune s\u00e9paration des d\u00e9lits : les prisonni\u00e8res politiques sont d\u00e9tenues aux c\u00f4t\u00e9s de criminelles dangereuses. En un mot, les conditions \u00e0 la prison de Qarchak sont abominables.<\/p>\n\n\n\n<p>\u00c9galement connue sous le nom de prison de Chahr-e Rey, la prison de Qarchak est une ancienne ferme industrielle de volailles, situ\u00e9e dans une zone d\u00e9sertique \u00e0 l\u2019est de T\u00e9h\u00e9ran. Elle est tr\u00e8s en de\u00e7\u00e0 des normes internationales. Environ 2\u202f000 d\u00e9tenues y sont enferm\u00e9es dans des conditions de surpopulation extr\u00eame et d\u2019insalubrit\u00e9, sans acc\u00e8s \u00e0 de l\u2019eau potable, \u00e0 une nourriture d\u00e9cente, \u00e0 des soins m\u00e9dicaux ou \u00e0 de l\u2019air frais.<\/p>\n","protected":false},"excerpt":{"rendered":"<p>Les prisonni\u00e8res politiques r\u00e9cemment transf\u00e9r\u00e9es de la prison d\u2019Evin \u00e0 la prison de Qarchak, \u00e0 Varamin, sont d\u00e9tenues dans des conditions \u00e9pouvantables, inhumaines et dangereusement inf\u00e9rieures aux normes. Leur sant\u00e9, leur dignit\u00e9 et m\u00eame leur vie sont d\u00e9sormais gravement et imm\u00e9diatement menac\u00e9es. Ce transfert a eu lieu \u00e0 la suite de la destruction de la [&hellip;]<\/p>\n","protected":false},"author":4,"featured_media":21681,"comment_status":"closed","ping_status":"closed","sticky":false,"template":"","format":"standard","meta":{"jnews-multi-image_gallery":[],"jnews_single_post":{"format":"standard"},"jnews_primary_category":[],"jnews_social_meta":[],"jnews_override_counter":[],"footnotes":""},"categories":[8],"tags":[],"class_list":["post-23172","post","type-post","status-publish","format-standard","has-post-thumbnail","hentry","category-articles"],"_links":{"self":[{"href":"https:\/\/wncri.org\/fr\/wp-json\/wp\/v2\/posts\/23172","targetHints":{"allow":["GET"]}}],"collection":[{"href":"https:\/\/wncri.org\/fr\/wp-json\/wp\/v2\/posts"}],"about":[{"href":"https:\/\/wncri.org\/fr\/wp-json\/wp\/v2\/types\/post"}],"author":[{"embeddable":true,"href":"https:\/\/wncri.org\/fr\/wp-json\/wp\/v2\/users\/4"}],"replies":[{"embeddable":true,"href":"https:\/\/wncri.org\/fr\/wp-json\/wp\/v2\/comments?post=23172"}],"version-history":[{"count":1,"href":"https:\/\/wncri.org\/fr\/wp-json\/wp\/v2\/posts\/23172\/revisions"}],"predecessor-version":[{"id":23173,"href":"https:\/\/wncri.org\/fr\/wp-json\/wp\/v2\/posts\/23172\/revisions\/23173"}],"wp:featuredmedia":[{"embeddable":true,"href":"https:\/\/wncri.org\/fr\/wp-json\/wp\/v2\/media\/21681"}],"wp:attachment":[{"href":"https:\/\/wncri.org\/fr\/wp-json\/wp\/v2\/media?parent=23172"}],"wp:term":[{"taxonomy":"category","embeddable":true,"href":"https:\/\/wncri.org\/fr\/wp-json\/wp\/v2\/categories?post=23172"},{"taxonomy":"post_tag","embeddable":true,"href":"https:\/\/wncri.org\/fr\/wp-json\/wp\/v2\/tags?post=23172"}],"curies":[{"name":"wp","href":"https:\/\/api.w.org\/{rel}","templated":true}]}}