{"id":23042,"date":"2025-06-30T23:06:16","date_gmt":"2025-06-30T21:06:16","guid":{"rendered":"https:\/\/wncri.org\/fr\/?p=23042"},"modified":"2025-07-01T23:08:04","modified_gmt":"2025-07-01T21:08:04","slug":"rapport-de-juin-2025-feminicide-en-iran","status":"publish","type":"post","link":"https:\/\/wncri.org\/fr\/2025\/06\/30\/rapport-de-juin-2025-feminicide-en-iran\/","title":{"rendered":"Rapport de juin 2025 : f\u00e9minicide, la violence structurelle en Iran"},"content":{"rendered":"\n<h2 class=\"wp-block-heading\"><strong>Des lois enterr\u00e9es au f\u00e9minicide : la violence structurelle comme politique d\u2019\u00c9tat en Iran<\/strong><\/h2>\n\n\n\n<div data-wp-interactive=\"core\/file\" class=\"wp-block-file\"><object data-wp-bind--hidden=\"!state.hasPdfPreview\" hidden class=\"wp-block-file__embed\" data=\"https:\/\/wncri.org\/fr\/wp-content\/uploads\/2025\/06\/Monthly-June-2025_FR-min.pdf\" type=\"application\/pdf\" style=\"width:100%;height:600px\" aria-label=\"Embed of Monthly  June 2025_FR-min.\"><\/object><a id=\"wp-block-file--media-7e3fd6f1-b72e-4b93-b4cc-c925597ac101\" href=\"https:\/\/wncri.org\/fr\/wp-content\/uploads\/2025\/06\/Monthly-June-2025_FR-min.pdf\">Monthly  June 2025_FR-min<\/a><a href=\"https:\/\/wncri.org\/fr\/wp-content\/uploads\/2025\/06\/Monthly-June-2025_FR-min.pdf\" class=\"wp-block-file__button wp-element-button\" download aria-describedby=\"wp-block-file--media-7e3fd6f1-b72e-4b93-b4cc-c925597ac101\">Download<\/a><\/div>\n\n\n\n<p>Rapport de juin 2025 &#8211; La violence contre les femmes en Iran est en augmentation. Sous le r\u00e9gime cl\u00e9rical misogyne, la violence contre les femmes n\u2019est pas un ph\u00e9nom\u00e8ne isol\u00e9, mais un \u00e9l\u00e9ment fondamental de la structure culturelle impos\u00e9e par le r\u00e9gime.<\/p>\n\n\n\n<p>En raison de lois r\u00e9pressives et de l\u2019absence de protection juridique pour les femmes battues combin\u00e9es \u00e0 l\u2019absence de criminalisation des violences domestiques ou des violences sexistes dans les lieux de travail et les espaces publics et de l\u2019absence de soutien l\u00e9gal pour les femmes et les filles sous un r\u00e9gime qui a lui-m\u00eame institutionnalis\u00e9 la violence contre les femmes, nous assistons \u00e0 une augmentation quotidienne des cas de violence, en particulier des meurtres de femmes commis par leurs maris, des membres de leur famille ou dans la soci\u00e9t\u00e9 en g\u00e9n\u00e9ral.<\/p>\n\n\n\n<p>Les soi-disant \u00ab crimes d\u2019honneur \u00bb et les meurtres li\u00e9s \u00e0 la famille sont un ph\u00e9nom\u00e8ne r\u00e9current et de plus en plus fr\u00e9quent en Iran. Les auteurs \u00e9chappent souvent \u00e0 la justice en exploitant les lois profond\u00e9ment misogynes du r\u00e9gime et ses failles juridiques. Des termes comme \u00ab honneur \u00bb et m\u00eame \u00ab violence domestique \u00bb sont ancr\u00e9s dans ce cadre juridique discriminatoire et ont \u00e9t\u00e9 renforc\u00e9s au fil des d\u00e9cennies par les m\u00e9dias d\u2019\u00c9tat et les structures institutionnelles, int\u00e9grant la violence sexiste dans le tissu m\u00eame de la soci\u00e9t\u00e9.<\/p>\n\n\n\n<p>L\u2019absence de l\u00e9gislation protectrice, associ\u00e9e \u00e0 la discrimination juridique, laisse les femmes sans d\u00e9fense face \u00e0 la violence. Dans la plupart des cas, les victimes de violences sexuelles sont \u00e9galement r\u00e9duites au silence, par peur du rejet social et en raison de l\u2019absence de soutien l\u00e9gal.<\/p>\n\n\n\n<p>Dans ce contexte, un projet de loi visant \u00e0 pr\u00e9venir la violence contre les femmes n\u2019a toujours pas \u00e9t\u00e9 adopt\u00e9 apr\u00e8s 14 ans. Parall\u00e8lement, Zahra Behrouz Azar, actuelle directrice du bureau pr\u00e9sidentiel pour les affaires des femmes et de la famille, a r\u00e9cemment r\u00e9v\u00e9l\u00e9 que les statistiques sur la violence faite aux femmes sont classifi\u00e9es.<\/p>\n\n\n\n<p>Zahra Behrouz Azar a d\u00e9clar\u00e9 : \u00ab <em>Nous sommes toujours dans une situation o\u00f9 le taux de violence et de maltraitance conjugale \u00e0 l\u2019encontre des femmes est 30 fois plus \u00e9lev\u00e9 que celui subi par les hommes. Malheureusement, ces donn\u00e9es restent classifi\u00e9es. Comme ces informations sont tenues secr\u00e8tes, lorsque nous essayons de pr\u00e9senter le projet de loi sur la violence contre les femmes au Parlement et d\u2019en parler, on nous r\u00e9pond : \u2018Quelle violence ? O\u00f9 voyez-vous de la violence contre les femmes ? O\u00f9 voyez-vous de la maltraitance conjugale ? Et m\u00eame s\u2019il y en a, c\u2019est pareil pour les hommes.\u2019 \u00bb (Agence de presse officielle ISNA \u2013 7 juin 2025)<\/em><\/p>\n\n\n\n<p>Nous parlons de la mont\u00e9e des crimes dits d\u2019honneur et des meurtres familiaux, et ce ph\u00e9nom\u00e8ne ne se limite pas aux zones d\u00e9favoris\u00e9es ou \u00e0 certains groupes ethniques. Malheureusement, la violence contre les femmes et les diverses formes de violence domestique sont \u00e9galement observ\u00e9es dans les villes, les milieux modernes et m\u00eame parmi les classes instruites.<strong><br><\/strong><\/p>\n\n\n\n<h3 class=\"wp-block-heading\"><strong>La profondeur de la trag\u00e9die : la mont\u00e9e du f\u00e9minicide en Iran<\/strong><\/h3>\n\n\n\n<p>Le f\u00e9minicide \u2014 l\u2019une des formes les plus extr\u00eames de<a href=\"https:\/\/wncri.org\/fr\/2025\/06\/19\/feminicide-en-iran-9-femmes-tuees\/\" target=\"_blank\" rel=\"noreferrer noopener\"> violence contre les femmes<\/a> \u2014 continue d\u2019augmenter. Selon les d\u00e9clarations des responsables du r\u00e9gime, 66 % des femmes en Iran subissent des violences au cours de leur vie. <em>(ISNA \u2013 16 novembre 2018)<\/em><\/p>\n\n\n\n<p>Ce chiffre est deux fois sup\u00e9rieur \u00e0 la moyenne mondiale.<\/p>\n\n\n\n<p>Le 18 mai 2014, le chef adjoint de la police criminelle de T\u00e9h\u00e9ran a annonc\u00e9 que 20 % des meurtres commis en Iran sont des crimes dits d\u2019honneur. Il a ajout\u00e9 que 61 % de ces meurtres sont commis par des membres de la famille des victimes.<\/p>\n\n\n\n<p>En d\u00e9cembre 2019, ISNA rapportait \u2014 en se basant sur des recherches universitaires \u2014 qu\u2019entre 375 et 450 crimes d\u2019honneur ont lieu chaque ann\u00e9e en Iran. Ces meurtres repr\u00e9sentent environ 20 % de l\u2019ensemble des homicides et 50 % des meurtres domestiques dans le pays.<\/p>\n\n\n\n<p>Certains experts en Iran estiment que le r\u00e9gime cl\u00e9rical d\u00e9tient le taux le plus \u00e9lev\u00e9 de violences domestiques contre les femmes au monde. <em>(Mohammad Reza Mahboubfar \u2013 Journal Jahan-e Sanat, 19 novembre 2020)<\/em><\/p>\n\n\n\n<p>Il est important de noter que les meurtres de femmes sont tr\u00e8s peu couverts par les m\u00e9dias iraniens. Les nouvelles \u00e9parses et les informations quotidiennes ne r\u00e9v\u00e8lent que la partie \u00e9merg\u00e9e de l\u2019iceberg, car nombre de ces crimes restent cach\u00e9s derri\u00e8re des portes closes et ne sont jamais rendus publics. <em>(Khabar Online \u2013 5 avril 2025)<\/em><\/p>\n\n\n\n<p>Une comparaison statistique met en \u00e9vidence l\u2019augmentation alarmante des crimes d\u2019honneur et des f\u00e9minicides en Iran.<\/p>\n\n\n\n<p>Selon les donn\u00e9es compil\u00e9es \u00e0 partir de sources publiques par la Commission des Femmes du Conseil National de la R\u00e9sistance Iranienne (CNRI) :<\/p>\n\n\n\n<p>Le <a href=\"https:\/\/wncri.org\/fr\/2024\/11\/24\/feminicide-crimes-impunis-iran\/\" target=\"_blank\" rel=\"noreferrer noopener\">nombre de crimes<\/a> dits d\u2019honneur et de f\u00e9minicides en 2023 s\u2019\u00e9levait \u00e0 <a href=\"https:\/\/wncri.org\/fr\/2024\/03\/14\/le-rapport-annuel-2024-cnrifemmes\/\" target=\"_blank\" rel=\"noreferrer noopener\">105 femmes<\/a>, dont 39 cas durant le premier semestre.<\/p>\n\n\n\n<p>En 2024, ce chiffre est mont\u00e9 \u00e0 165 femmes, dont 90 assassin\u00e9es au cours des six premiers mois.<\/p>\n\n\n\n<p>Et rien que sur le premier semestre 2025, la Commission des Femmes du CNRI a signal\u00e9 104 femmes tu\u00e9es.<\/p>\n\n\n<div class=\"wp-block-image\">\n<figure class=\"aligncenter size-full\"><img decoding=\"async\" src=\"data:image\/gif;base64,R0lGODlhAQABAIAAAAAAAP\/\/\/yH5BAEAAAAALAAAAAABAAEAAAIBRAA7\" data-src=\"https:\/\/wncri.org\/fr\/wp-content\/uploads\/2025\/06\/image.png\" alt=\"\" class=\"wp-image-23043 lazyload\"\/><noscript><img decoding=\"async\" width=\"533\" height=\"276\" src=\"https:\/\/wncri.org\/fr\/wp-content\/uploads\/2025\/06\/image.png\" alt=\"\" class=\"wp-image-23043 lazyload\" srcset=\"https:\/\/wncri.org\/fr\/wp-content\/uploads\/2025\/06\/image.png 533w, https:\/\/wncri.org\/fr\/wp-content\/uploads\/2025\/06\/image-300x155.png 300w\" sizes=\"(max-width: 533px) 100vw, 533px\" \/><\/noscript><\/figure>\n<\/div>\n\n\n<p><\/p>\n\n\n\n<h3 class=\"wp-block-heading\"><strong>Le meurtre d\u2019une championne de bras de fer : un produit de la politique misogyne<\/strong><\/h3>\n\n\n\n<p>Les meurtres de femmes et de filles sous divers pr\u00e9textes font quotidiennement la une des m\u00e9dias d\u2019\u00c9tat comme des m\u00e9dias ind\u00e9pendants en Iran. L\u2019un des cas les plus choquants de juin est celui de <a href=\"https:\/\/wncri.org\/fr\/2025\/06\/19\/feminicide-en-iran-9-femmes-tuees\/\" target=\"_blank\" rel=\"noreferrer noopener\">Hanieh Behboudi<\/a>, championne f\u00e9minine de bras de fer.<\/p>\n\n\n\n<p>Ce n\u2019\u00e9tait pas simplement un crime familial : c\u2019\u00e9tait le reflet direct de politiques et d\u2019id\u00e9ologies qui nient aux femmes le droit de disposer de leur propre vie.<\/p>\n\n\n\n<p>Hanieh Behboudi a \u00e9t\u00e9 assassin\u00e9e par son mari dans la soir\u00e9e du 5 juin 2025, dans la ville de Fariman (nord-est de l\u2019Iran, pr\u00e8s de Machhad).<\/p>\n\n\n\n<p>Elle avait 24 ans et \u00e9tait m\u00e8re d\u2019une fillette de quatre ans. Apr\u00e8s avoir remport\u00e9 une comp\u00e9tition f\u00e9minine de bras de fer \u00e0 Gorgan (nord de l\u2019Iran), Hanieh avait post\u00e9 sur Instagram une photo de ses mains. Les nombreux compliments et la reconnaissance qu\u2019elle a re\u00e7us dans sa ville natale ont d\u00e9clench\u00e9 une violente r\u00e9action de son mari.<\/p>\n\n\n\n<p>Hanieh avait d\u00e9j\u00e0 \u00e9t\u00e9 victime de violences conjugales. Le soir du meurtre, son mari a d\u2019abord conduit leur fille chez la m\u00e8re de Hanieh, puis a attir\u00e9 Hanieh \u00e0 la maison sous le pr\u00e9texte d\u2019une sortie ensemble. Il lui a d\u2019abord fractur\u00e9 les deux poignets, puis l\u2019a \u00e9trangl\u00e9e. Enfin, il a coup\u00e9 les veines de ses deux mains pour tenter de faire passer le meurtre pour un suicide.<\/p>\n\n\n<div class=\"wp-block-image\">\n<figure class=\"aligncenter size-full\"><img decoding=\"async\" src=\"data:image\/gif;base64,R0lGODlhAQABAIAAAAAAAP\/\/\/yH5BAEAAAAALAAAAAABAAEAAAIBRAA7\" data-src=\"https:\/\/wncri.org\/fr\/wp-content\/uploads\/2025\/06\/NCRI-women-Hanieh-Behboudi-min.jpg\" alt=\"\" class=\"wp-image-23047 lazyload\"\/><noscript><img decoding=\"async\" width=\"750\" height=\"375\" src=\"https:\/\/wncri.org\/fr\/wp-content\/uploads\/2025\/06\/NCRI-women-Hanieh-Behboudi-min.jpg\" alt=\"\" class=\"wp-image-23047 lazyload\" srcset=\"https:\/\/wncri.org\/fr\/wp-content\/uploads\/2025\/06\/NCRI-women-Hanieh-Behboudi-min.jpg 750w, https:\/\/wncri.org\/fr\/wp-content\/uploads\/2025\/06\/NCRI-women-Hanieh-Behboudi-min-300x150.jpg 300w, https:\/\/wncri.org\/fr\/wp-content\/uploads\/2025\/06\/NCRI-women-Hanieh-Behboudi-min-360x180.jpg 360w\" sizes=\"(max-width: 750px) 100vw, 750px\" \/><\/noscript><figcaption class=\"wp-element-caption\"><strong>Hanieh Behboudi<\/strong><\/figcaption><\/figure>\n<\/div>\n\n\n<h3 class=\"wp-block-heading\"><strong>Les meurtres de femmes et de filles en juin<\/strong><\/h3>\n\n\n\n<p>Selon les donn\u00e9es recueillies par la Commission des Femmes du Conseil National de la R\u00e9sistance Iranienne (CNRI), au moins 9 femmes ont \u00e9t\u00e9 assassin\u00e9es par des proches \u2014 principalement leurs maris \u2014 entre le 23 mai et le 10 juin 2025.<\/p>\n\n\n\n<ul class=\"wp-block-list\">\n<li>Samira Farhadi, 25 ans, et sa s\u0153ur Somayeh, 17 ans, ont \u00e9t\u00e9 abattues par le mari de Samira. Elle \u00e9tait m\u00e8re de deux enfants \u00e2g\u00e9s de trois et cinq ans.<\/li>\n\n\n\n<li>Zahra Aliyari a \u00e9t\u00e9 poignard\u00e9e \u00e0 mort avec une extr\u00eame brutalit\u00e9 par son mari \u00e0 Miandoab (nord-ouest de l\u2019Iran).<\/li>\n\n\n\n<li>Eshrat Heydari, 45 ans, a \u00e9t\u00e9 abattue par son mari alors qu\u2019elle tentait d\u2019intervenir dans une dispute entre lui et leurs enfants.<\/li>\n\n\n\n<li>Omolbanin Gholizadeh, 47 ans, a \u00e9t\u00e9 tu\u00e9e \u00e0 coups de couteau par son mari apr\u00e8s avoir tent\u00e9 de se s\u00e9parer de lui.<\/li>\n<\/ul>\n\n\n\n<p>Un autre cas, bien qu\u2019il ne s\u2019agisse pas d\u2019un meurtre familial, a profond\u00e9ment choqu\u00e9 la soci\u00e9t\u00e9 iranienne : la d\u00e9couverte du corps mutil\u00e9 de <a href=\"https:\/\/wncri.org\/fr\/2025\/06\/05\/elaheh-hossein-nejad\/\" target=\"_blank\" rel=\"noreferrer noopener\">Elaheh Hossein-Nejad<\/a> dans le d\u00e9sert pr\u00e8s de T\u00e9h\u00e9ran. Elaheh, une femme de 24 ans, \u00e9tait titulaire d\u2019une licence en comptabilit\u00e9 et travaillait dans un salon de beaut\u00e9. L\u2019annonce de la d\u00e9couverte de son corps le 5 juin 2025 a boulevers\u00e9 l\u2019opinion publique.<\/p>\n\n\n\n<p>Elaheh avait disparu le 25 mai 2025. Selon la version officielle du r\u00e9gime, elle aurait \u00e9t\u00e9 poignard\u00e9e \u00e0 mort en r\u00e9sistant \u00e0 un vol de t\u00e9l\u00e9phone portable. Cependant, il est largement soup\u00e7onn\u00e9 que les forces de s\u00e9curit\u00e9 l\u2019ont enlev\u00e9e et assassin\u00e9e en raison de ses activit\u00e9s anti-r\u00e9gime. Sa famille serait sous \u00e9troite surveillance et subit de fortes pressions pour ne pas parler aux m\u00e9dias ni accorder d\u2019interviews.<\/p>\n\n\n<div class=\"wp-block-image\">\n<figure class=\"aligncenter size-full\"><img decoding=\"async\" src=\"data:image\/gif;base64,R0lGODlhAQABAIAAAAAAAP\/\/\/yH5BAEAAAAALAAAAAABAAEAAAIBRAA7\" data-src=\"https:\/\/wncri.org\/fr\/wp-content\/uploads\/2025\/06\/image.jpeg\" alt=\"\" class=\"wp-image-23044 lazyload\"\/><noscript><img decoding=\"async\" width=\"554\" height=\"338\" src=\"https:\/\/wncri.org\/fr\/wp-content\/uploads\/2025\/06\/image.jpeg\" alt=\"\" class=\"wp-image-23044 lazyload\" srcset=\"https:\/\/wncri.org\/fr\/wp-content\/uploads\/2025\/06\/image.jpeg 554w, https:\/\/wncri.org\/fr\/wp-content\/uploads\/2025\/06\/image-300x183.jpeg 300w\" sizes=\"(max-width: 554px) 100vw, 554px\" \/><\/noscript><\/figure>\n<\/div>\n\n\n<p class=\"has-text-align-center\">Elaheh Hossein-Nejad<\/p>\n\n\n\n<h3 class=\"wp-block-heading\"><strong>Aux racines de la violence domestique et du f\u00e9minicide<\/strong><\/h3>\n\n\n\n<p>Les trag\u00e9dies sociales qui se d\u00e9roulent actuellement en Iran trouvent leurs racines profond\u00e9ment ancr\u00e9es dans le politique. \u00c0 la base, ces crises sont <a href=\"https:\/\/wncri.org\/fr\/2020\/06\/09\/misogynie-institutionnalisee\/\" target=\"_blank\" rel=\"noreferrer noopener\">directement attribuables au r\u00e9gime misogyne et inhumain<\/a> qui gouverne le pays, un r\u00e9gime qui constitue la source et le moteur de la rage, de la r\u00e9pression et de la violence structurelle pr\u00e9sentes dans la soci\u00e9t\u00e9 iranienne. Les femmes et les filles sont au c\u0153ur de cette politique inhumaine, et en sont les principales victimes.<\/p>\n\n\n\n<p>Les assassinats horribles de femmes et de filles \u2014 avant d\u2019\u00eatre commis avec la machette d\u2019un mari, le couteau d\u2019un p\u00e8re ou le revolver d\u2019un fr\u00e8re \u2014 sont le r\u00e9sultat direct de lois, explicites et implicites, n\u00e9es de l\u2019id\u00e9ologie r\u00e9trograde du r\u00e9gime. Ces lois, loin de prot\u00e9ger la s\u00e9curit\u00e9, la dignit\u00e9 et la vie des femmes, justifient et l\u00e9gitiment leur meurtre.<\/p>\n\n\n\n<p>Bien que les auteurs de ces meurtres soient, dans la plupart des cas, des hommes de la famille, le v\u00e9ritable architecte de cette culture du meurtre est le guide Supr\u00eame et l\u2019appareil r\u00e9pressif du r\u00e9gime. \u00c0 travers des outils tels que les lois misogynes, le syst\u00e8me judiciaire patriarcal et les m\u00e9dias contr\u00f4l\u00e9s par l\u2019\u00c9tat, le r\u00e9gime exploite socialement et politiquement ces atrocit\u00e9s, tout en en facilitant la r\u00e9p\u00e9tition et la normalisation.<\/p>\n\n\n\n<p>Lorsque ces meurtres sont rendus publics, ils servent souvent de diversion pour d\u00e9tourner la responsabilit\u00e9 de l\u2019\u00c9tat, en la rejetant sur des dynamiques individuelles ou familiales.<\/p>\n\n\n\n<p>En fin de compte, les statistiques effrayantes concernant les soi-disant crimes d\u2019honneur sont le produit direct de la misogynie institutionnalis\u00e9e qui traverse la structure juridique et sociale de l\u2019Iran. Face \u00e0 la violence contre les femmes \u2014 en particulier les crimes d\u2019honneur \u2014 il existe une absence fondamentale de criminalisation effective.<\/p>\n\n\n\n<p>La loi non seulement ne prot\u00e8ge pas la vie des femmes, mais elle encourage pratiquement les auteurs par le biais de failles juridiques et de peines r\u00e9duites, inscrites dans des lois profond\u00e9ment misogynes.<\/p>\n\n\n\n<p>Dans de nombreux cas, un p\u00e8re ou un mari qui a sauvagement assassin\u00e9 sa fille ou sa femme <a href=\"https:\/\/wncri.org\/fr\/2022\/06\/05\/crimes-dhonneur\/\" target=\"_blank\" rel=\"noreferrer noopener\">ne purge que quelques ann\u00e9es de prison<\/a>, ou bien est lib\u00e9r\u00e9 apr\u00e8s avoir pay\u00e9 le <em>diyeh<\/em> (prix du sang) et obtenu le pardon de la m\u00e8re de la victime. Il revient souvent dans le m\u00eame foyer o\u00f9 le crime a \u00e9t\u00e9 commis, sans jamais \u00eatre r\u00e9ellement tenu responsable d\u2019avoir \u00f4t\u00e9 une vie humaine.<\/p>\n\n\n\n<h3 class=\"wp-block-heading\"><strong>Criminalisation des femmes au lieu d\u2019\u00e9liminer la violence \u00e0 leur encontre<\/strong><\/h3>\n\n\n\n<p>Le quotidien officiel Etemad \u00e9crivait le 8 juin 2025 \u00e0 propos de l\u2019indiff\u00e9rence structurelle et de l\u2019absence de volont\u00e9 politique pour mettre fin \u00e0 la violence contre les femmes :<\/p>\n\n\n\n<p>\u00ab Malheureusement, dans les derni\u00e8res r\u00e9visions du projet de loi de 2025 sur la pr\u00e9vention de la violence contre les femmes, on constate qu\u2019il n\u2019y a fondamentalement aucune r\u00e9elle pr\u00e9occupation. Les l\u00e9gislateurs cr\u00e9ent tr\u00e8s rarement de nouvelles infractions. \u00c0 la place, ils se contentent de recopier des d\u00e9lits existants du Code p\u00e9nal islamique, en augmentant l\u00e9g\u00e8rement les peines uniquement si la victime est une femme.<\/p>\n\n\n\n<p>Ce qui est alarmant dans la version 2025 de la loi, c\u2019est que, sous pr\u00e9texte de prot\u00e9ger la famille, elle criminalise des comportements des femmes \u00e0 l\u2019encontre de leurs maris.<\/p>\n\n\n\n<p>Au lieu de viser \u00e0 \u00e9liminer la violence contre les femmes, le projet de loi de 2025 criminalise davantage les femmes, au profit des hommes.<\/p>\n\n\n\n<p>Le changement majeur que nous observons, c\u2019est qu\u2019il n\u2019existe plus aucune criminalisation ind\u00e9pendante des types sp\u00e9cifiques de violences, de harc\u00e8lement ou d\u2019agressions. Quelques articles du Code p\u00e9nal islamique sont s\u00e9lectionn\u00e9s, et il est simplement ajout\u00e9 : \u2018si la victime est une femme, alors il se passe ceci.\u2019<\/p>\n\n\n\n<p>Beaucoup des incriminations qui figuraient initialement dans l\u2019avant-projet visant \u00e0 \u00e9liminer la violence ont \u00e9t\u00e9 supprim\u00e9es de la version finale. \u00bb (<em>Journal officiel Etemad \u2013 8 juin 2025<\/em>)<\/p>\n\n\n\n<h3 class=\"wp-block-heading\"><strong>Retrait d\u2019un projet de loi apr\u00e8s 14 ans sans jamais avoir \u00e9t\u00e9 adopt\u00e9<\/strong><\/h3>\n\n\n\n<p>L\u2019un des \u00e9v\u00e9nements les plus r\u00e9v\u00e9lateurs du mois de juin concernant la violence \u00e0 l\u2019\u00e9gard des femmes a \u00e9t\u00e9 la d\u00e9cision du gouvernement de retirer le projet de loi intitul\u00e9 \u00ab Assurer la s\u00e9curit\u00e9 des femmes contre la violence \u00bb. Ce texte, initialement propos\u00e9 pour pr\u00e9venir la violence contre les femmes, a \u00e9t\u00e9 progressivement vid\u00e9 de sa substance au fil de 14 ann\u00e9es de va-et-vient bureaucratiques entre les institutions du r\u00e9gime, sans jamais \u00eatre adopt\u00e9.<\/p>\n\n\n\n<p>Le site Khabar Online a publi\u00e9 un article intitul\u00e9 \u00ab La s\u00e9curit\u00e9 des femmes sous la lourde ombre de la politique \u00bb, qui refl\u00e8te clairement l\u2019impasse juridique et le m\u00e9contentement g\u00e9n\u00e9ral face \u00e0 la n\u00e9gligence syst\u00e9mique de la violence faite aux femmes.<\/p>\n\n\n\n<p>Ce projet de loi ne pr\u00e9voyait aucun m\u00e9canisme d\u2019application pour prot\u00e9ger les femmes. Pire encore, en supprimant ses dispositions cl\u00e9s, il a finalement fourni au r\u00e9gime cl\u00e9rical misogyne encore plus d\u2019outils de r\u00e9pression. La situation est devenue si critique que m\u00eame des personnalit\u00e9s issues du r\u00e9gime ont commenc\u00e9 \u00e0 le critiquer publiquement.<\/p>\n\n\n\n<p>Zahra Behrouz Azar, directrice g\u00e9n\u00e9rale des affaires des femmes et de la famille, a d\u00e9nonc\u00e9 l\u2019\u00e9chec du projet et la mani\u00e8re dont il a \u00e9t\u00e9 vid\u00e9 de sa substance par les forces du r\u00e9gime. Elle a d\u00e9clar\u00e9 : \u00ab Nous avons affaire \u00e0 trois cat\u00e9gories : la violence, les abus et les d\u00e9sordres, chacune ayant sa propre d\u00e9finition. Nous avons dit aux membres de la commission parlementaire que, si le mot \u2018violence\u2019 les d\u00e9range, qu\u2019ils utilisent un autre terme ou une autre formulation.<\/p>\n\n\n\n<p>Mais le projet final n\u2019a pas seulement supprim\u00e9 le mot \u2018violence\u2019, il a \u00e9galement \u00e9limin\u00e9 la majorit\u00e9 des articles qui visaient explicitement \u00e0 pr\u00e9venir ces probl\u00e8mes.<\/p>\n\n\n\n<p>Ils ont \u00e9t\u00e9 remplac\u00e9s par des dispositions sans rapport, et dans le texte final propos\u00e9, aucun de ces probl\u00e8mes n\u2019est abord\u00e9.<\/p>\n\n\n\n<p>Nous avons constat\u00e9 qu\u2019il n\u2019avait plus aucun impact r\u00e9el, et le gouvernement a d\u00e9cid\u00e9 d\u2019en demander le retrait. \u00bb (<em>Journal officiel Etemad \u2013 8 juin 2025<\/em>)<\/p>\n\n\n\n<p>Masoumeh Ebtekar, ancienne directrice des affaires des femmes et de la famille, a \u00e9galement d\u00e9clar\u00e9 : \u00ab Nier l\u2019existence de la violence contre les femmes est une strat\u00e9gie politique&#8230; Nous avons concentr\u00e9 toute notre attention sur la question du hijab, alors que le vrai probl\u00e8me est la s\u00e9curit\u00e9.<\/p>\n\n\n\n<p>Lorsqu\u2019on parle de la s\u00e9curit\u00e9 des femmes face \u00e0 la violence, cela concerne \u00e0 la fois la sph\u00e8re familiale et la soci\u00e9t\u00e9. \u00bb (<em>Site officiel Jamaran \u2013 14 d\u00e9cembre 2024<\/em>)<\/p>\n\n\n\n<p>Un autre m\u00e9dia d\u2019\u00c9tat a pos\u00e9 la question : \u00ab Quelle loi dans ce pays a mis 14 ans \u00e0 \u00eatre adopt\u00e9e ? Ce processus interminable ne montre-t-il pas clairement que les consid\u00e9rations politiques et factionnelles ont pris le pas sur la comp\u00e9tence et l\u2019expertise professionnelle ? \u00bb<br>(<em>Rasaneh 7 \u2013 9 juin 2025<\/em>)<\/p>\n\n\n\n<h3 class=\"wp-block-heading\"><strong>La suppression du mot \u00ab violence \u00bb : produit de la misogynie et des luttes de pouvoir politiques<\/strong><\/h3>\n\n\n\n<p>Depuis sa premi\u00e8re introduction en 2011, le projet de loi a \u00e9t\u00e9 modifi\u00e9 \u00e0 plusieurs reprises et ballott\u00e9 entre les branches ex\u00e9cutive, l\u00e9gislative et judiciaire du r\u00e9gime. Finalement, en juin 2025, le nouveau gouvernement du r\u00e9gime cl\u00e9rical a soudainement demand\u00e9 le retrait du texte.<\/p>\n\n\n\n<p>En retra\u00e7ant le parcours de ce projet de loi, il devient \u00e9vident que toutes les administrations et tous les parlements, align\u00e9s sur le guide supr\u00eame, ont jou\u00e9 le m\u00eame jeu : politiser le projet et bloquer son adoption sous divers pr\u00e9textes.<\/p>\n\n\n\n<p>C\u2019est exactement le m\u00eame sc\u00e9nario cynique qui se r\u00e9p\u00e8te apr\u00e8s chaque meurtre choquant et chaque vague d\u2019indignation publique : les m\u00e9dias sont remplis de promesses creuses des responsables du r\u00e9gime&#8230; jusqu\u2019\u00e0 ce que tout soit \u00e0 nouveau oubli\u00e9.<\/p>\n\n\n\n<h3 class=\"wp-block-heading\"><strong>\u00c9volution du nom et du contenu du projet de loi sur la violence contre les femmes<\/strong><\/h3>\n\n\n\n<p>Le tableau ci-dessous retrace tout le parcours historique du projet de loi \u00ab Protection des femmes contre la violence \u00bb, de 2011 \u00e0 2025, incluant le nombre d\u2019articles et les titres officiels \u00e0 chaque \u00e9tape.<\/p>\n\n\n\n<p>Malgr\u00e9 des changements de nom successifs \u2014 de \u00ab S\u00e9curit\u00e9 des femmes contre la violence \u00bb \u00e0 \u00ab Promotion de la dignit\u00e9 des femmes et de la famille \u00bb \u2014, le contenu protecteur essentiel a \u00e9t\u00e9 progressivement supprim\u00e9.<\/p>\n\n\n\n<p>L\u2019acte final, en juin 2025, a \u00e9t\u00e9 la demande officielle du gouvernement au Parlement de retirer le projet, mettant d\u00e9finitivement fin \u00e0 14 ann\u00e9es d\u2019impasse bureaucratique.<\/p>\n\n\n<div class=\"wp-block-image\">\n<figure class=\"aligncenter size-full\"><img decoding=\"async\" src=\"data:image\/gif;base64,R0lGODlhAQABAIAAAAAAAP\/\/\/yH5BAEAAAAALAAAAAABAAEAAAIBRAA7\" data-src=\"https:\/\/wncri.org\/fr\/wp-content\/uploads\/2025\/06\/Chronologie-de-levolution-du-projet-de-loi-sur-la-securite-des-femmes.jpg\" alt=\"Rapport de juin 2025 : f\u00e9minicide, la violence structurelle en Iran\" class=\"wp-image-23051 lazyload\"\/><noscript><img decoding=\"async\" width=\"713\" height=\"675\" src=\"https:\/\/wncri.org\/fr\/wp-content\/uploads\/2025\/06\/Chronologie-de-levolution-du-projet-de-loi-sur-la-securite-des-femmes.jpg\" alt=\"Rapport de juin 2025 : f\u00e9minicide, la violence structurelle en Iran\" class=\"wp-image-23051 lazyload\" srcset=\"https:\/\/wncri.org\/fr\/wp-content\/uploads\/2025\/06\/Chronologie-de-levolution-du-projet-de-loi-sur-la-securite-des-femmes.jpg 713w, https:\/\/wncri.org\/fr\/wp-content\/uploads\/2025\/06\/Chronologie-de-levolution-du-projet-de-loi-sur-la-securite-des-femmes-300x284.jpg 300w\" sizes=\"(max-width: 713px) 100vw, 713px\" \/><\/noscript><\/figure>\n<\/div>\n\n\n<p>Le dernier nom donn\u00e9 au texte avant son retrait \u00e9tait : \u00ab Promotion de la dignit\u00e9 des femmes et de la famille \u00bb. Ce titre r\u00e9v\u00e8le sans ambigu\u00eft\u00e9 les v\u00e9ritables priorit\u00e9s du r\u00e9gime : la s\u00e9curit\u00e9 et la protection des femmes face \u00e0 la violence n\u2019ont aucune valeur r\u00e9elle, tandis que la pr\u00e9servation des structures familiales patriarcales \u2014 \u00e0 tout prix \u2014 reste l\u2019objectif fondamental.<\/p>\n\n\n\n<h3 class=\"wp-block-heading\"><strong>Le droit \u00e0 la vie, \u00e0 la dignit\u00e9 et \u00e0 la s\u00e9curit\u00e9 pour les femmes et les filles iraniennes<\/strong><\/h3>\n\n\n\n<p>Sous ce r\u00e9gime misogyne, les femmes et les filles iraniennes se voient refuser la reconnaissance de leurs droits fondamentaux \u00e0 la vie, \u00e0 la dignit\u00e9 et \u00e0 la s\u00e9curit\u00e9. Ces droits sont constamment r\u00e9prim\u00e9s, d\u00e9form\u00e9s et d\u00e9truits.<\/p>\n\n\n\n<p>La r\u00e9alisation de ces droits n\u2019est possible que dans <a href=\"https:\/\/www.maryam-rajavi.com\/fr\/points-de-vue\/plan-pour-liran-de-demain\/\" target=\"_blank\" rel=\"noreferrer noopener\">un syst\u00e8me d\u00e9mocratique<\/a>, populaire, fond\u00e9 sur l\u2019\u00e9galit\u00e9 des sexes \u2014 un syst\u00e8me o\u00f9 la loi est au service de la dignit\u00e9 humaine, et non de la r\u00e9pression et de la discrimination.<\/p>\n\n\n\n<p>C\u2019est pourquoi d\u00e9noncer la violence structurelle exerc\u00e9e contre les femmes en Iran est une responsabilit\u00e9 mondiale. Les organisations internationales, la soci\u00e9t\u00e9 civile, les militants des droits humains et les mouvements pour les droits des femmes doivent \u00e9lever davantage la voix et intensifier la pression afin de tenir le r\u00e9gime en place pour responsable de ces crimes.<\/p>\n\n\n\n<p>Dans ce combat, soutenir les efforts et les rapports de la Commission des Femmes du CNRI, qui lutte pour la libert\u00e9 et pour l\u2019\u00e9tablissement d\u2019une R\u00e9publique d\u00e9mocratique, fond\u00e9e sur la s\u00e9paration de la religion et de l\u2019\u00c9tat et sur l\u2019\u00e9galit\u00e9 des sexes, est plus important que jamais.<\/p>\n\n\n\n<p>C\u2019est ce qui nous donne plus de force et de puissance pour avancer et atteindre notre objectif de libert\u00e9 et d\u2019\u00e9galit\u00e9.<\/p>\n","protected":false},"excerpt":{"rendered":"<p>Des lois enterr\u00e9es au f\u00e9minicide : la violence structurelle comme politique d\u2019\u00c9tat en Iran Rapport de juin 2025 &#8211; La violence contre les femmes en Iran est en augmentation. Sous le r\u00e9gime cl\u00e9rical misogyne, la violence contre les femmes n\u2019est pas un ph\u00e9nom\u00e8ne isol\u00e9, mais un \u00e9l\u00e9ment fondamental de la structure culturelle impos\u00e9e par le [&hellip;]<\/p>\n","protected":false},"author":4,"featured_media":23045,"comment_status":"closed","ping_status":"closed","sticky":false,"template":"","format":"standard","meta":{"jnews-multi-image_gallery":[],"jnews_single_post":{"format":"standard"},"jnews_primary_category":[],"jnews_social_meta":[],"jnews_override_counter":[],"footnotes":""},"categories":[7],"tags":[381,376],"class_list":["post-23042","post","type-post","status-publish","format-standard","has-post-thumbnail","hentry","category-les-regles","tag-crimes-dhonneur","tag-violence-contre-les-femmes"],"_links":{"self":[{"href":"https:\/\/wncri.org\/fr\/wp-json\/wp\/v2\/posts\/23042","targetHints":{"allow":["GET"]}}],"collection":[{"href":"https:\/\/wncri.org\/fr\/wp-json\/wp\/v2\/posts"}],"about":[{"href":"https:\/\/wncri.org\/fr\/wp-json\/wp\/v2\/types\/post"}],"author":[{"embeddable":true,"href":"https:\/\/wncri.org\/fr\/wp-json\/wp\/v2\/users\/4"}],"replies":[{"embeddable":true,"href":"https:\/\/wncri.org\/fr\/wp-json\/wp\/v2\/comments?post=23042"}],"version-history":[{"count":3,"href":"https:\/\/wncri.org\/fr\/wp-json\/wp\/v2\/posts\/23042\/revisions"}],"predecessor-version":[{"id":23052,"href":"https:\/\/wncri.org\/fr\/wp-json\/wp\/v2\/posts\/23042\/revisions\/23052"}],"wp:featuredmedia":[{"embeddable":true,"href":"https:\/\/wncri.org\/fr\/wp-json\/wp\/v2\/media\/23045"}],"wp:attachment":[{"href":"https:\/\/wncri.org\/fr\/wp-json\/wp\/v2\/media?parent=23042"}],"wp:term":[{"taxonomy":"category","embeddable":true,"href":"https:\/\/wncri.org\/fr\/wp-json\/wp\/v2\/categories?post=23042"},{"taxonomy":"post_tag","embeddable":true,"href":"https:\/\/wncri.org\/fr\/wp-json\/wp\/v2\/tags?post=23042"}],"curies":[{"name":"wp","href":"https:\/\/api.w.org\/{rel}","templated":true}]}}