{"id":23010,"date":"2025-06-24T20:53:13","date_gmt":"2025-06-24T18:53:13","guid":{"rendered":"https:\/\/wncri.org\/fr\/?p=23010"},"modified":"2025-06-25T20:58:09","modified_gmt":"2025-06-25T18:58:09","slug":"les-prisonniers-en-greve-de-la-faim","status":"publish","type":"post","link":"https:\/\/wncri.org\/fr\/2025\/06\/24\/les-prisonniers-en-greve-de-la-faim\/","title":{"rendered":"Les prisonniers en gr\u00e8ve de la faim r\u00e9clament la lib\u00e9ration des d\u00e9tenus"},"content":{"rendered":"\n<h2 class=\"wp-block-heading\"><strong>La 74<\/strong><strong>\u1d49<\/strong><strong> semaine des \u00ab Mardis Non aux ex\u00e9cutions \u00bb observ\u00e9e dans 47 prisons<\/strong><\/h2>\n\n\n\n<h3 class=\"wp-block-heading\"><strong>Les familles r\u00e9clament la libert\u00e9 pour leurs enfants emprisonn\u00e9s<\/strong><\/h3>\n\n\n\n<p>La 74\u1d49 semaine de la campagne \u00ab <a href=\"https:\/\/wncri.org\/fr\/2025\/06\/03\/les-protestations-contre-la-peine-de-mort\/\" target=\"_blank\" rel=\"noreferrer noopener\">Mardis Non aux ex\u00e9cutions<\/a> \u00bb a \u00e9t\u00e9 observ\u00e9e dans 47 prisons \u00e0 travers l\u2019Iran, malgr\u00e9 l\u2019aggravation des conditions r\u00e9pressives dans les prisons iraniennes.<\/p>\n\n\n\n<p>Dans un communiqu\u00e9 publi\u00e9 \u00e0 l\u2019occasion de cette semaine de campagne, les prisonniers en gr\u00e8ve de la faim dans 47 prisons ont soulign\u00e9 les menaces croissantes pesant sur la vie des d\u00e9tenus et la poursuite des ex\u00e9cutions :<\/p>\n\n\n\n<p>\u00ab Nous avions d\u00e9j\u00e0 averti que la vie des prisonniers \u00e9tait gravement en danger et que les ex\u00e9cutions pourraient s\u2019intensifier\u2026 Malheureusement, nos avertissements se sont r\u00e9v\u00e9l\u00e9s exacts\u2026<br>Nous condamnons fermement le transfert soudain et forc\u00e9 de prisonniers sans d\u00e9fense, sous des mesures de s\u00e9curit\u00e9 dures et r\u00e9pressives. \u00bb<\/p>\n\n\n\n<p>\u00c9voquant l\u2019explosion survenue lundi \u00e0 la prison d\u2019Evin, ils ont \u00e9crit :<\/p>\n\n\n\n<p>\u00ab Selon les informations, tous les quartiers g\u00e9n\u00e9raux de la prison d\u2019Evin \u2014 y compris le quartier des femmes, ainsi que les quartiers 4, 7 et 8 \u2014 ont subi de s\u00e9rieux d\u00e9g\u00e2ts. Les gardiens de prison ont encercl\u00e9 les d\u00e9tenus dans ces quartiers g\u00e9n\u00e9raux, les laissant sans acc\u00e8s \u00e0 l\u2019eau ni \u00e0 la nourriture, dans des conditions extr\u00eamement critiques et terrifiantes. \u00bb<\/p>\n\n\n\n<p>Ils ont fermement condamn\u00e9 le transfert soudain et forc\u00e9 de prisonniers sans d\u00e9fense, sous des mesures de s\u00e9curit\u00e9 dures et r\u00e9pressives :<\/p>\n\n\n\n<p>\u00ab Vu les circonstances de quasi-guerre, les prisonniers courent un risque extr\u00eame. Nous appelons le peuple valeureux d\u2019Iran \u00e0 faire tout ce qui est en son pouvoir pour exiger la lib\u00e9ration de tous les d\u00e9tenus. Nous leur demandons en particulier de se rassembler devant les prisons et de ne pas laisser les prisonniers seuls en ces temps p\u00e9rilleux. \u00bb<\/p>\n\n\n<div class=\"wp-block-image\">\n<figure class=\"aligncenter size-full\"><img decoding=\"async\" src=\"data:image\/gif;base64,R0lGODlhAQABAIAAAAAAAP\/\/\/yH5BAEAAAAALAAAAAABAAEAAAIBRAA7\" data-src=\"https:\/\/wncri.org\/fr\/wp-content\/uploads\/2025\/06\/NCRI-Women-No-to-Executions-2-min.jpg\" alt=\"Les prisonniers en gr\u00e8ve de la faim r\u00e9clament la lib\u00e9ration des d\u00e9tenus\" class=\"wp-image-23012 lazyload\"\/><noscript><img decoding=\"async\" width=\"750\" height=\"375\" src=\"https:\/\/wncri.org\/fr\/wp-content\/uploads\/2025\/06\/NCRI-Women-No-to-Executions-2-min.jpg\" alt=\"Les prisonniers en gr\u00e8ve de la faim r\u00e9clament la lib\u00e9ration des d\u00e9tenus\" class=\"wp-image-23012 lazyload\" srcset=\"https:\/\/wncri.org\/fr\/wp-content\/uploads\/2025\/06\/NCRI-Women-No-to-Executions-2-min.jpg 750w, https:\/\/wncri.org\/fr\/wp-content\/uploads\/2025\/06\/NCRI-Women-No-to-Executions-2-min-300x150.jpg 300w, https:\/\/wncri.org\/fr\/wp-content\/uploads\/2025\/06\/NCRI-Women-No-to-Executions-2-min-360x180.jpg 360w\" sizes=\"(max-width: 750px) 100vw, 750px\" \/><\/noscript><figcaption class=\"wp-element-caption\">Les prisonniers en gr\u00e8ve de la faim r\u00e9clament la lib\u00e9ration des d\u00e9tenus<\/figcaption><\/figure>\n<\/div>\n\n\n<h3 class=\"wp-block-heading\"><strong>Les familles des prisonniers politiques r\u00e9clament la libert\u00e9 pour leurs proches<\/strong><\/h3>\n\n\n\n<p>La famille du prisonnier politique Vahid Bani Amerian a publi\u00e9 une vid\u00e9o sur les r\u00e9seaux sociaux, r\u00e9clamant la lib\u00e9ration de leur fils et des autres d\u00e9tenus politiques.<\/p>\n\n\n\n<p>Dans cette vid\u00e9o, ils d\u00e9clarent avec force :<\/p>\n\n\n\n<p>\u00ab Lib\u00e9rez nos enfants. Lib\u00e9rez nos fils et nos filles. Lib\u00e9rez les prisonniers. Non aux ex\u00e9cutions. \u00bb<\/p>\n\n\n\n<p>La famille a \u00e9galement insist\u00e9 sur l\u2019urgence de mettre fin imm\u00e9diatement aux ex\u00e9cutions, pr\u00e9cisant que leurs enfants n\u2019ont aucune libert\u00e9 de mouvement en prison et ne peuvent m\u00eame pas se prot\u00e9ger en changeant de lieu.<\/p>\n\n\n\n<p>Ils ont soulign\u00e9 que le gouvernement porte l\u2019enti\u00e8re responsabilit\u00e9 de la vie des prisonniers et que tout pr\u00e9judice qui leur serait caus\u00e9 constituerait un crime impardonnable.<\/p>\n\n\n\n<p>Explosion \u00e0 la prison d\u2019Evin : d\u00e9g\u00e2ts massifs lundi 23 juin<\/p>\n\n\n\n<p>Lundi 23 juin, vers 11 heures (heure locale), la <a href=\"https:\/\/wncri.org\/fr\/2021\/12\/10\/les-conditions-des-femmes-prisons\/\" target=\"_blank\" rel=\"noreferrer noopener\">prison d\u2019Evin<\/a> a subi d\u2019importants d\u00e9g\u00e2ts suite \u00e0 une <a href=\"https:\/\/fr.ncr-iran.org\/actualites\/iran-a-monde\/teheran-cible-de-frappes-aeriennes-le-conflit-irano-israelien-sintensifie-la-prison-devine-endommagee\/\" target=\"_blank\" rel=\"noreferrer noopener\">puissante explosion<\/a>. Les d\u00e9tonations ont secou\u00e9 plusieurs parties de l\u2019\u00e9tablissement, notamment les zones o\u00f9 sont d\u00e9tenus des prisonniers politiques.<\/p>\n\n\n\n<h3 class=\"wp-block-heading\"><strong>Op\u00e9ration s\u00e9curitaire nocturne et transferts massifs<\/strong><\/h3>\n\n\n\n<p>Selon des sources fiables, dans la foul\u00e9e de l\u2019explosion \u00e0 la prison d\u2019Evin, une vaste op\u00e9ration nocturne a \u00e9t\u00e9 men\u00e9e par les forces de s\u00e9curit\u00e9. Des unit\u00e9s sp\u00e9ciales de transport de prisonniers ont \u00e9t\u00e9 d\u00e9ploy\u00e9es autour de la prison d\u2019Evin. Les d\u00e9tenus auraient \u00e9t\u00e9 transf\u00e9r\u00e9s brusquement et sous la contrainte. Ils n\u2019ont pas \u00e9t\u00e9 autoris\u00e9s \u00e0 r\u00e9cup\u00e9rer leurs m\u00e9dicaments ni leurs effets personnels.<\/p>\n\n\n\n<h3 class=\"wp-block-heading\"><strong>Les prisonni\u00e8res transf\u00e9r\u00e9es \u00e0 la prison de Qarchak<\/strong><\/h3>\n\n\n\n<p>Il a \u00e9galement \u00e9t\u00e9 confirm\u00e9 que les prisonni\u00e8res de la prison d\u2019Evin ont \u00e9t\u00e9 transf\u00e9r\u00e9es \u00e0 la <a href=\"https:\/\/wncri.org\/fr\/2020\/04\/20\/regard-sur-la-situation-tragique-a-la-prison-pour-femmes-de-qarchak-en-iran\/\" target=\"_blank\" rel=\"noreferrer noopener\">prison de Qarchak<\/a>, \u00e0 Varamin \u2014 un \u00e9tablissement tristement c\u00e9l\u00e8bre pour ses conditions d\u00e9plorables et son pass\u00e9 d\u2019abus. Ces transferts ont \u00e9t\u00e9 effectu\u00e9s sans informer les familles des prisonni\u00e8res et dans un climat de coercition et de menaces.<\/p>\n\n\n\n<h3 class=\"wp-block-heading\"><strong>Le silence des autorit\u00e9s alimente la peur et les sp\u00e9culations<\/strong><\/h3>\n\n\n\n<p>Alors que les familles cherchent d\u00e9sesp\u00e9r\u00e9ment des r\u00e9ponses, les autorit\u00e9s judiciaires et p\u00e9nitentiaires iraniennes gardent le silence. Aucun communiqu\u00e9 officiel n\u2019a \u00e9t\u00e9 publi\u00e9 concernant la cause des explosions ni au sujet des transferts massifs. Cette opacit\u00e9 renforce l\u2019angoisse du public et alimente de nombreuses sp\u00e9culations sur l\u2019\u00e9tat des d\u00e9tenus et sur les motivations qui sous-tendent les actions du gouvernement.<\/p>\n","protected":false},"excerpt":{"rendered":"<p>La 74\u1d49 semaine des \u00ab Mardis Non aux ex\u00e9cutions \u00bb observ\u00e9e dans 47 prisons Les familles r\u00e9clament la libert\u00e9 pour leurs enfants emprisonn\u00e9s La 74\u1d49 semaine de la campagne \u00ab Mardis Non aux ex\u00e9cutions \u00bb a \u00e9t\u00e9 observ\u00e9e dans 47 prisons \u00e0 travers l\u2019Iran, malgr\u00e9 l\u2019aggravation des conditions r\u00e9pressives dans les prisons iraniennes. Dans un [&hellip;]<\/p>\n","protected":false},"author":4,"featured_media":23011,"comment_status":"closed","ping_status":"closed","sticky":false,"template":"","format":"standard","meta":{"jnews-multi-image_gallery":[],"jnews_single_post":{"format":"standard"},"jnews_primary_category":[],"jnews_social_meta":[],"jnews_override_counter":[],"footnotes":""},"categories":[3],"tags":[370],"class_list":["post-23010","post","type-post","status-publish","format-standard","has-post-thumbnail","hentry","category-infos-des-femmes","tag-prisonnieres"],"_links":{"self":[{"href":"https:\/\/wncri.org\/fr\/wp-json\/wp\/v2\/posts\/23010","targetHints":{"allow":["GET"]}}],"collection":[{"href":"https:\/\/wncri.org\/fr\/wp-json\/wp\/v2\/posts"}],"about":[{"href":"https:\/\/wncri.org\/fr\/wp-json\/wp\/v2\/types\/post"}],"author":[{"embeddable":true,"href":"https:\/\/wncri.org\/fr\/wp-json\/wp\/v2\/users\/4"}],"replies":[{"embeddable":true,"href":"https:\/\/wncri.org\/fr\/wp-json\/wp\/v2\/comments?post=23010"}],"version-history":[{"count":1,"href":"https:\/\/wncri.org\/fr\/wp-json\/wp\/v2\/posts\/23010\/revisions"}],"predecessor-version":[{"id":23013,"href":"https:\/\/wncri.org\/fr\/wp-json\/wp\/v2\/posts\/23010\/revisions\/23013"}],"wp:featuredmedia":[{"embeddable":true,"href":"https:\/\/wncri.org\/fr\/wp-json\/wp\/v2\/media\/23011"}],"wp:attachment":[{"href":"https:\/\/wncri.org\/fr\/wp-json\/wp\/v2\/media?parent=23010"}],"wp:term":[{"taxonomy":"category","embeddable":true,"href":"https:\/\/wncri.org\/fr\/wp-json\/wp\/v2\/categories?post=23010"},{"taxonomy":"post_tag","embeddable":true,"href":"https:\/\/wncri.org\/fr\/wp-json\/wp\/v2\/tags?post=23010"}],"curies":[{"name":"wp","href":"https:\/\/api.w.org\/{rel}","templated":true}]}}