{"id":22846,"date":"2025-06-10T20:00:00","date_gmt":"2025-06-10T18:00:00","guid":{"rendered":"https:\/\/wncri.org\/fr\/?p=22846"},"modified":"2025-06-14T21:58:12","modified_gmt":"2025-06-14T19:58:12","slug":"forte-hausse-du-travail-des-enfants","status":"publish","type":"post","link":"https:\/\/wncri.org\/fr\/2025\/06\/10\/forte-hausse-du-travail-des-enfants\/","title":{"rendered":"Forte hausse du travail des enfants en Iran"},"content":{"rendered":"\n<h4 class=\"wp-block-heading\">L\u2019Iran conna\u00eet une forte hausse du travail des enfants, en particulier dans les centres urbains comme T\u00e9h\u00e9ran, alors que les difficult\u00e9s \u00e9conomiques s\u2019intensifient et que les syst\u00e8mes de protection de l\u2019\u00c9tat continuent de faillir. \u00c0 l\u2019occasion de la <a href=\"https:\/\/www.un.org\/fr\/observances\/world-day-against-child-labour\" target=\"_blank\" rel=\"noreferrer noopener\">Journ\u00e9e mondiale contre le travail des enfants<\/a>, le 12 juin, nous mettons en lumi\u00e8re la situation tragique des enfants travailleurs en Iran.<\/h4>\n\n\n\n<p>En mai 2024, Soudabeh Najafi, membre du Conseil municipal de T\u00e9h\u00e9ran et pr\u00e9sidente de sa Commission de la sant\u00e9, a d\u00e9crit la pr\u00e9sence d\u2019enfants travaillant dans la rue comme un \u00ab signal d\u2019alarme s\u00e9rieux \u00bb ignor\u00e9 par les autorit\u00e9s. Dans une interview accord\u00e9e au quotidien <em>Shargh<\/em> le 14 mai 2024, Najafi a averti que le nombre d\u2019enfants travailleurs \u00e0 T\u00e9h\u00e9ran avait nettement augment\u00e9 ces derniers mois et que \u00ab la pr\u00e9sence d\u2019enfants dans la rue est une crise qui ne doit pas \u00eatre normalis\u00e9e \u00bb.<\/p>\n\n\n\n<p>Najafi a expliqu\u00e9 que la question est trait\u00e9e de mani\u00e8re fragment\u00e9e par plusieurs institutions \u2014 notamment l\u2019Organisation de bienfaisance, la municipalit\u00e9 de T\u00e9h\u00e9ran et le bureau du gouverneur \u2014 sans supervision unifi\u00e9e. \u00ab <a href=\"https:\/\/wncri.org\/fr\/2022\/06\/11\/travail-des-enfants\/\" target=\"_blank\" rel=\"noreferrer noopener\">Les principaux responsables<\/a> du travail des enfants dans la ville sont ceux qui enl\u00e8vent les enfants \u00e0 leurs parents pour les envoyer travailler dans des conditions dures et d\u2019exploitation \u00bb, a-t-elle d\u00e9clar\u00e9.<\/p>\n\n\n\n<p>Le r\u00e9gime cl\u00e9rical <a href=\"https:\/\/wncri.org\/fr\/2025\/04\/02\/csw69-beijing30-cnrifemmes\/\" target=\"_blank\" rel=\"noreferrer noopener\">\u00e9vite de fournir des statistiques pr\u00e9cises<\/a> concernant le nombre d\u2019enfants impliqu\u00e9s dans le travail des enfants. De plus, \u00e0 l\u2019occasion, certains responsables publient des chiffres faux pour minimiser la gravit\u00e9 de la situation.<\/p>\n\n\n\n<p>Cependant, il y a huit ans, alors que la pauvret\u00e9 n\u2019\u00e9tait pas aussi r\u00e9pandue en Iran, <a href=\"https:\/\/wncri.org\/fr\/2020\/09\/19\/la-tragedie-amere-des-enfants-au-travail-une-consequence-de-la-pauvrete-en-iran\/\" target=\"_blank\" rel=\"noreferrer noopener\">Nahid Tajeddin<\/a>, membre du parlement des mollahs, d\u00e9clarait : \u00ab Certains experts en probl\u00e8mes \u00e9conomiques urbains estiment le nombre d\u2019enfants travailleurs en Iran entre trois et sept millions. \u00bb (<em>Agence Tasnim<\/em>, m\u00e9dia d&#8217;\u00c9tat, 27 septembre 2017)<\/p>\n\n\n\n<p>En janvier 2024, le juriste iranien Seyed Naseri, dans une interview accord\u00e9e \u00e0 l\u2019agence de presse ILNA, a soulign\u00e9 que le nombre de filles parmi les enfants travailleurs avait fortement augment\u00e9. Naseri a expliqu\u00e9 qu\u2019en raison des stigmates et du manque de visibilit\u00e9, <a href=\"https:\/\/wncri.org\/fr\/2023\/06\/11\/travail-des-enfants-en-iran\/\" target=\"_blank\" rel=\"noreferrer noopener\">les filles qui travaillent<\/a> sont souvent exclues des donn\u00e9es publiques, bien qu\u2019elles soient fr\u00e9quemment employ\u00e9es dans des travaux informels \u00e0 haut risque et particuli\u00e8rement vuln\u00e9rables aux abus physiques et sexuels.<\/p>\n\n\n<div class=\"wp-block-image\">\n<figure class=\"aligncenter size-full\"><img decoding=\"async\" src=\"data:image\/gif;base64,R0lGODlhAQABAIAAAAAAAP\/\/\/yH5BAEAAAAALAAAAAABAAEAAAIBRAA7\" data-src=\"https:\/\/wncri.org\/fr\/wp-content\/uploads\/2025\/06\/NCRI-Women-Against-Child-Labor-2-min.jpg\" alt=\"Forte hausse du travail des enfants en Iran\" class=\"wp-image-22847 lazyload\"\/><noscript><img decoding=\"async\" width=\"750\" height=\"375\" src=\"https:\/\/wncri.org\/fr\/wp-content\/uploads\/2025\/06\/NCRI-Women-Against-Child-Labor-2-min.jpg\" alt=\"Forte hausse du travail des enfants en Iran\" class=\"wp-image-22847 lazyload\" srcset=\"https:\/\/wncri.org\/fr\/wp-content\/uploads\/2025\/06\/NCRI-Women-Against-Child-Labor-2-min.jpg 750w, https:\/\/wncri.org\/fr\/wp-content\/uploads\/2025\/06\/NCRI-Women-Against-Child-Labor-2-min-300x150.jpg 300w, https:\/\/wncri.org\/fr\/wp-content\/uploads\/2025\/06\/NCRI-Women-Against-Child-Labor-2-min-360x180.jpg 360w\" sizes=\"(max-width: 750px) 100vw, 750px\" \/><\/noscript><figcaption class=\"wp-element-caption\">Forte hausse du travail des enfants en Iran<\/figcaption><\/figure>\n<\/div>\n\n\n<h3 class=\"wp-block-heading\"><strong>Effondrement \u00e9conomique et vuln\u00e9rabilit\u00e9 accrue<\/strong><\/h3>\n\n\n\n<p>Les difficult\u00e9s \u00e9conomiques sont un facteur cl\u00e9 du travail des enfants. Dans son rapport de d\u00e9cembre 2023, l\u2019Organisation internationale du travail (OIT) a indiqu\u00e9 que les taux d\u2019inflation et de ch\u00f4mage en Iran ont <a href=\"https:\/\/wncri.org\/fr\/2020\/09\/19\/la-tragedie-amere-des-enfants-au-travail-une-consequence-de-la-pauvrete-en-iran\/\" target=\"_blank\" rel=\"noreferrer noopener\">plong\u00e9 de nombreuses familles dans la pauvret\u00e9<\/a>, obligeant les enfants \u00e0 chercher du travail pour subvenir aux besoins de leur foyer.<\/p>\n\n\n\n<p>La repr\u00e9sentante r\u00e9gionale de l\u2019OIT, Fatimah Hassan, a d\u00e9clar\u00e9 dans un communiqu\u00e9 de presse du 20 d\u00e9cembre 2023 : \u00ab L\u2019effondrement \u00e9conomique en Iran pousse de plus en plus d\u2019enfants \u00e0 quitter l\u2019\u00e9cole pour effectuer des travaux dangereux, violant ainsi leurs droits fondamentaux. \u00bb<\/p>\n\n\n\n<p>Les donn\u00e9es de la Banque mondiale, publi\u00e9es en mars 2024, montrent que le taux de pauvret\u00e9 en Iran a grimp\u00e9 \u00e0 35 %, les zones les plus touch\u00e9es \u00e9tant les <a href=\"https:\/\/wncri.org\/fr\/2020\/06\/25\/des-femmes-chefs-de-famille-dorment-dans-des-fosses-en-raison-de-la-pauvrete\/\" target=\"_blank\" rel=\"noreferrer noopener\">bidonvilles urbains<\/a> et les r\u00e9gions frontali\u00e8res accueillant de nombreux r\u00e9fugi\u00e9s. Cette pression \u00e9conomique affecte de mani\u00e8re disproportionn\u00e9e les filles, souvent contraintes au travail informel, au mariage pr\u00e9coce ou \u00e0 la domesticit\u00e9.<\/p>\n\n\n\n<p>Des estimations non officielles indiquent que 80 % de la population en Iran vit en dessous du seuil de pauvret\u00e9.<\/p>\n\n\n\n<figure class=\"wp-block-image size-full\"><img decoding=\"async\" src=\"data:image\/gif;base64,R0lGODlhAQABAIAAAAAAAP\/\/\/yH5BAEAAAAALAAAAAABAAEAAAIBRAA7\" data-src=\"https:\/\/wncri.org\/fr\/wp-content\/uploads\/2025\/06\/NCRI-Women-Against-Child-Labor-3-min.jpg\" alt=\"Forte hausse du travail des enfants en Iran\" class=\"wp-image-22848 lazyload\"\/><noscript><img decoding=\"async\" width=\"750\" height=\"375\" src=\"https:\/\/wncri.org\/fr\/wp-content\/uploads\/2025\/06\/NCRI-Women-Against-Child-Labor-3-min.jpg\" alt=\"Forte hausse du travail des enfants en Iran\" class=\"wp-image-22848 lazyload\" srcset=\"https:\/\/wncri.org\/fr\/wp-content\/uploads\/2025\/06\/NCRI-Women-Against-Child-Labor-3-min.jpg 750w, https:\/\/wncri.org\/fr\/wp-content\/uploads\/2025\/06\/NCRI-Women-Against-Child-Labor-3-min-300x150.jpg 300w, https:\/\/wncri.org\/fr\/wp-content\/uploads\/2025\/06\/NCRI-Women-Against-Child-Labor-3-min-360x180.jpg 360w\" sizes=\"(max-width: 750px) 100vw, 750px\" \/><\/noscript><figcaption class=\"wp-element-caption\">Forte hausse du travail des enfants en Iran<\/figcaption><\/figure>\n\n\n\n<h3 class=\"wp-block-heading\"><strong>D\u00e9faillances des syst\u00e8mes de protection sociale et d\u2019assistance<\/strong><\/h3>\n\n\n\n<p>L\u2019Organisation de bienfaisance iranienne et d\u2019autres institutions sociales peinent \u00e0 r\u00e9pondre efficacement \u00e0 la crise croissante du travail des enfants et des abus. Dans un rapport de juin 2024, Human Rights Watch a critiqu\u00e9 les agences gouvernementales pour leur incapacit\u00e9 \u00e0 mettre en \u0153uvre des politiques coordonn\u00e9es de protection de l\u2019enfance ou \u00e0 financer de mani\u00e8re ad\u00e9quate les refuges et les travailleurs sociaux.<\/p>\n\n\n\n<p>Selon les donn\u00e9es de l\u2019Organisation de bienfaisance, cit\u00e9es dans un communiqu\u00e9 officiel publi\u00e9 le 30 mai 2024, seuls 12 % des enfants travailleurs identifi\u00e9s par les travailleurs sociaux b\u00e9n\u00e9ficient d\u2019une quelconque forme d\u2019aide ou de r\u00e9insertion. L\u2019organisation a invoqu\u00e9 les <a href=\"https:\/\/wncri.org\/fr\/2020\/09\/19\/la-tragedie-amere-des-enfants-au-travail-une-consequence-de-la-pauvrete-en-iran\/\" target=\"_blank\" rel=\"noreferrer noopener\">contraintes budg\u00e9taires<\/a> et la fragmentation bureaucratique comme obstacles majeurs.<\/p>\n\n\n\n<h3 class=\"wp-block-heading\"><strong>Conclusion<\/strong><\/h3>\n\n\n\n<p>La mont\u00e9e du travail des enfants, de l\u2019exploitation et des abus en Iran r\u00e9v\u00e8le de mani\u00e8re flagrante les \u00e9checs brutaux du r\u00e9gime iranien. Plut\u00f4t que de prot\u00e9ger ses enfants les plus vuln\u00e9rables, en particulier les filles, le r\u00e9gime les a abandonn\u00e9s \u00e0 la pauvret\u00e9, \u00e0 la violence et \u00e0 l\u2019exploitation. Cette crise n\u2019est pas accidentelle, mais le r\u00e9sultat direct de la gestion \u00e9conomique catastrophique du r\u00e9gime, de la corruption syst\u00e9mique et de la n\u00e9gligence d\u00e9lib\u00e9r\u00e9e du bien-\u00eatre social.<\/p>\n\n\n\n<p>Depuis des ann\u00e9es, les autorit\u00e9s ont privil\u00e9gi\u00e9 la r\u00e9pression et le contr\u00f4le au d\u00e9triment d\u2019une v\u00e9ritable prise en charge, permettant ainsi au travail des enfants de prosp\u00e9rer sans restriction. Les institutions \u00e9clat\u00e9es du r\u00e9gime et l\u2019absence de volont\u00e9 politique ont cr\u00e9\u00e9 un environnement toxique o\u00f9 des millions d\u2019enfants souffrent quotidiennement, <a href=\"https:\/\/wncri.org\/fr\/2025\/04\/02\/csw69-beijing30-cnrifemmes\/\" target=\"_blank\" rel=\"noreferrer noopener\">contraints au travail<\/a>, aux <a href=\"https:\/\/wncri.org\/fr\/2019\/02\/07\/les-enfants-filles-qui-travaillent-sont-victimes-d-abus-physiques-et-sexuels-en-iran\/\" target=\"_blank\" rel=\"noreferrer noopener\">abus sexuels<\/a> et \u00e0 la mis\u00e8re.<\/p>\n\n\n\n<p>Cet article met \u00e0 nu la faillite morale du r\u00e9gime et souligne l\u2019urgence pour la communaut\u00e9 internationale de tenir T\u00e9h\u00e9ran pour responsable de ses crimes persistants contre les enfants.<\/p>\n\n\n<div class=\"wp-block-image\">\n<figure class=\"aligncenter size-full\"><img decoding=\"async\" src=\"data:image\/gif;base64,R0lGODlhAQABAIAAAAAAAP\/\/\/yH5BAEAAAAALAAAAAABAAEAAAIBRAA7\" data-src=\"https:\/\/wncri.org\/fr\/wp-content\/uploads\/2025\/06\/NCRI-Women-Against-Child-Labor-4-min.jpg\" alt=\"Forte hausse du travail des enfants en Iran\" class=\"wp-image-22850 lazyload\"\/><noscript><img decoding=\"async\" width=\"750\" height=\"375\" src=\"https:\/\/wncri.org\/fr\/wp-content\/uploads\/2025\/06\/NCRI-Women-Against-Child-Labor-4-min.jpg\" alt=\"Forte hausse du travail des enfants en Iran\" class=\"wp-image-22850 lazyload\" srcset=\"https:\/\/wncri.org\/fr\/wp-content\/uploads\/2025\/06\/NCRI-Women-Against-Child-Labor-4-min.jpg 750w, https:\/\/wncri.org\/fr\/wp-content\/uploads\/2025\/06\/NCRI-Women-Against-Child-Labor-4-min-300x150.jpg 300w, https:\/\/wncri.org\/fr\/wp-content\/uploads\/2025\/06\/NCRI-Women-Against-Child-Labor-4-min-360x180.jpg 360w\" sizes=\"(max-width: 750px) 100vw, 750px\" \/><\/noscript><figcaption class=\"wp-element-caption\">Forte hausse du travail des enfants en Iran<\/figcaption><\/figure>\n<\/div>","protected":false},"excerpt":{"rendered":"<p>L\u2019Iran conna\u00eet une forte hausse du travail des enfants, en particulier dans les centres urbains comme T\u00e9h\u00e9ran, alors que les difficult\u00e9s \u00e9conomiques s\u2019intensifient et que les syst\u00e8mes de protection de l\u2019\u00c9tat continuent de faillir. \u00c0 l\u2019occasion de la Journ\u00e9e mondiale contre le travail des enfants, le 12 juin, nous mettons en lumi\u00e8re la situation tragique [&hellip;]<\/p>\n","protected":false},"author":4,"featured_media":22849,"comment_status":"closed","ping_status":"closed","sticky":false,"template":"","format":"standard","meta":{"jnews-multi-image_gallery":[],"jnews_single_post":{"format":"standard"},"jnews_primary_category":[],"jnews_social_meta":[],"jnews_override_counter":[],"footnotes":""},"categories":[8],"tags":[382,371],"class_list":["post-22846","post","type-post","status-publish","format-standard","has-post-thumbnail","hentry","category-articles","tag-generation-egalite","tag-pauvrete"],"_links":{"self":[{"href":"https:\/\/wncri.org\/fr\/wp-json\/wp\/v2\/posts\/22846","targetHints":{"allow":["GET"]}}],"collection":[{"href":"https:\/\/wncri.org\/fr\/wp-json\/wp\/v2\/posts"}],"about":[{"href":"https:\/\/wncri.org\/fr\/wp-json\/wp\/v2\/types\/post"}],"author":[{"embeddable":true,"href":"https:\/\/wncri.org\/fr\/wp-json\/wp\/v2\/users\/4"}],"replies":[{"embeddable":true,"href":"https:\/\/wncri.org\/fr\/wp-json\/wp\/v2\/comments?post=22846"}],"version-history":[{"count":1,"href":"https:\/\/wncri.org\/fr\/wp-json\/wp\/v2\/posts\/22846\/revisions"}],"predecessor-version":[{"id":22851,"href":"https:\/\/wncri.org\/fr\/wp-json\/wp\/v2\/posts\/22846\/revisions\/22851"}],"wp:featuredmedia":[{"embeddable":true,"href":"https:\/\/wncri.org\/fr\/wp-json\/wp\/v2\/media\/22849"}],"wp:attachment":[{"href":"https:\/\/wncri.org\/fr\/wp-json\/wp\/v2\/media?parent=22846"}],"wp:term":[{"taxonomy":"category","embeddable":true,"href":"https:\/\/wncri.org\/fr\/wp-json\/wp\/v2\/categories?post=22846"},{"taxonomy":"post_tag","embeddable":true,"href":"https:\/\/wncri.org\/fr\/wp-json\/wp\/v2\/tags?post=22846"}],"curies":[{"name":"wp","href":"https:\/\/api.w.org\/{rel}","templated":true}]}}