{"id":22783,"date":"2025-06-02T13:50:59","date_gmt":"2025-06-02T11:50:59","guid":{"rendered":"https:\/\/wncri.org\/fr\/?p=22783"},"modified":"2025-06-07T12:06:05","modified_gmt":"2025-06-07T10:06:05","slug":"prison-de-dowlatabad-a-ispahan-le","status":"publish","type":"post","link":"https:\/\/wncri.org\/fr\/2025\/06\/02\/prison-de-dowlatabad-a-ispahan-le\/","title":{"rendered":"Prison de Dowlatabad \u00e0 Ispahan : le quartier des femmes oubli\u00e9e"},"content":{"rendered":"\n<h4 class=\"wp-block-heading\"><strong>Prison de Dowlatabad<\/strong> : Derri\u00e8re les murs oppressants de la prison de <a href=\"https:\/\/en.wikipedia.org\/wiki\/Dowlatabad,_Isfahan\" target=\"_blank\" rel=\"noreferrer noopener\">Dowlatabad<\/a> \u00e0 Ispahan, se d\u00e9roule une histoire accablante de souffrance et d\u2019exploitation, largement cach\u00e9e aux yeux du public.<\/h4>\n\n\n\n<p>Situ\u00e9e \u00e0 proximit\u00e9 de lieux comme le hall Fadak et le Centre de r\u00e9\u00e9ducation des mineurs, cette prison est non seulement marqu\u00e9e par des conditions sanitaires d\u00e9plorables et un cadre de vie inhumain, mais elle est aussi devenue un lieu d\u2019exploitation syst\u00e9matique des d\u00e9tenues.<\/p>\n\n\n\n<p>Selon une ancienne d\u00e9tenue, les prisonni\u00e8res subissent un environnement insupportable et insalubre, o\u00f9 40 \u00e0 50 personnes sont entass\u00e9es dans de petits espaces, certaines \u00e9tant m\u00eame priv\u00e9es de lit pour dormir. Le manque de produits de premi\u00e8re n\u00e9cessit\u00e9, la propagation de maladies telles que les poux parmi les m\u00e8res et les enfants, les douches glaciales, la p\u00e9nurie de produits d\u2019hygi\u00e8ne, et les restrictions arbitraires ne repr\u00e9sentent qu\u2019une partie des \u00e9preuves auxquelles ces femmes sont confront\u00e9es au quotidien.<\/p>\n\n\n\n<p>Mais l\u2019histoire ne s\u2019arr\u00eate pas l\u00e0. En plus de leurs souffrances multiples, les femmes incarc\u00e9r\u00e9es sont soumises au <a href=\"https:\/\/wncri.org\/fr\/2025\/05\/19\/travail-force-et-abus-systemiques\/\" target=\"_blank\" rel=\"noreferrer noopener\">travail forc\u00e9<\/a> dans une entreprise appel\u00e9e SNOVA. Gr\u00e2ce \u00e0 des contrats lucratifs pass\u00e9s avec les autorit\u00e9s p\u00e9nitentiaires, cette soci\u00e9t\u00e9 exploite la main-d\u2019\u0153uvre non r\u00e9mun\u00e9r\u00e9e des d\u00e9tenues, en tirant des b\u00e9n\u00e9fices financiers qui ne servent pas \u00e0 am\u00e9liorer les conditions de d\u00e9tention, mais enrichissent plut\u00f4t les personnes au pouvoir.<\/p>\n\n\n\n<p>Parmi les b\u00e9n\u00e9ficiaires de cette exploitation figure Mohammad Reza Diani, un homme issu du milieu des \u00e9tudes religieuses, ayant \u00e9galement entretenu des liens avec le gouvernement de Rouhani.<\/p>\n\n\n\n<h3 class=\"wp-block-heading\"><strong>Z\u00e9ro norme d\u2019hygi\u00e8ne : douches froides et absence de produits de base<\/strong><\/h3>\n\n\n\n<p>D\u00e9crivant les conditions sanitaires d\u00e9plorables, l\u2019ancienne d\u00e9tenue t\u00e9moigne :<\/p>\n\n\n\n<p>\u00ab Se laver n\u2019\u00e9tait autoris\u00e9 que certains jours, et en cas de besoin urgent, il fallait supplier les responsables de la prison pour obtenir l\u2019autorisation. M\u00eame dans ce cas, l\u2019eau \u00e9tait toujours glac\u00e9e. Il n\u2019y avait pas de savon liquide dans les salles de bain, et les d\u00e9tenues devaient se contenter du strict minimum pour maintenir leur hygi\u00e8ne personnelle. Ici, rester en bonne sant\u00e9 n\u2019est pas un droit \u2014 c\u2019est un d\u00e9fi. \u00bb<\/p>\n\n\n\n<p>La souffrance de ces femmes reste dissimul\u00e9e derri\u00e8re les murs \u00e9pais de la prison de Dowlatabad. Mais leurs voix ne doivent pas \u00eatre ignor\u00e9es. Mettre en lumi\u00e8re leur situation n\u2019est pas seulement une question de sensibilisation \u2014 c\u2019est une \u00e9tape vers la justice.<\/p>\n","protected":false},"excerpt":{"rendered":"<p>Prison de Dowlatabad : Derri\u00e8re les murs oppressants de la prison de Dowlatabad \u00e0 Ispahan, se d\u00e9roule une histoire accablante de souffrance et d\u2019exploitation, largement cach\u00e9e aux yeux du public. Situ\u00e9e \u00e0 proximit\u00e9 de lieux comme le hall Fadak et le Centre de r\u00e9\u00e9ducation des mineurs, cette prison est non seulement marqu\u00e9e par des conditions [&hellip;]<\/p>\n","protected":false},"author":4,"featured_media":22784,"comment_status":"closed","ping_status":"closed","sticky":false,"template":"","format":"standard","meta":{"jnews-multi-image_gallery":[],"jnews_single_post":{"format":"standard"},"jnews_primary_category":[],"jnews_social_meta":[],"jnews_override_counter":[],"footnotes":""},"categories":[8],"tags":[],"class_list":["post-22783","post","type-post","status-publish","format-standard","has-post-thumbnail","hentry","category-articles"],"_links":{"self":[{"href":"https:\/\/wncri.org\/fr\/wp-json\/wp\/v2\/posts\/22783","targetHints":{"allow":["GET"]}}],"collection":[{"href":"https:\/\/wncri.org\/fr\/wp-json\/wp\/v2\/posts"}],"about":[{"href":"https:\/\/wncri.org\/fr\/wp-json\/wp\/v2\/types\/post"}],"author":[{"embeddable":true,"href":"https:\/\/wncri.org\/fr\/wp-json\/wp\/v2\/users\/4"}],"replies":[{"embeddable":true,"href":"https:\/\/wncri.org\/fr\/wp-json\/wp\/v2\/comments?post=22783"}],"version-history":[{"count":1,"href":"https:\/\/wncri.org\/fr\/wp-json\/wp\/v2\/posts\/22783\/revisions"}],"predecessor-version":[{"id":22785,"href":"https:\/\/wncri.org\/fr\/wp-json\/wp\/v2\/posts\/22783\/revisions\/22785"}],"wp:featuredmedia":[{"embeddable":true,"href":"https:\/\/wncri.org\/fr\/wp-json\/wp\/v2\/media\/22784"}],"wp:attachment":[{"href":"https:\/\/wncri.org\/fr\/wp-json\/wp\/v2\/media?parent=22783"}],"wp:term":[{"taxonomy":"category","embeddable":true,"href":"https:\/\/wncri.org\/fr\/wp-json\/wp\/v2\/categories?post=22783"},{"taxonomy":"post_tag","embeddable":true,"href":"https:\/\/wncri.org\/fr\/wp-json\/wp\/v2\/tags?post=22783"}],"curies":[{"name":"wp","href":"https:\/\/api.w.org\/{rel}","templated":true}]}}