{"id":22729,"date":"2025-05-25T22:43:13","date_gmt":"2025-05-25T20:43:13","guid":{"rendered":"https:\/\/wncri.org\/fr\/?p=22729"},"modified":"2025-05-25T22:43:16","modified_gmt":"2025-05-25T20:43:16","slug":"sakineh-parvaneh-appels-telephoniques","status":"publish","type":"post","link":"https:\/\/wncri.org\/fr\/2025\/05\/25\/sakineh-parvaneh-appels-telephoniques\/","title":{"rendered":"Sakineh Parvaneh, prisonni\u00e8re politique \u00e0 la prison d\u2019Evin, priv\u00e9e d\u2019appels t\u00e9l\u00e9phoniques depuis plus de neuf mois"},"content":{"rendered":"\n<h4 class=\"wp-block-heading\">Sakineh Parvaneh, une <a href=\"https:\/\/wncri.org\/fr\/2025\/02\/25\/sakineh-parvaneh-3\/\" target=\"_blank\" rel=\"noreferrer noopener\">prisonni\u00e8re politique<\/a> d\u00e9tenue dans la <a href=\"https:\/\/wncri.org\/fr\/2021\/12\/10\/les-conditions-des-femmes-prisons\/\" target=\"_blank\" rel=\"noreferrer noopener\">section des femmes de la prison d\u2019Evin<\/a>, est priv\u00e9e du droit de t\u00e9l\u00e9phoner \u00e0 sa famille depuis plus de 9 mois, soit depuis septembre 2024. Cette privation prolong\u00e9e, impos\u00e9e selon des informations disponibles par une directive officielle et sur ordre direct d\u2019un juge, a suscit\u00e9 des critiques, \u00e9tant per\u00e7ue comme un exemple manifeste de l\u2019intensification des pressions exerc\u00e9es sur les prisonniers politiques en Iran.<\/h4>\n\n\n\n<p>Pendant toute cette p\u00e9riode, Mme Parvaneh a protest\u00e9 \u00e0 plusieurs reprises contre cette d\u00e9cision, la qualifiant d\u2019ill\u00e9gale et d\u2019inhumaine. Elle a exig\u00e9 que son droit de communiquer avec sa famille soit r\u00e9tabli. Cependant, ni les autorit\u00e9s de la prison d\u2019Evin ni le pouvoir judiciaire iranien n\u2019ont pris de mesures officielles ou efficaces en r\u00e9ponse.<\/p>\n\n\n\n<p>Cette mesure punitive est largement consid\u00e9r\u00e9e comme faisant partie des politiques syst\u00e9matiques et r\u00e9pressives du r\u00e9gime iranien visant \u00e0 briser la r\u00e9sistance des prisonniers politiques et \u00e0 leur infliger une pression psychologique.<\/p>\n\n\n\n<p>Sakineh Parvaneh a \u00e9t\u00e9 transf\u00e9r\u00e9e de la prison de Vakilabad \u00e0 <a href=\"https:\/\/fr.wikipedia.org\/wiki\/Machhad\" target=\"_blank\" rel=\"noreferrer noopener\">Machhad<\/a> vers la prison d\u2019Evin le 3 avril 2024. Plusieurs mois apr\u00e8s ce transfert, les restrictions impos\u00e9es \u00e0 ses communications persistent.<\/p>\n\n\n\n<p>Cette mesure punitive a \u00e9t\u00e9 prise apr\u00e8s que Sakineh Parvaneh a men\u00e9 une gr\u00e8ve de la faim en mai 2024, pour protester contre les conditions d\u00e9plorables de d\u00e9tention et en solidarit\u00e9 avec les familles ayant perdu leurs enfants lors des manifestations de 2022. Elle a \u00e9t\u00e9 priv\u00e9e de ses appels t\u00e9l\u00e9phoniques \u00e0 partir du 14 septembre 2024, et cette interdiction reste en vigueur \u00e0 ce jour.<\/p>\n\n\n\n<h3 class=\"wp-block-heading\"><strong>Qui est Sakineh Parvaneh ?<\/strong><\/h3>\n\n\n\n<p>Sakineh Parvaneh est n\u00e9e en 1988. Au d\u00e9but de l\u2019automne 2019, elle a \u00e9t\u00e9 arr\u00eat\u00e9e par des agents de s\u00e9curit\u00e9 pour avoir rendu visite \u00e0 sa famille \u00e0 Soleymanieh, dans le Kurdistan irakien. Elle a \u00e9t\u00e9 conduite \u00e0 la fronti\u00e8re irano-irakienne. Elle a \u00e9t\u00e9 d\u00e9tenue pendant dix jours dans les centres de d\u00e9tention de Marivan et de Sanandadj. Elle a ensuite \u00e9t\u00e9 transf\u00e9r\u00e9e \u00e0 la prison d\u2019Evin, \u00e0 T\u00e9h\u00e9ran.<\/p>\n\n\n\n<p>Elle y a subi de rudes interrogatoires sous torture psychologique et physique dans la section 2A, la section 209, et l\u2019unit\u00e9 des femmes de la prison d\u2019Evin. Durant cette p\u00e9riode, elle a \u00e9t\u00e9 priv\u00e9e de visites.<\/p>\n\n\n\n<p>En mars 2020, apr\u00e8s avoir inscrit des graffitis sur les murs de la prison d\u2019Evin, elle a \u00e9t\u00e9 envoy\u00e9e \u00e0 la <a href=\"https:\/\/wncri.org\/fr\/2020\/04\/20\/regard-sur-la-situation-tragique-a-la-prison-pour-femmes-de-qarchak-en-iran\/\" target=\"_blank\" rel=\"noreferrer noopener\">prison tristement c\u00e9l\u00e8bre de Qarchak<\/a>, o\u00f9 elle a \u00e9t\u00e9 plac\u00e9e \u00e0 l\u2019isolement pendant quatre jours, menott\u00e9e et entrav\u00e9e aux pieds. Ensuite, les gardiennes l\u2019ont transf\u00e9r\u00e9e \u00e0 l\u2019h\u00f4pital psychiatrique d\u2019Aminabad, \u00e0 Chahr-e Rey. Apr\u00e8s 25 jours \u00e0 Aminabad, Sakineh Parvaneh a \u00e9t\u00e9 ramen\u00e9e au quartier de quarantaine de la prison de Qarchak.<\/p>\n\n\n\n<p>Le 25 mai 2020, elle a entam\u00e9 une <a href=\"https:\/\/wncri.org\/fr\/2020\/06\/21\/une-prisonniere-politique-kurde-tabassee-a-la-prison-de-qarchak\/\" target=\"_blank\" rel=\"noreferrer noopener\">gr\u00e8ve de la faim<\/a> pour protester contre sa condamnation \u00e0 cinq ans de prison, assortie d\u2019une interdiction de deux ans d\u2019adh\u00e9rer \u00e0 des groupes politiques, et contre des conditions de d\u00e9tention o\u00f9 les d\u00e9tenus ne sont pas s\u00e9par\u00e9s selon la nature de leurs accusations.<\/p>\n\n\n\n<p>Le 4 juillet 2020, elle a \u00e9t\u00e9 ramen\u00e9e \u00e0 la prison d\u2019Evin, portant des traces de coups et des ecchymoses. En ao\u00fbt, elle a \u00e9t\u00e9 condamn\u00e9e \u00e0 deux ann\u00e9es suppl\u00e9mentaires pour \u00ab \u00e9meute en prison \u00bb.<\/p>\n\n\n\n<p>Mme Parvaneh a entam\u00e9 plusieurs <a href=\"https:\/\/wncri.org\/fr\/2020\/09\/03\/deux-femmes-kurdes-entament-une-greve-de-la-faim-a-la-prison-devine-en-iran\/\" target=\"_blank\" rel=\"noreferrer noopener\">gr\u00e8ves de la faim<\/a> \u00e0 la prison d\u2019Evin.<\/p>\n\n\n\n<p>Le 27 octobre 2020, elle a \u00e9t\u00e9 transf\u00e9r\u00e9e de la section des femmes de la prison d\u2019Evin \u00e0 celle de Quchan. Le 9 novembre 2020, elle a \u00e9t\u00e9 plac\u00e9e \u00e0 l\u2019isolement, en r\u00e9ponse \u00e0 sa <a href=\"https:\/\/wncri.org\/fr\/2020\/05\/28\/la-greve-de-la-faim-de-sakineh-parvaneh-un-plaidoyer-pour-les-droits-fondamentaux\/\" target=\"_blank\" rel=\"noreferrer noopener\">gr\u00e8ve de la faim<\/a> entam\u00e9e le 31 octobre pour protester contre un nouveau transfert possible vers la prison d\u2019Ispahan. Au huiti\u00e8me jour de sa gr\u00e8ve de la faim, elle s\u2019est cousu les l\u00e8vres. Dans ces conditions, elle a \u00e9t\u00e9 brutalis\u00e9e et battue par les gardiennes.<\/p>\n\n\n\n<p>Le 13 d\u00e9cembre 2020, Sakineh Parvaneh a \u00e9t\u00e9 <a href=\"https:\/\/wncri.org\/fr\/2020\/12\/16\/prisonniere-politique-sakineh-parvaneh\/\" target=\"_blank\" rel=\"noreferrer noopener\">transf\u00e9r\u00e9e de la prison de Quchan<\/a> vers la prison centrale de Machhad, o\u00f9 elle a \u00e9t\u00e9 priv\u00e9e de visites familiales et interdite de tout appel t\u00e9l\u00e9phonique.<\/p>\n\n\n\n<p>Les Gardiens de la R\u00e9volution (IRGC) ont exerc\u00e9 des pressions sur Mme Parvaneh pour qu\u2019elle fasse des <a href=\"https:\/\/wncri.org\/2020\/05\/19\/political-prisoner-sakineh-parvaneh-beaten-during-7-days-of-interrogation\/\" target=\"_blank\" rel=\"noreferrer noopener\">aveux forc\u00e9s<\/a> contre elle-m\u00eame.<\/p>\n\n\n\n<p>Sakineh Parvaneh purgeait alors sa quatri\u00e8me ann\u00e9e de d\u00e9tention lorsqu\u2019elle a \u00e9t\u00e9 lib\u00e9r\u00e9e de la prison de Vakilabad \u00e0 Machhad, le 15 f\u00e9vrier 2023.<\/p>\n\n\n\n<p>Selon des informations diffus\u00e9es sur les r\u00e9seaux sociaux, les Gardiens de la R\u00e9volution ont confisqu\u00e9 tous les documents d\u2019identit\u00e9 de Sakineh Parvaneh il y a environ quatre ans.<\/p>\n\n\n\n<p>Malgr\u00e9 sa lib\u00e9ration, ses documents ne lui ont jamais \u00e9t\u00e9 restitu\u00e9s. Par cons\u00e9quent, Mme Parvaneh a rencontr\u00e9 de grandes difficult\u00e9s dans des aspects fondamentaux de sa vie : louer un logement, trouver un emploi, acheter une carte SIM pour t\u00e9l\u00e9phone portable, et d\u2019autres d\u00e9marches essentielles.<\/p>\n","protected":false},"excerpt":{"rendered":"<p>Sakineh Parvaneh, une prisonni\u00e8re politique d\u00e9tenue dans la section des femmes de la prison d\u2019Evin, est priv\u00e9e du droit de t\u00e9l\u00e9phoner \u00e0 sa famille depuis plus de 9 mois, soit depuis septembre 2024. Cette privation prolong\u00e9e, impos\u00e9e selon des informations disponibles par une directive officielle et sur ordre direct d\u2019un juge, a suscit\u00e9 des critiques, [&hellip;]<\/p>\n","protected":false},"author":4,"featured_media":22730,"comment_status":"closed","ping_status":"closed","sticky":false,"template":"","format":"standard","meta":{"jnews-multi-image_gallery":[],"jnews_single_post":{"format":"standard"},"jnews_primary_category":[],"jnews_social_meta":[],"jnews_override_counter":[],"footnotes":""},"categories":[3],"tags":[370],"class_list":["post-22729","post","type-post","status-publish","format-standard","has-post-thumbnail","hentry","category-infos-des-femmes","tag-prisonnieres"],"_links":{"self":[{"href":"https:\/\/wncri.org\/fr\/wp-json\/wp\/v2\/posts\/22729","targetHints":{"allow":["GET"]}}],"collection":[{"href":"https:\/\/wncri.org\/fr\/wp-json\/wp\/v2\/posts"}],"about":[{"href":"https:\/\/wncri.org\/fr\/wp-json\/wp\/v2\/types\/post"}],"author":[{"embeddable":true,"href":"https:\/\/wncri.org\/fr\/wp-json\/wp\/v2\/users\/4"}],"replies":[{"embeddable":true,"href":"https:\/\/wncri.org\/fr\/wp-json\/wp\/v2\/comments?post=22729"}],"version-history":[{"count":1,"href":"https:\/\/wncri.org\/fr\/wp-json\/wp\/v2\/posts\/22729\/revisions"}],"predecessor-version":[{"id":22731,"href":"https:\/\/wncri.org\/fr\/wp-json\/wp\/v2\/posts\/22729\/revisions\/22731"}],"wp:featuredmedia":[{"embeddable":true,"href":"https:\/\/wncri.org\/fr\/wp-json\/wp\/v2\/media\/22730"}],"wp:attachment":[{"href":"https:\/\/wncri.org\/fr\/wp-json\/wp\/v2\/media?parent=22729"}],"wp:term":[{"taxonomy":"category","embeddable":true,"href":"https:\/\/wncri.org\/fr\/wp-json\/wp\/v2\/categories?post=22729"},{"taxonomy":"post_tag","embeddable":true,"href":"https:\/\/wncri.org\/fr\/wp-json\/wp\/v2\/tags?post=22729"}],"curies":[{"name":"wp","href":"https:\/\/api.w.org\/{rel}","templated":true}]}}