{"id":22662,"date":"2025-05-15T21:03:31","date_gmt":"2025-05-15T19:03:31","guid":{"rendered":"https:\/\/wncri.org\/fr\/?p=22662"},"modified":"2025-05-15T21:03:33","modified_gmt":"2025-05-15T19:03:33","slug":"mort-tragique-de-raha-ghanbari","status":"publish","type":"post","link":"https:\/\/wncri.org\/fr\/2025\/05\/15\/mort-tragique-de-raha-ghanbari\/","title":{"rendered":"Mort tragique de Raha Ghanbari, 7 ans, apr\u00e8s un empoisonnement au m\u00e9thadone"},"content":{"rendered":"\n<h4 class=\"wp-block-heading\">Raha Ghanbari, une fillette de 7 ans originaire de la ville de <a href=\"https:\/\/fr.wikipedia.org\/wiki\/Qaem-Chahr\" target=\"_blank\" rel=\"noreferrer noopener\">Qaemchahr<\/a>, dans le nord de l\u2019Iran, est d\u00e9c\u00e9d\u00e9e dans la soir\u00e9e du vendredi 10 mai 2025 \u00e0 l\u2019h\u00f4pital Bouali de Sari, apr\u00e8s avoir pass\u00e9 10 jours dans le coma \u00e0 la suite d\u2019un empoisonnement m\u00e9dicamenteux.<\/h4>\n\n\n\n<p>Depuis environ cinq mois, Raha Ghanbari \u00e9tait secr\u00e8tement et progressivement empoisonn\u00e9e avec du sirop de m\u00e9thadone par sa belle-m\u00e8re, dans un acte de maltraitance choquant. Raha, qui avait perdu sa m\u00e8re biologique plus t\u00f4t, vivait alors avec son p\u00e8re et son fr\u00e8re.<\/p>\n\n\n\n<p>Le jeudi 1er mai, Raha a commenc\u00e9 \u00e0 pr\u00e9senter de graves sympt\u00f4mes d\u2019empoisonnement. Elle a ensuite \u00e9t\u00e9 diagnostiqu\u00e9e avec des complications graves dues \u00e0 une forte dose de m\u00e9thadone, notamment un \u0153d\u00e8me c\u00e9r\u00e9bral, plusieurs arr\u00eats cardiaques, des h\u00e9morragies internes et une chute brutale de la conscience, menant finalement \u00e0 un coma profond.<\/p>\n\n\n\n<p>Selon certains rapports, le p\u00e8re de Raha aurait initialement refus\u00e9 d\u2019engager des poursuites judiciaires contre son \u00e9pouse. Toutefois, certaines sources locales indiquent que le p\u00e8re et la belle-m\u00e8re ont depuis \u00e9t\u00e9 arr\u00eat\u00e9s par les autorit\u00e9s judiciaires.<\/p>\n\n\n\n<p>En derni\u00e8re analyse, la cause profonde doit \u00eatre attribu\u00e9e au r\u00e9gime cl\u00e9rical inhumain, qui est \u00e0 l\u2019origine des d\u00e9r\u00e8glements de cette p\u00e9riode de l\u2019histoire de l\u2019Iran. Les femmes et les filles sont les principales victimes de l\u2019id\u00e9ologie et de la politique inhumaines du r\u00e9gime.<\/p>\n\n\n\n<p>Le r\u00e9gime des mollahs est signataire de la <a href=\"https:\/\/www.ohchr.org\/fr\/instruments-mechanisms\/instruments\/convention-rights-child\" target=\"_blank\" rel=\"noreferrer noopener\">Convention relative aux droits de l\u2019enfant<\/a>, mais il ne prend aucune mesure pour prot\u00e9ger ou garantir les droits et la vie des enfants en Iran, en particulier les droits et la s\u00e9curit\u00e9 des jeunes filles.<\/p>\n\n\n\n<p><a href=\"https:\/\/wncri.org\/fr\/2020\/10\/07\/le-projet-de-loi-sur-la-protection-des-enfants-et-adolescents-ne-protege-pas-les-filles\/\" target=\"_blank\" rel=\"noreferrer noopener\">L\u2019absence de criminalisation de la maltraitance des enfants<\/a> et l\u2019imposition de peines disproportionn\u00e9es aux agresseurs ont contribu\u00e9 \u00e0 la propagation de ce ph\u00e9nom\u00e8ne en Iran. Les abus envers les enfants, en particulier les jeunes filles, comptent parmi les fl\u00e9aux sociaux les plus r\u00e9pandus dans le pays.<\/p>\n\n\n\n<p><\/p>\n","protected":false},"excerpt":{"rendered":"<p>Raha Ghanbari, une fillette de 7 ans originaire de la ville de Qaemchahr, dans le nord de l\u2019Iran, est d\u00e9c\u00e9d\u00e9e dans la soir\u00e9e du vendredi 10 mai 2025 \u00e0 l\u2019h\u00f4pital Bouali de Sari, apr\u00e8s avoir pass\u00e9 10 jours dans le coma \u00e0 la suite d\u2019un empoisonnement m\u00e9dicamenteux. Depuis environ cinq mois, Raha Ghanbari \u00e9tait secr\u00e8tement [&hellip;]<\/p>\n","protected":false},"author":4,"featured_media":22663,"comment_status":"closed","ping_status":"closed","sticky":false,"template":"","format":"standard","meta":{"jnews-multi-image_gallery":[],"jnews_single_post":{"format":"standard"},"jnews_primary_category":[],"jnews_social_meta":[],"jnews_override_counter":[],"footnotes":""},"categories":[3],"tags":[366,376],"class_list":["post-22662","post","type-post","status-publish","format-standard","has-post-thumbnail","hentry","category-infos-des-femmes","tag-la-petite-fille","tag-violence-contre-les-femmes"],"_links":{"self":[{"href":"https:\/\/wncri.org\/fr\/wp-json\/wp\/v2\/posts\/22662","targetHints":{"allow":["GET"]}}],"collection":[{"href":"https:\/\/wncri.org\/fr\/wp-json\/wp\/v2\/posts"}],"about":[{"href":"https:\/\/wncri.org\/fr\/wp-json\/wp\/v2\/types\/post"}],"author":[{"embeddable":true,"href":"https:\/\/wncri.org\/fr\/wp-json\/wp\/v2\/users\/4"}],"replies":[{"embeddable":true,"href":"https:\/\/wncri.org\/fr\/wp-json\/wp\/v2\/comments?post=22662"}],"version-history":[{"count":1,"href":"https:\/\/wncri.org\/fr\/wp-json\/wp\/v2\/posts\/22662\/revisions"}],"predecessor-version":[{"id":22664,"href":"https:\/\/wncri.org\/fr\/wp-json\/wp\/v2\/posts\/22662\/revisions\/22664"}],"wp:featuredmedia":[{"embeddable":true,"href":"https:\/\/wncri.org\/fr\/wp-json\/wp\/v2\/media\/22663"}],"wp:attachment":[{"href":"https:\/\/wncri.org\/fr\/wp-json\/wp\/v2\/media?parent=22662"}],"wp:term":[{"taxonomy":"category","embeddable":true,"href":"https:\/\/wncri.org\/fr\/wp-json\/wp\/v2\/categories?post=22662"},{"taxonomy":"post_tag","embeddable":true,"href":"https:\/\/wncri.org\/fr\/wp-json\/wp\/v2\/tags?post=22662"}],"curies":[{"name":"wp","href":"https:\/\/api.w.org\/{rel}","templated":true}]}}