{"id":22629,"date":"2025-05-12T20:58:08","date_gmt":"2025-05-12T18:58:08","guid":{"rendered":"https:\/\/wncri.org\/fr\/?p=22629"},"modified":"2025-05-12T20:58:09","modified_gmt":"2025-05-12T18:58:09","slug":"incendie-dun-van-scolaire-a-ourmia","status":"publish","type":"post","link":"https:\/\/wncri.org\/fr\/2025\/05\/12\/incendie-dun-van-scolaire-a-ourmia\/","title":{"rendered":"Incendie d\u2019un van scolaire \u00e0 Ourmia : une jeune \u00e9l\u00e8ve perd la vie"},"content":{"rendered":"\n<h4 class=\"wp-block-heading\">Le samedi 10 mai, Mahsa Asghari, une jeune \u00e9coli\u00e8re gravement br\u00fbl\u00e9e <a href=\"https:\/\/wncri.org\/fr\/2025\/05\/02\/incendie-dun-minibus-scolaire-a-ourmia\/\" target=\"_blank\" rel=\"noreferrer noopener\">dans l\u2019incendie d\u2019un van scolaire<\/a> \u00e0 <a href=\"https:\/\/fr.wikipedia.org\/wiki\/Ourmia\" target=\"_blank\" rel=\"noreferrer noopener\">Ourmia<\/a>, a succomb\u00e9 \u00e0 ses blessures.<\/h4>\n\n\n\n<p>Le drame s\u2019est produit le 29 avril, lorsqu\u2019un van scolaire transportant neuf \u00e9l\u00e8ves filles a pris feu apr\u00e8s un accident de la route. Les neuf \u00e9l\u00e8ves ont \u00e9t\u00e9 bless\u00e9es, souffrant de br\u00fblures plus ou moins graves.<\/p>\n\n\n\n<p>Mahsa a d\u2019abord \u00e9t\u00e9 hospitalis\u00e9e \u00e0 Ourmia, avant d\u2019\u00eatre transf\u00e9r\u00e9e dans un centre sp\u00e9cialis\u00e9 pour grands br\u00fbl\u00e9s \u00e0 T\u00e9h\u00e9ran. Malgr\u00e9 des soins intensifs, elle est d\u00e9c\u00e9d\u00e9e des suites de ses blessures.<\/p>\n\n\n\n<p>Les huit autres \u00e9l\u00e8ves sont en convalescence \u00e0 domicile apr\u00e8s avoir re\u00e7u un traitement m\u00e9dical initial.<\/p>\n\n\n\n<p>Cet \u00e9v\u00e9nement tragique met une nouvelle fois en lumi\u00e8re la d\u00e9gradation alarmante du parc de transports publics en Iran, notamment des v\u00e9hicules de transport scolaire.<\/p>\n\n\n\n<p>Ces accidents, en particulier lorsqu\u2019ils impliquent des enfants, sont les cons\u00e9quences directes des d\u00e9faillances structurelles du pays. V\u00e9hicules v\u00e9tustes, absence de normes de s\u00e9curit\u00e9 et \u00e9tat d\u00e9plorable des routes comptent parmi les facteurs persistants qui mettent quotidiennement des vies en danger.<\/p>\n\n\n\n<p>D\u2019apr\u00e8s les statistiques officielles, plus de 20 000 personnes meurent chaque ann\u00e9e dans des <a href=\"https:\/\/wncri.org\/fr\/2025\/03\/31\/20-000-meurent-les-routes-iraniennes\/\" target=\"_blank\" rel=\"noreferrer noopener\">accidents de la route<\/a> en Iran, et entre 200 000 et 300 000 sont bless\u00e9es, handicap\u00e9es ou alit\u00e9es \u00e0 long terme.<br>(<em>Arman-e Emrouz, 9 mars 2025<\/em>)<\/p>\n\n\n\n<p>Alors que l\u2019Iran a urgemment besoin de moderniser ses infrastructures de transport et d\u2019investir dans la s\u00e9curit\u00e9 publique, le r\u00e9gime continue de d\u00e9tourner des ressources vitales, y compris les revenus p\u00e9troliers, au profit du d\u00e9veloppement de missiles, des interventions militaires r\u00e9gionales et de la r\u00e9pression int\u00e9rieure, au lieu de donner la priorit\u00e9 au bien-\u00eatre de ses citoyens.<\/p>\n","protected":false},"excerpt":{"rendered":"<p>Le samedi 10 mai, Mahsa Asghari, une jeune \u00e9coli\u00e8re gravement br\u00fbl\u00e9e dans l\u2019incendie d\u2019un van scolaire \u00e0 Ourmia, a succomb\u00e9 \u00e0 ses blessures. Le drame s\u2019est produit le 29 avril, lorsqu\u2019un van scolaire transportant neuf \u00e9l\u00e8ves filles a pris feu apr\u00e8s un accident de la route. Les neuf \u00e9l\u00e8ves ont \u00e9t\u00e9 bless\u00e9es, souffrant de br\u00fblures [&hellip;]<\/p>\n","protected":false},"author":4,"featured_media":22630,"comment_status":"closed","ping_status":"closed","sticky":false,"template":"","format":"standard","meta":{"jnews-multi-image_gallery":[],"jnews_single_post":{"format":"standard"},"jnews_primary_category":[],"jnews_social_meta":[],"jnews_override_counter":[],"footnotes":""},"categories":[3],"tags":[366],"class_list":["post-22629","post","type-post","status-publish","format-standard","has-post-thumbnail","hentry","category-infos-des-femmes","tag-la-petite-fille"],"_links":{"self":[{"href":"https:\/\/wncri.org\/fr\/wp-json\/wp\/v2\/posts\/22629","targetHints":{"allow":["GET"]}}],"collection":[{"href":"https:\/\/wncri.org\/fr\/wp-json\/wp\/v2\/posts"}],"about":[{"href":"https:\/\/wncri.org\/fr\/wp-json\/wp\/v2\/types\/post"}],"author":[{"embeddable":true,"href":"https:\/\/wncri.org\/fr\/wp-json\/wp\/v2\/users\/4"}],"replies":[{"embeddable":true,"href":"https:\/\/wncri.org\/fr\/wp-json\/wp\/v2\/comments?post=22629"}],"version-history":[{"count":1,"href":"https:\/\/wncri.org\/fr\/wp-json\/wp\/v2\/posts\/22629\/revisions"}],"predecessor-version":[{"id":22631,"href":"https:\/\/wncri.org\/fr\/wp-json\/wp\/v2\/posts\/22629\/revisions\/22631"}],"wp:featuredmedia":[{"embeddable":true,"href":"https:\/\/wncri.org\/fr\/wp-json\/wp\/v2\/media\/22630"}],"wp:attachment":[{"href":"https:\/\/wncri.org\/fr\/wp-json\/wp\/v2\/media?parent=22629"}],"wp:term":[{"taxonomy":"category","embeddable":true,"href":"https:\/\/wncri.org\/fr\/wp-json\/wp\/v2\/categories?post=22629"},{"taxonomy":"post_tag","embeddable":true,"href":"https:\/\/wncri.org\/fr\/wp-json\/wp\/v2\/tags?post=22629"}],"curies":[{"name":"wp","href":"https:\/\/api.w.org\/{rel}","templated":true}]}}