{"id":2258,"date":"2017-05-11T23:03:35","date_gmt":"2017-05-11T23:03:35","guid":{"rendered":"https:\/\/wncri.org\/frdev\/2017\/05\/11\/iran-amnesty-appelle-a-une-action-urgente-sur-atena-daemi\/"},"modified":"2017-05-11T23:03:35","modified_gmt":"2017-05-11T23:03:35","slug":"iran-amnesty-appelle-a-une-action-urgente-sur-atena-daemi","status":"publish","type":"post","link":"https:\/\/wncri.org\/fr\/2017\/05\/11\/iran-amnesty-appelle-a-une-action-urgente-sur-atena-daemi\/","title":{"rendered":"Iran: Amnesty appelle \u00e0 une action urgente sur Atena Daemi"},"content":{"rendered":"<p>CNRI Femmes &#8211; Amnesty International a publi\u00e9 une action urgente le 9 mai, appelant \u00e0 l&#8217;hospitalisation imm\u00e9diate d&#8217;Atena Daemi apr\u00e8s 31 jours de gr\u00e8ve de la faim.<\/p>\n<p>  <!--more-->  <\/p>\n<p>\u00ab\u00a0Apr\u00e8s 31 jours de gr\u00e8ve de la faim dans la prison d&#8217;Evine de T\u00e9h\u00e9ran, la d\u00e9fenseur iranienne des droits humains, Atena Daemi, est en mauvaise sant\u00e9 et n\u00e9cessite une hospitalisation imm\u00e9diate\u00a0\u00bb, a d\u00e9clar\u00e9 Amnesty.Elle a \u00e9t\u00e9 bri\u00e8vement hospitalis\u00e9e hors de prison le 8 mai pour des examens m\u00e9dicaux, mais elle a \u00e9t\u00e9 renvoy\u00e9e en prison avant m\u00eame que les r\u00e9sultats ne se soient rendus. Les m\u00e9decins ont pr\u00e9venu que son infection des reins a atteint des niveaux critiques et qu&#8217;elle a besoin d&#8217;une hospitalisation imm\u00e9diate.Amnesty a demand\u00e9 aux membres d&#8217;\u00e9crire imm\u00e9diatement aux autorit\u00e9s iraniennes en les exhortant \u00e0 lib\u00e9rer Atena Daemi de fa\u00e7on imm\u00e9diate et inconditionnelle, de veiller \u00e0 ce qu&#8217;elle ait acc\u00e8s \u00e0 des soins de sant\u00e9 qualifi\u00e9s, d&#8217;annuler les condamnations et les peines de ses s\u0153urs Hanieh et Ensieh Daemi et d&#8217;enqu\u00eater sur les all\u00e9gations de torture et d\u2019autres malades d&#8217;Atena, y compris le fait de subir des actes de violence lors de son arrestation en novembre 2016, et de veiller \u00e0 ce que les responsables soient traduits en justice dans un proc\u00e8s \u00e9quitables.<\/p>\n<p>\u00a0<\/p>\n","protected":false},"excerpt":{"rendered":"<p>CNRI Femmes &#8211; Amnesty International a publi\u00e9 une action urgente le 9 mai, appelant \u00e0 l&#8217;hospitalisation imm\u00e9diate d&#8217;Atena Daemi apr\u00e8s 31 jours de gr\u00e8ve de la faim.<\/p>\n","protected":false},"author":1,"featured_media":4868,"comment_status":"open","ping_status":"open","sticky":false,"template":"","format":"standard","meta":{"jnews-multi-image_gallery":[],"jnews_single_post":[],"jnews_primary_category":[],"jnews_social_meta":[],"jnews_override_counter":[],"footnotes":""},"categories":[3],"tags":[],"class_list":["post-2258","post","type-post","status-publish","format-standard","has-post-thumbnail","hentry","category-infos-des-femmes"],"_links":{"self":[{"href":"https:\/\/wncri.org\/fr\/wp-json\/wp\/v2\/posts\/2258","targetHints":{"allow":["GET"]}}],"collection":[{"href":"https:\/\/wncri.org\/fr\/wp-json\/wp\/v2\/posts"}],"about":[{"href":"https:\/\/wncri.org\/fr\/wp-json\/wp\/v2\/types\/post"}],"author":[{"embeddable":true,"href":"https:\/\/wncri.org\/fr\/wp-json\/wp\/v2\/users\/1"}],"replies":[{"embeddable":true,"href":"https:\/\/wncri.org\/fr\/wp-json\/wp\/v2\/comments?post=2258"}],"version-history":[{"count":0,"href":"https:\/\/wncri.org\/fr\/wp-json\/wp\/v2\/posts\/2258\/revisions"}],"wp:featuredmedia":[{"embeddable":true,"href":"https:\/\/wncri.org\/fr\/wp-json\/wp\/v2\/media\/4868"}],"wp:attachment":[{"href":"https:\/\/wncri.org\/fr\/wp-json\/wp\/v2\/media?parent=2258"}],"wp:term":[{"taxonomy":"category","embeddable":true,"href":"https:\/\/wncri.org\/fr\/wp-json\/wp\/v2\/categories?post=2258"},{"taxonomy":"post_tag","embeddable":true,"href":"https:\/\/wncri.org\/fr\/wp-json\/wp\/v2\/tags?post=2258"}],"curies":[{"name":"wp","href":"https:\/\/api.w.org\/{rel}","templated":true}]}}