{"id":22488,"date":"2025-05-03T14:48:10","date_gmt":"2025-05-03T12:48:10","guid":{"rendered":"https:\/\/wncri.org\/fr\/?p=22488"},"modified":"2025-05-03T14:48:12","modified_gmt":"2025-05-03T12:48:12","slug":"nasrin-hassani-detenue","status":"publish","type":"post","link":"https:\/\/wncri.org\/fr\/2025\/05\/03\/nasrin-hassani-detenue\/","title":{"rendered":"La journaliste emprisonn\u00e9e Nasrin Hassani d\u00e9tenue dans des conditions difficiles"},"content":{"rendered":"\n<h4 class=\"wp-block-heading\">Nasrin Hassani, journaliste et militante des m\u00e9dias, purge actuellement sa peine de prison dans la <a href=\"https:\/\/wncri.org\/fr\/2021\/12\/10\/les-conditions-des-femmes-prisons\/\" target=\"_blank\" rel=\"noreferrer noopener\">prison de Bodjnourd<\/a>, dans des conditions dures et contraires \u00e0 la loi, sans respect de la s\u00e9paration l\u00e9gale des d\u00e9tenus selon la nature de leurs infractions.<\/h4>\n\n\n\n<p>Faisant face \u00e0 trois affaires judiciaires distinctes, Mme Hassani a \u00e9t\u00e9 condamn\u00e9e \u00e0 un total de 25 mois d&#8217;emprisonnement. Elle est d\u00e9tenue aux c\u00f4t\u00e9s de personnes condamn\u00e9es pour des crimes non politiques.<\/p>\n\n\n\n<p>Au cours des derni\u00e8res semaines, les autorit\u00e9s ont rejet\u00e9 sa demande de lib\u00e9ration conditionnelle. La fusion de ses dossiers judiciaires reste en suspens, ce qui maintient une incertitude juridique et lui inflige une pression psychologique accrue.<\/p>\n\n\n\n<p>Nasrin Hassani, m\u00e8re d\u2019un adolescent, avait perdu son emploi avant son arrestation, en raison du harc\u00e8lement persistant et des pressions exerc\u00e9es par les services de s\u00e9curit\u00e9 \u00e0 Bodjnourd. Elle vivait, avec son fils, dans une situation de grande pr\u00e9carit\u00e9 \u00e9conomique. D\u00e9sormais, en son absence, son fils est contraint de vivre seul, sans soutien parental, supportant le poids \u00e9motionnel et financier de l\u2019emprisonnement de sa m\u00e8re.<\/p>\n\n\n\n<p>Ancienne r\u00e9dactrice en chef de l\u2019hebdomadaire Siyahat Shargh, Nasrin Hassani a <a href=\"https:\/\/wncri.org\/fr\/2024\/07\/28\/nassrin-hassani\/\" target=\"_blank\" rel=\"noreferrer noopener\">\u00e9t\u00e9 arr\u00eat\u00e9e<\/a> par les forces de s\u00e9curit\u00e9 en octobre 2022, lors des manifestations nationales en Iran.<\/p>\n\n\n\n<p>Le 11 novembre 2023, la branche 103 du tribunal p\u00e9nal de <a href=\"https:\/\/fr.wikipedia.org\/wiki\/Bodjnourd\" target=\"_blank\" rel=\"noreferrer noopener\">Bodjnourd<\/a> l\u2019a condamn\u00e9e \u00e0 sept mois de prison pour \u201cpropagation de fausses informations\u201d et \u00e0 une amende d\u2019un million de tomans pour \u201cviolation du code vestimentaire islamique en public\u201d. En d\u00e9cembre 2023, la branche 1 du tribunal r\u00e9volutionnaire de Bodjnourd lui a inflig\u00e9 une peine d\u2019un an de prison suppl\u00e9mentaire pour \u201cactivit\u00e9s de propagande contre l\u2019\u00c9tat\u201d via la publication de photos et vid\u00e9os sur les r\u00e9seaux sociaux. Ce verdict a \u00e9t\u00e9 confirm\u00e9 par la branche 2 de la cour d\u2019appel du Khorassan du Nord.<\/p>\n\n\n\n<p>Le 4 f\u00e9vrier 2024, Nasrin Hassani a \u00e9t\u00e9 convoqu\u00e9e \u00e0 la branche 2 du bureau d\u2019ex\u00e9cution p\u00e9nale du parquet g\u00e9n\u00e9ral et r\u00e9volutionnaire de Bodjnourd, o\u00f9 elle a \u00e9t\u00e9 plac\u00e9e en d\u00e9tention et transf\u00e9r\u00e9e \u00e0 la prison de Bodjnourd pour <a href=\"https:\/\/wncri.org\/fr\/2024\/02\/05\/nasrin-hassani-journaliste\/\" target=\"_blank\" rel=\"noreferrer noopener\">commencer \u00e0 purger sa peine<\/a>. Ses accusations sont li\u00e9es \u00e0 des pr\u00e9sum\u00e9es diffusions mensong\u00e8res sur les r\u00e9seaux sociaux.<\/p>\n\n\n\n<p>Avant son incarc\u00e9ration, Nasrin Hassani a adress\u00e9 un message au public, d\u00e9clarant :<br>\u00ab Je reste fid\u00e8le \u00e0 mon engagement envers la libert\u00e9. \u00bb<\/p>\n","protected":false},"excerpt":{"rendered":"<p>Nasrin Hassani, journaliste et militante des m\u00e9dias, purge actuellement sa peine de prison dans la prison de Bodjnourd, dans des conditions dures et contraires \u00e0 la loi, sans respect de la s\u00e9paration l\u00e9gale des d\u00e9tenus selon la nature de leurs infractions. Faisant face \u00e0 trois affaires judiciaires distinctes, Mme Hassani a \u00e9t\u00e9 condamn\u00e9e \u00e0 un [&hellip;]<\/p>\n","protected":false},"author":4,"featured_media":21764,"comment_status":"closed","ping_status":"closed","sticky":false,"template":"","format":"standard","meta":{"jnews-multi-image_gallery":[],"jnews_single_post":{"format":"standard"},"jnews_primary_category":[],"jnews_social_meta":[],"jnews_override_counter":[],"footnotes":""},"categories":[3],"tags":[370],"class_list":["post-22488","post","type-post","status-publish","format-standard","has-post-thumbnail","hentry","category-infos-des-femmes","tag-prisonnieres"],"_links":{"self":[{"href":"https:\/\/wncri.org\/fr\/wp-json\/wp\/v2\/posts\/22488","targetHints":{"allow":["GET"]}}],"collection":[{"href":"https:\/\/wncri.org\/fr\/wp-json\/wp\/v2\/posts"}],"about":[{"href":"https:\/\/wncri.org\/fr\/wp-json\/wp\/v2\/types\/post"}],"author":[{"embeddable":true,"href":"https:\/\/wncri.org\/fr\/wp-json\/wp\/v2\/users\/4"}],"replies":[{"embeddable":true,"href":"https:\/\/wncri.org\/fr\/wp-json\/wp\/v2\/comments?post=22488"}],"version-history":[{"count":1,"href":"https:\/\/wncri.org\/fr\/wp-json\/wp\/v2\/posts\/22488\/revisions"}],"predecessor-version":[{"id":22489,"href":"https:\/\/wncri.org\/fr\/wp-json\/wp\/v2\/posts\/22488\/revisions\/22489"}],"wp:featuredmedia":[{"embeddable":true,"href":"https:\/\/wncri.org\/fr\/wp-json\/wp\/v2\/media\/21764"}],"wp:attachment":[{"href":"https:\/\/wncri.org\/fr\/wp-json\/wp\/v2\/media?parent=22488"}],"wp:term":[{"taxonomy":"category","embeddable":true,"href":"https:\/\/wncri.org\/fr\/wp-json\/wp\/v2\/categories?post=22488"},{"taxonomy":"post_tag","embeddable":true,"href":"https:\/\/wncri.org\/fr\/wp-json\/wp\/v2\/tags?post=22488"}],"curies":[{"name":"wp","href":"https:\/\/api.w.org\/{rel}","templated":true}]}}